{"id":4000,"date":"2022-10-21T13:57:04","date_gmt":"2022-10-21T17:57:04","guid":{"rendered":"https:\/\/www.genealogiequebec.com\/blog\/?p=4000\/"},"modified":"2022-10-25T13:14:24","modified_gmt":"2022-10-25T17:14:24","slug":"german-migration-to-new-france","status":"publish","type":"post","link":"https:\/\/www.genealogiequebec.com\/blog\/en\/2022\/10\/21\/german-migration-to-new-france\/","title":{"rendered":"German migration to New France"},"content":{"rendered":"\n<figure class=\"wp-block-image size-large is-resized\"><img decoding=\"async\" src=\"https:\/\/www.genealogiequebec.com\/blog\/wp-content\/uploads\/2021\/07\/IGD-large-EN-1024x338.png\" alt=\"\" class=\"wp-image-2680\" width=\"394\" height=\"130\"\/><\/figure>\n\n\n\n<p class=\"has-small-font-size\">(The first article of this series can be found <a href=\"https:\/\/www.genealogiequebec.com\/blog\/en\/2022\/08\/24\/the-german-presence-in-quebec\/\" target=\"_blank\" rel=\"noreferrer noopener\">here<\/a>.)<\/p>\n\n\n\n<p>My name is Claude Cr\u00e9gheur, and in this second article of my series on the German presence in Quebec, I will focus on Germanic migration during the New France era.<\/p>\n\n\n\n<p>The first marriage of a German found in the registers of Notre-Dame de Qu\u00e9bec is that of Hans Bernhardt and Marie de Bure, widow of Gilles Enart, on December 27, 1666.<\/p>\n\n\n\n<div class=\"wp-block-image\"><figure class=\"aligncenter size-large is-resized\"><a href=\"https:\/\/www.genealogiequebec.com\/blog\/wp-content\/uploads\/2022\/09\/hans-bernhardt-EN-e1663266212362.png\"><img decoding=\"async\" src=\"https:\/\/www.genealogiequebec.com\/blog\/wp-content\/uploads\/2022\/09\/hans-bernhardt-EN-e1663266212362-1024x499.png\" alt=\"Marriage of Hans Bernhardt and Marie de Bure from the register of Notre-Dame-de-Qu\u00e9bec\" class=\"wp-image-3906\" width=\"682\" height=\"332\" srcset=\"https:\/\/www.genealogiequebec.com\/blog\/wp-content\/uploads\/2022\/09\/hans-bernhardt-EN-e1663266212362-1024x499.png 1024w, https:\/\/www.genealogiequebec.com\/blog\/wp-content\/uploads\/2022\/09\/hans-bernhardt-EN-e1663266212362-300x146.png 300w, https:\/\/www.genealogiequebec.com\/blog\/wp-content\/uploads\/2022\/09\/hans-bernhardt-EN-e1663266212362-768x374.png 768w, https:\/\/www.genealogiequebec.com\/blog\/wp-content\/uploads\/2022\/09\/hans-bernhardt-EN-e1663266212362-1536x748.png 1536w, https:\/\/www.genealogiequebec.com\/blog\/wp-content\/uploads\/2022\/09\/hans-bernhardt-EN-e1663266212362.png 1920w\" sizes=\"(max-width: 682px) 100vw, 682px\" \/><\/a><figcaption>Marriage of Hans Bernhardt and Marie de Bure from the register of Notre-Dame-de-Qu\u00e9bec<br>Source: Record 66714, LAFRANCE, <a href=\"https:\/\/www.genealogiequebec.com\/en\/\" target=\"_blank\" rel=\"noreferrer noopener\">GenealogyQuebec.com<\/a><\/figcaption><\/figure><\/div>\n\n\n\n<p>The marriage is under the name Jean Bernard, a surname which will survive him. The record indicates that he was from &#8220;the parish of Ste-Croix de Thionville, diocese of Tr\u00e8ves in Germany&#8221;; Thionville is in Lorraine, which is now French territory.<\/p>\n\n\n\n<p>In 1666, the Duchy of Lorraine was also French. Indeed, France had annexed it to its territory in 1648, as well as Alsace, following the Thirty Years&#8217; War. In 1860, Berlin demanded the return of the two provinces according to the principles of nationalities defined by language. Germany got its wish through the Treaty of Frankfurt on May 10, 1871, after the French defeat in the Franco-Prussian War. This political entity then took the name of Reichsland Elsa\u00df-Lothringen.<\/p>\n\n\n\n<p>Among the contemporaries of Hans Bernhardt, we have Georg Stems married to Marie Perodeau on September 16, 1669 at Notre-Dame de Qu\u00e9bec. Georg, a stonemason, was from the city of Luzern in Switzerland.<\/p>\n\n\n\n<figure class=\"wp-block-image size-large\"><a href=\"https:\/\/www.genealogiequebec.com\/blog\/wp-content\/uploads\/2022\/09\/george-stems-EN-e1663267972367.png\"><img decoding=\"async\" width=\"1024\" height=\"499\" src=\"https:\/\/www.genealogiequebec.com\/blog\/wp-content\/uploads\/2022\/09\/george-stems-EN-e1663267972367-1024x499.png\" alt=\"Marriage of Georg Stems and Marie Perodeau from the register of Notre-Dame-de-Qu\u00e9bec\" class=\"wp-image-3908\" srcset=\"https:\/\/www.genealogiequebec.com\/blog\/wp-content\/uploads\/2022\/09\/george-stems-EN-e1663267972367-1024x499.png 1024w, https:\/\/www.genealogiequebec.com\/blog\/wp-content\/uploads\/2022\/09\/george-stems-EN-e1663267972367-300x146.png 300w, https:\/\/www.genealogiequebec.com\/blog\/wp-content\/uploads\/2022\/09\/george-stems-EN-e1663267972367-768x374.png 768w, https:\/\/www.genealogiequebec.com\/blog\/wp-content\/uploads\/2022\/09\/george-stems-EN-e1663267972367-1536x749.png 1536w, https:\/\/www.genealogiequebec.com\/blog\/wp-content\/uploads\/2022\/09\/george-stems-EN-e1663267972367.png 1920w\" sizes=\"(max-width: 767px) 89vw, (max-width: 1000px) 54vw, (max-width: 1071px) 543px, 580px\" \/><\/a><figcaption>Marriage of Georg Stems and Marie Perodeau from the register of Notre-Dame-de-Qu\u00e9bec<br>Source: Record 66846, LAFRANCE,  <a href=\"https:\/\/www.genealogiequebec.com\/en\/\" target=\"_blank\" rel=\"noreferrer noopener\">GenealogyQuebec.com<\/a> <\/figcaption><\/figure>\n\n\n\n<p>We then have Peter Mahler married to Jeanne Gueneville on November 3, 1671, also at Notre-Dame de Qu\u00e9bec. He is said to have originated from Escalis in Germany. As this city does not exist, it was surely a bad reading or transcription of what Henri de Berni\u00e8res, the celebrant, heard.<\/p>\n\n\n\n<figure class=\"wp-block-image size-large\"><a href=\"https:\/\/www.genealogiequebec.com\/blog\/wp-content\/uploads\/2022\/09\/pierre-malleur-EN-e1663697903524.png\"><img decoding=\"async\" width=\"1024\" height=\"498\" src=\"https:\/\/www.genealogiequebec.com\/blog\/wp-content\/uploads\/2022\/09\/pierre-malleur-EN-e1663697903524-1024x498.png\" alt=\"Marriage of Peter Mahler and Jeanne Gueneville from the register of Notre-Dame-de-Qu\u00e9bec\" class=\"wp-image-3911\" srcset=\"https:\/\/www.genealogiequebec.com\/blog\/wp-content\/uploads\/2022\/09\/pierre-malleur-EN-e1663697903524-1024x498.png 1024w, https:\/\/www.genealogiequebec.com\/blog\/wp-content\/uploads\/2022\/09\/pierre-malleur-EN-e1663697903524-300x146.png 300w, https:\/\/www.genealogiequebec.com\/blog\/wp-content\/uploads\/2022\/09\/pierre-malleur-EN-e1663697903524-768x374.png 768w, https:\/\/www.genealogiequebec.com\/blog\/wp-content\/uploads\/2022\/09\/pierre-malleur-EN-e1663697903524-1536x748.png 1536w, https:\/\/www.genealogiequebec.com\/blog\/wp-content\/uploads\/2022\/09\/pierre-malleur-EN-e1663697903524.png 1919w\" sizes=\"(max-width: 767px) 89vw, (max-width: 1000px) 54vw, (max-width: 1071px) 543px, 580px\" \/><\/a><figcaption>Marriage of Peter Mahler and Jeanne Gueneville from the register of Notre-Dame-de-Qu\u00e9bec<br>Source: Record 67023, LAFRANCE,  <a href=\"https:\/\/www.genealogiequebec.com\/en\/\" target=\"_blank\" rel=\"noreferrer noopener\">GenealogyQuebec.com<\/a> <\/figcaption><\/figure>\n\n\n\n<p>We should also mention L\u00e9onard Cr\u00e9quy, who signs Lenart Kreickeldt, originally from the bishopric of Cologne in Germany. He married Catherine Treffl\u00e9 dit Rotot on May 22, 1680 at Notre-Dame de Qu\u00e9bec and was a carpenter, master cabinetmaker and sculptor.<\/p>\n\n\n\n<figure class=\"wp-block-image size-large\"><a href=\"https:\/\/www.genealogiequebec.com\/blog\/wp-content\/uploads\/2022\/09\/Leonard-Crequy-EN-e1663698396487.png\"><img decoding=\"async\" width=\"1024\" height=\"499\" src=\"https:\/\/www.genealogiequebec.com\/blog\/wp-content\/uploads\/2022\/09\/Leonard-Crequy-EN-e1663698396487-1024x499.png\" alt=\"Marriage of Lenart Kreickeldt from the registry of Notre-Dame-de-Qu\u00e9bec\" class=\"wp-image-3913\" srcset=\"https:\/\/www.genealogiequebec.com\/blog\/wp-content\/uploads\/2022\/09\/Leonard-Crequy-EN-e1663698396487-1024x499.png 1024w, https:\/\/www.genealogiequebec.com\/blog\/wp-content\/uploads\/2022\/09\/Leonard-Crequy-EN-e1663698396487-300x146.png 300w, https:\/\/www.genealogiequebec.com\/blog\/wp-content\/uploads\/2022\/09\/Leonard-Crequy-EN-e1663698396487-768x374.png 768w, https:\/\/www.genealogiequebec.com\/blog\/wp-content\/uploads\/2022\/09\/Leonard-Crequy-EN-e1663698396487-1536x748.png 1536w, https:\/\/www.genealogiequebec.com\/blog\/wp-content\/uploads\/2022\/09\/Leonard-Crequy-EN-e1663698396487.png 1918w\" sizes=\"(max-width: 767px) 89vw, (max-width: 1000px) 54vw, (max-width: 1071px) 543px, 580px\" \/><\/a><figcaption>Marriage of Lenart Kreickeldt from the register of Notre-Dame-de-Qu\u00e9bec<br>Source: Record 67220, LAFRANCE,  <a href=\"https:\/\/www.genealogiequebec.com\/en\/\" target=\"_blank\" rel=\"noreferrer noopener\">GenealogyQuebec.com<\/a> <\/figcaption><\/figure>\n\n\n\n<p>Here we have the sailor Jean D&#8217;Eyme, or rather Johann Deigme, patriarch of the Daigle dit Lallemand families. In his marriage certificate on November 5, 1685 in Charlesbourg with Marie-Anne Proteau, he is said to be from Vienna in &#8220;Lower Germany&#8221;. Could it be Vienna in Austria? It is quite possible, but we cannot confirm it for the moment.<\/p>\n\n\n\n<figure class=\"wp-block-image size-large\"><a href=\"https:\/\/www.genealogiequebec.com\/blog\/wp-content\/uploads\/2022\/09\/Jean-Daigle-Lallemand-PRDH-EN-e1663703438544.png\"><img decoding=\"async\" width=\"1024\" height=\"581\" src=\"https:\/\/www.genealogiequebec.com\/blog\/wp-content\/uploads\/2022\/09\/Jean-Daigle-Lallemand-PRDH-EN-e1663703438544-1024x581.png\" alt=\"PRDH family file of Jean Daigle L'Allemand and Marie Anne Proteau\" class=\"wp-image-3916\" srcset=\"https:\/\/www.genealogiequebec.com\/blog\/wp-content\/uploads\/2022\/09\/Jean-Daigle-Lallemand-PRDH-EN-e1663703438544-1024x581.png 1024w, https:\/\/www.genealogiequebec.com\/blog\/wp-content\/uploads\/2022\/09\/Jean-Daigle-Lallemand-PRDH-EN-e1663703438544-300x170.png 300w, https:\/\/www.genealogiequebec.com\/blog\/wp-content\/uploads\/2022\/09\/Jean-Daigle-Lallemand-PRDH-EN-e1663703438544-768x436.png 768w, https:\/\/www.genealogiequebec.com\/blog\/wp-content\/uploads\/2022\/09\/Jean-Daigle-Lallemand-PRDH-EN-e1663703438544.png 1347w\" sizes=\"(max-width: 767px) 89vw, (max-width: 1000px) 54vw, (max-width: 1071px) 543px, 580px\" \/><\/a><figcaption>PRDH family file of Jean Daigle L&#8217;Allemand and Marie Anne Proteau<br>Source: Family file 5587, <a href=\"https:\/\/www.prdh-igd.com\/en\/accueil\" target=\"_blank\" rel=\"noreferrer noopener\">PRDH-IGD.com<\/a><\/figcaption><\/figure>\n\n\n\n<p>And finally, we have shoemaker Andr\u00e9 Sp\u00e9nard, who signs Andre Spennert, originally from Lorraine according to his marriage certificate recorded on April 5, 1690 at Notre-Dame de Qu\u00e9bec with Marie Charlotte Th\u00e9r\u00e8se Arnaud. Interestingly, Leonard Cr\u00e9quy, mentioned earlier in this article, is present at the wedding and signs Lennart Creigie (and not Lenart Kreickeldt as he did at his own wedding).<\/p>\n\n\n\n<p>We also sometimes deal with more mysterious cases, such as that of the marriage of Denis Lagneau and Marie Anne de Kierk\/Decker on September 15, 1718 at Notre-Dame de Qu\u00e9bec. Marie Anne is said to be from Saxony in Germany. How did an unmarried German woman end up in Quebec? A mystery! After 1723, we lose track of the couple.<\/p>\n\n\n\n<figure class=\"wp-block-image size-large\"><a href=\"https:\/\/www.genealogiequebec.com\/blog\/wp-content\/uploads\/2022\/09\/denis-laigneau-EN-e1663786249952.png\"><img decoding=\"async\" width=\"1024\" height=\"498\" src=\"https:\/\/www.genealogiequebec.com\/blog\/wp-content\/uploads\/2022\/09\/denis-laigneau-EN-e1663786249952-1024x498.png\" alt=\"Marriage of Marie de Denis Laigneau and Marie Anne Dekierk from the register of Notre-Dame-de-Qu\u00e9bec\" class=\"wp-image-3919\" srcset=\"https:\/\/www.genealogiequebec.com\/blog\/wp-content\/uploads\/2022\/09\/denis-laigneau-EN-e1663786249952-1024x498.png 1024w, https:\/\/www.genealogiequebec.com\/blog\/wp-content\/uploads\/2022\/09\/denis-laigneau-EN-e1663786249952-300x146.png 300w, https:\/\/www.genealogiequebec.com\/blog\/wp-content\/uploads\/2022\/09\/denis-laigneau-EN-e1663786249952-768x374.png 768w, https:\/\/www.genealogiequebec.com\/blog\/wp-content\/uploads\/2022\/09\/denis-laigneau-EN-e1663786249952-1536x747.png 1536w, https:\/\/www.genealogiequebec.com\/blog\/wp-content\/uploads\/2022\/09\/denis-laigneau-EN-e1663786249952.png 1920w\" sizes=\"(max-width: 767px) 89vw, (max-width: 1000px) 54vw, (max-width: 1071px) 543px, 580px\" \/><\/a><figcaption>Marriage of Marie de Denis Laigneau and Marie Anne Dekierk from the register of Notre-Dame-de-Qu\u00e9bec<br>Source: Record 68199, LAFRANCE,  <a href=\"https:\/\/www.genealogiequebec.com\/en\/\" target=\"_blank\" rel=\"noreferrer noopener\">GenealogyQuebec.com<\/a> <\/figcaption><\/figure>\n\n\n\n<p>As we can see, these German immigrants were mostly tradesmen, as was the case for the first French settlers in New France. It would be very interesting to know how they got wind of this opportunity, especially considering the geographical distance separating them from the French west coast.<\/p>\n\n\n\n<p>It is also important to mention that the Catholic religion did not seem to be an obstacle to the integration of German immigrants into Quebec society, as would be the case a century later.<\/p>\n\n\n\n<p>Germanic surnames are likely to have irritated the ears of New France&#8217;s priests and notaries who, despite their level of education, mistreated them or simply <em>Frenchified<\/em> them as in the case of Vogel in Loiseau, or Schneider in Tailleur.<\/p>\n\n\n\n<p>In my next article, I will focus on German immigration around the Seven Years&#8217; War.<\/p>\n\n\n\n<p>Claude Cr\u00e9gheur<\/p>\n","protected":false},"excerpt":{"rendered":"<p>(The first article of this series can be found here.) My name is Claude Cr\u00e9gheur, and in this second article of my series on the German presence in Quebec, I will focus on Germanic migration during the New France era. The first marriage of a German found in the registers of Notre-Dame de Qu\u00e9bec is &hellip; <\/p>\n<p class=\"link-more\"><a href=\"https:\/\/www.genealogiequebec.com\/blog\/en\/2022\/10\/21\/german-migration-to-new-france\/\" class=\"more-link\">Continue reading<span class=\"screen-reader-text\"> &#8220;German migration to New France&#8221;<\/span><\/a><\/p>\n","protected":false},"author":1,"featured_media":0,"comment_status":"closed","ping_status":"closed","sticky":false,"template":"","format":"standard","meta":{"footnotes":""},"categories":[8],"tags":[],"class_list":["post-4000","post","type-post","status-publish","format-standard","hentry","category-articles-en"],"yoast_head":"<!-- This site is optimized with the Yoast SEO plugin v26.9 - https:\/\/yoast.com\/product\/yoast-seo-wordpress\/ -->\r\n<title>German migration to New France - G\u00e9n\u00e9alogie et histoire du Qu\u00e9bec<\/title>\r\n<meta name=\"description\" content=\"In this second article of my series on the German presence in Quebec, I will focus on Germanic migration during the New France era.\" \/>\r\n<meta name=\"robots\" content=\"index, follow, max-snippet:-1, max-image-preview:large, max-video-preview:-1\" \/>\r\n<link rel=\"canonical\" href=\"https:\/\/www.genealogiequebec.com\/blog\/en\/2022\/10\/21\/german-migration-to-new-france\/\" \/>\r\n<meta property=\"og:locale\" content=\"en_US\" \/>\r\n<meta property=\"og:type\" content=\"article\" \/>\r\n<meta property=\"og:title\" content=\"German migration to New France - G\u00e9n\u00e9alogie et histoire du Qu\u00e9bec\" \/>\r\n<meta property=\"og:description\" content=\"In this second article of my series on the German presence in Quebec, I will focus on Germanic migration during the New France era.\" \/>\r\n<meta property=\"og:url\" content=\"https:\/\/www.genealogiequebec.com\/blog\/en\/2022\/10\/21\/german-migration-to-new-france\/\" \/>\r\n<meta property=\"og:site_name\" content=\"G\u00e9n\u00e9alogie et histoire du Qu\u00e9bec\" \/>\r\n<meta property=\"article:publisher\" content=\"https:\/\/www.facebook.com\/InstitutDrouin\" \/>\r\n<meta property=\"article:published_time\" content=\"2022-10-21T17:57:04+00:00\" \/>\r\n<meta property=\"article:modified_time\" content=\"2022-10-25T17:14:24+00:00\" \/>\r\n<meta property=\"og:image\" content=\"https:\/\/www.genealogiequebec.com\/blog\/wp-content\/uploads\/2022\/09\/Bernhardt-e1666717962650.jpg\" \/>\r\n\t<meta property=\"og:image:width\" content=\"1492\" \/>\r\n\t<meta property=\"og:image:height\" content=\"635\" \/>\r\n\t<meta property=\"og:image:type\" content=\"image\/jpeg\" \/>\r\n<meta name=\"author\" content=\"Institut Drouin\" \/>\r\n<meta name=\"twitter:card\" content=\"summary_large_image\" \/>\r\n<meta name=\"twitter:image\" content=\"https:\/\/www.genealogiequebec.com\/blog\/wp-content\/uploads\/2022\/09\/Bernhardt-e1666717962650.jpg\" \/>\r\n<meta name=\"twitter:creator\" content=\"@institutdrouin\" \/>\r\n<meta name=\"twitter:site\" content=\"@institutdrouin\" \/>\r\n<meta name=\"twitter:label1\" content=\"Written by\" \/>\n\t<meta name=\"twitter:data1\" content=\"Institut Drouin\" \/>\n\t<meta name=\"twitter:label2\" content=\"Est. reading time\" \/>\n\t<meta name=\"twitter:data2\" content=\"6 minutes\" \/>\r\n<script type=\"application\/ld+json\" class=\"yoast-schema-graph\">{\"@context\":\"https:\/\/schema.org\",\"@graph\":[{\"@type\":\"Article\",\"@id\":\"https:\/\/www.genealogiequebec.com\/blog\/en\/2022\/10\/21\/german-migration-to-new-france\/#article\",\"isPartOf\":{\"@id\":\"https:\/\/www.genealogiequebec.com\/blog\/en\/2022\/10\/21\/german-migration-to-new-france\/\"},\"author\":{\"name\":\"Institut Drouin\",\"@id\":\"https:\/\/www.genealogiequebec.com\/blog\/#\/schema\/person\/f1083726f11d1f2b6ead79ec5850ca06\"},\"headline\":\"German migration to New France\",\"datePublished\":\"2022-10-21T17:57:04+00:00\",\"dateModified\":\"2022-10-25T17:14:24+00:00\",\"mainEntityOfPage\":{\"@id\":\"https:\/\/www.genealogiequebec.com\/blog\/en\/2022\/10\/21\/german-migration-to-new-france\/\"},\"wordCount\":735,\"publisher\":{\"@id\":\"https:\/\/www.genealogiequebec.com\/blog\/#organization\"},\"image\":{\"@id\":\"https:\/\/www.genealogiequebec.com\/blog\/en\/2022\/10\/21\/german-migration-to-new-france\/#primaryimage\"},\"thumbnailUrl\":\"https:\/\/www.genealogiequebec.com\/blog\/wp-content\/uploads\/2021\/07\/IGD-large-EN-1024x338.png\",\"articleSection\":[\"Articles\"],\"inLanguage\":\"en-US\"},{\"@type\":\"WebPage\",\"@id\":\"https:\/\/www.genealogiequebec.com\/blog\/en\/2022\/10\/21\/german-migration-to-new-france\/\",\"url\":\"https:\/\/www.genealogiequebec.com\/blog\/en\/2022\/10\/21\/german-migration-to-new-france\/\",\"name\":\"German migration to New France - G\u00e9n\u00e9alogie et histoire du Qu\u00e9bec\",\"isPartOf\":{\"@id\":\"https:\/\/www.genealogiequebec.com\/blog\/#website\"},\"primaryImageOfPage\":{\"@id\":\"https:\/\/www.genealogiequebec.com\/blog\/en\/2022\/10\/21\/german-migration-to-new-france\/#primaryimage\"},\"image\":{\"@id\":\"https:\/\/www.genealogiequebec.com\/blog\/en\/2022\/10\/21\/german-migration-to-new-france\/#primaryimage\"},\"thumbnailUrl\":\"https:\/\/www.genealogiequebec.com\/blog\/wp-content\/uploads\/2021\/07\/IGD-large-EN-1024x338.png\",\"datePublished\":\"2022-10-21T17:57:04+00:00\",\"dateModified\":\"2022-10-25T17:14:24+00:00\",\"description\":\"In this second article of my series on the German presence in Quebec, I will focus on Germanic migration during the New France era.\",\"breadcrumb\":{\"@id\":\"https:\/\/www.genealogiequebec.com\/blog\/en\/2022\/10\/21\/german-migration-to-new-france\/#breadcrumb\"},\"inLanguage\":\"en-US\",\"potentialAction\":[{\"@type\":\"ReadAction\",\"target\":[\"https:\/\/www.genealogiequebec.com\/blog\/en\/2022\/10\/21\/german-migration-to-new-france\/\"]}]},{\"@type\":\"ImageObject\",\"inLanguage\":\"en-US\",\"@id\":\"https:\/\/www.genealogiequebec.com\/blog\/en\/2022\/10\/21\/german-migration-to-new-france\/#primaryimage\",\"url\":\"https:\/\/www.genealogiequebec.com\/blog\/wp-content\/uploads\/2021\/07\/IGD-large-EN-1024x338.png\",\"contentUrl\":\"https:\/\/www.genealogiequebec.com\/blog\/wp-content\/uploads\/2021\/07\/IGD-large-EN-1024x338.png\"},{\"@type\":\"BreadcrumbList\",\"@id\":\"https:\/\/www.genealogiequebec.com\/blog\/en\/2022\/10\/21\/german-migration-to-new-france\/#breadcrumb\",\"itemListElement\":[{\"@type\":\"ListItem\",\"position\":1,\"name\":\"Accueil\",\"item\":\"https:\/\/www.genealogiequebec.com\/blog\/\"},{\"@type\":\"ListItem\",\"position\":2,\"name\":\"Articles\",\"item\":\"https:\/\/www.genealogiequebec.com\/blog\/en\/category\/articles-en\/\"},{\"@type\":\"ListItem\",\"position\":3,\"name\":\"German migration to New France\"}]},{\"@type\":\"WebSite\",\"@id\":\"https:\/\/www.genealogiequebec.com\/blog\/#website\",\"url\":\"https:\/\/www.genealogiequebec.com\/blog\/\",\"name\":\"G\u00e9n\u00e9alogie et histoire du Qu\u00e9bec\",\"description\":\"Le blog de l&#039;institut Drouin\",\"publisher\":{\"@id\":\"https:\/\/www.genealogiequebec.com\/blog\/#organization\"},\"potentialAction\":[{\"@type\":\"SearchAction\",\"target\":{\"@type\":\"EntryPoint\",\"urlTemplate\":\"https:\/\/www.genealogiequebec.com\/blog\/?s={search_term_string}\"},\"query-input\":{\"@type\":\"PropertyValueSpecification\",\"valueRequired\":true,\"valueName\":\"search_term_string\"}}],\"inLanguage\":\"en-US\"},{\"@type\":\"Organization\",\"@id\":\"https:\/\/www.genealogiequebec.com\/blog\/#organization\",\"name\":\"Institut g\u00e9n\u00e9alogique Drouin\",\"url\":\"https:\/\/www.genealogiequebec.com\/blog\/\",\"logo\":{\"@type\":\"ImageObject\",\"inLanguage\":\"en-US\",\"@id\":\"https:\/\/www.genealogiequebec.com\/blog\/#\/schema\/logo\/image\/\",\"url\":\"https:\/\/www.genealogiequebec.com\/blog\/wp-content\/uploads\/2019\/11\/IGD-large.png\",\"contentUrl\":\"https:\/\/www.genealogiequebec.com\/blog\/wp-content\/uploads\/2019\/11\/IGD-large.png\",\"width\":1893,\"height\":621,\"caption\":\"Institut g\u00e9n\u00e9alogique Drouin\"},\"image\":{\"@id\":\"https:\/\/www.genealogiequebec.com\/blog\/#\/schema\/logo\/image\/\"},\"sameAs\":[\"https:\/\/www.facebook.com\/InstitutDrouin\",\"https:\/\/x.com\/institutdrouin\",\"https:\/\/www.instagram.com\/genealogiequebec\/\",\"https:\/\/www.twitter.com\/institutdrouin\"]},{\"@type\":\"Person\",\"@id\":\"https:\/\/www.genealogiequebec.com\/blog\/#\/schema\/person\/f1083726f11d1f2b6ead79ec5850ca06\",\"name\":\"Institut Drouin\",\"image\":{\"@type\":\"ImageObject\",\"inLanguage\":\"en-US\",\"@id\":\"https:\/\/www.genealogiequebec.com\/blog\/#\/schema\/person\/image\/\",\"url\":\"https:\/\/secure.gravatar.com\/avatar\/8033ce23576b31b989429c1527bd70a807bbbe88e14f28a4bc5d8892d0bc4e54?s=96&d=mm&r=g\",\"contentUrl\":\"https:\/\/secure.gravatar.com\/avatar\/8033ce23576b31b989429c1527bd70a807bbbe88e14f28a4bc5d8892d0bc4e54?s=96&d=mm&r=g\",\"caption\":\"Institut Drouin\"},\"url\":\"https:\/\/www.genealogiequebec.com\/blog\/en\/author\/institutdrouin\/\"}]}<\/script>\r\n<!-- \/ Yoast SEO plugin. -->","yoast_head_json":{"title":"German migration to New France - G\u00e9n\u00e9alogie et histoire du Qu\u00e9bec","description":"In this second article of my series on the German presence in Quebec, I will focus on Germanic migration during the New France era.","robots":{"index":"index","follow":"follow","max-snippet":"max-snippet:-1","max-image-preview":"max-image-preview:large","max-video-preview":"max-video-preview:-1"},"canonical":"https:\/\/www.genealogiequebec.com\/blog\/en\/2022\/10\/21\/german-migration-to-new-france\/","og_locale":"en_US","og_type":"article","og_title":"German migration to New France - G\u00e9n\u00e9alogie et histoire du Qu\u00e9bec","og_description":"In this second article of my series on the German presence in Quebec, I will focus on Germanic migration during the New France era.","og_url":"https:\/\/www.genealogiequebec.com\/blog\/en\/2022\/10\/21\/german-migration-to-new-france\/","og_site_name":"G\u00e9n\u00e9alogie et histoire du Qu\u00e9bec","article_publisher":"https:\/\/www.facebook.com\/InstitutDrouin","article_published_time":"2022-10-21T17:57:04+00:00","article_modified_time":"2022-10-25T17:14:24+00:00","og_image":[{"width":1492,"height":635,"url":"https:\/\/www.genealogiequebec.com\/blog\/wp-content\/uploads\/2022\/09\/Bernhardt-e1666717962650.jpg","type":"image\/jpeg"}],"author":"Institut Drouin","twitter_card":"summary_large_image","twitter_image":"https:\/\/www.genealogiequebec.com\/blog\/wp-content\/uploads\/2022\/09\/Bernhardt-e1666717962650.jpg","twitter_creator":"@institutdrouin","twitter_site":"@institutdrouin","twitter_misc":{"Written by":"Institut Drouin","Est. reading time":"6 minutes"},"schema":{"@context":"https:\/\/schema.org","@graph":[{"@type":"Article","@id":"https:\/\/www.genealogiequebec.com\/blog\/en\/2022\/10\/21\/german-migration-to-new-france\/#article","isPartOf":{"@id":"https:\/\/www.genealogiequebec.com\/blog\/en\/2022\/10\/21\/german-migration-to-new-france\/"},"author":{"name":"Institut Drouin","@id":"https:\/\/www.genealogiequebec.com\/blog\/#\/schema\/person\/f1083726f11d1f2b6ead79ec5850ca06"},"headline":"German migration to New France","datePublished":"2022-10-21T17:57:04+00:00","dateModified":"2022-10-25T17:14:24+00:00","mainEntityOfPage":{"@id":"https:\/\/www.genealogiequebec.com\/blog\/en\/2022\/10\/21\/german-migration-to-new-france\/"},"wordCount":735,"publisher":{"@id":"https:\/\/www.genealogiequebec.com\/blog\/#organization"},"image":{"@id":"https:\/\/www.genealogiequebec.com\/blog\/en\/2022\/10\/21\/german-migration-to-new-france\/#primaryimage"},"thumbnailUrl":"https:\/\/www.genealogiequebec.com\/blog\/wp-content\/uploads\/2021\/07\/IGD-large-EN-1024x338.png","articleSection":["Articles"],"inLanguage":"en-US"},{"@type":"WebPage","@id":"https:\/\/www.genealogiequebec.com\/blog\/en\/2022\/10\/21\/german-migration-to-new-france\/","url":"https:\/\/www.genealogiequebec.com\/blog\/en\/2022\/10\/21\/german-migration-to-new-france\/","name":"German migration to New France - G\u00e9n\u00e9alogie et histoire du Qu\u00e9bec","isPartOf":{"@id":"https:\/\/www.genealogiequebec.com\/blog\/#website"},"primaryImageOfPage":{"@id":"https:\/\/www.genealogiequebec.com\/blog\/en\/2022\/10\/21\/german-migration-to-new-france\/#primaryimage"},"image":{"@id":"https:\/\/www.genealogiequebec.com\/blog\/en\/2022\/10\/21\/german-migration-to-new-france\/#primaryimage"},"thumbnailUrl":"https:\/\/www.genealogiequebec.com\/blog\/wp-content\/uploads\/2021\/07\/IGD-large-EN-1024x338.png","datePublished":"2022-10-21T17:57:04+00:00","dateModified":"2022-10-25T17:14:24+00:00","description":"In this second article of my series on the German presence in Quebec, I will focus on Germanic migration during the New France era.","breadcrumb":{"@id":"https:\/\/www.genealogiequebec.com\/blog\/en\/2022\/10\/21\/german-migration-to-new-france\/#breadcrumb"},"inLanguage":"en-US","potentialAction":[{"@type":"ReadAction","target":["https:\/\/www.genealogiequebec.com\/blog\/en\/2022\/10\/21\/german-migration-to-new-france\/"]}]},{"@type":"ImageObject","inLanguage":"en-US","@id":"https:\/\/www.genealogiequebec.com\/blog\/en\/2022\/10\/21\/german-migration-to-new-france\/#primaryimage","url":"https:\/\/www.genealogiequebec.com\/blog\/wp-content\/uploads\/2021\/07\/IGD-large-EN-1024x338.png","contentUrl":"https:\/\/www.genealogiequebec.com\/blog\/wp-content\/uploads\/2021\/07\/IGD-large-EN-1024x338.png"},{"@type":"BreadcrumbList","@id":"https:\/\/www.genealogiequebec.com\/blog\/en\/2022\/10\/21\/german-migration-to-new-france\/#breadcrumb","itemListElement":[{"@type":"ListItem","position":1,"name":"Accueil","item":"https:\/\/www.genealogiequebec.com\/blog\/"},{"@type":"ListItem","position":2,"name":"Articles","item":"https:\/\/www.genealogiequebec.com\/blog\/en\/category\/articles-en\/"},{"@type":"ListItem","position":3,"name":"German migration to New France"}]},{"@type":"WebSite","@id":"https:\/\/www.genealogiequebec.com\/blog\/#website","url":"https:\/\/www.genealogiequebec.com\/blog\/","name":"G\u00e9n\u00e9alogie et histoire du Qu\u00e9bec","description":"Le blog de l&#039;institut Drouin","publisher":{"@id":"https:\/\/www.genealogiequebec.com\/blog\/#organization"},"potentialAction":[{"@type":"SearchAction","target":{"@type":"EntryPoint","urlTemplate":"https:\/\/www.genealogiequebec.com\/blog\/?s={search_term_string}"},"query-input":{"@type":"PropertyValueSpecification","valueRequired":true,"valueName":"search_term_string"}}],"inLanguage":"en-US"},{"@type":"Organization","@id":"https:\/\/www.genealogiequebec.com\/blog\/#organization","name":"Institut g\u00e9n\u00e9alogique Drouin","url":"https:\/\/www.genealogiequebec.com\/blog\/","logo":{"@type":"ImageObject","inLanguage":"en-US","@id":"https:\/\/www.genealogiequebec.com\/blog\/#\/schema\/logo\/image\/","url":"https:\/\/www.genealogiequebec.com\/blog\/wp-content\/uploads\/2019\/11\/IGD-large.png","contentUrl":"https:\/\/www.genealogiequebec.com\/blog\/wp-content\/uploads\/2019\/11\/IGD-large.png","width":1893,"height":621,"caption":"Institut g\u00e9n\u00e9alogique Drouin"},"image":{"@id":"https:\/\/www.genealogiequebec.com\/blog\/#\/schema\/logo\/image\/"},"sameAs":["https:\/\/www.facebook.com\/InstitutDrouin","https:\/\/x.com\/institutdrouin","https:\/\/www.instagram.com\/genealogiequebec\/","https:\/\/www.twitter.com\/institutdrouin"]},{"@type":"Person","@id":"https:\/\/www.genealogiequebec.com\/blog\/#\/schema\/person\/f1083726f11d1f2b6ead79ec5850ca06","name":"Institut Drouin","image":{"@type":"ImageObject","inLanguage":"en-US","@id":"https:\/\/www.genealogiequebec.com\/blog\/#\/schema\/person\/image\/","url":"https:\/\/secure.gravatar.com\/avatar\/8033ce23576b31b989429c1527bd70a807bbbe88e14f28a4bc5d8892d0bc4e54?s=96&d=mm&r=g","contentUrl":"https:\/\/secure.gravatar.com\/avatar\/8033ce23576b31b989429c1527bd70a807bbbe88e14f28a4bc5d8892d0bc4e54?s=96&d=mm&r=g","caption":"Institut Drouin"},"url":"https:\/\/www.genealogiequebec.com\/blog\/en\/author\/institutdrouin\/"}]}},"_links":{"self":[{"href":"https:\/\/www.genealogiequebec.com\/blog\/en\/wp-json\/wp\/v2\/posts\/4000","targetHints":{"allow":["GET"]}}],"collection":[{"href":"https:\/\/www.genealogiequebec.com\/blog\/en\/wp-json\/wp\/v2\/posts"}],"about":[{"href":"https:\/\/www.genealogiequebec.com\/blog\/en\/wp-json\/wp\/v2\/types\/post"}],"author":[{"embeddable":true,"href":"https:\/\/www.genealogiequebec.com\/blog\/en\/wp-json\/wp\/v2\/users\/1"}],"replies":[{"embeddable":true,"href":"https:\/\/www.genealogiequebec.com\/blog\/en\/wp-json\/wp\/v2\/comments?post=4000"}],"version-history":[{"count":11,"href":"https:\/\/www.genealogiequebec.com\/blog\/en\/wp-json\/wp\/v2\/posts\/4000\/revisions"}],"predecessor-version":[{"id":4022,"href":"https:\/\/www.genealogiequebec.com\/blog\/en\/wp-json\/wp\/v2\/posts\/4000\/revisions\/4022"}],"wp:attachment":[{"href":"https:\/\/www.genealogiequebec.com\/blog\/en\/wp-json\/wp\/v2\/media?parent=4000"}],"wp:term":[{"taxonomy":"category","embeddable":true,"href":"https:\/\/www.genealogiequebec.com\/blog\/en\/wp-json\/wp\/v2\/categories?post=4000"},{"taxonomy":"post_tag","embeddable":true,"href":"https:\/\/www.genealogiequebec.com\/blog\/en\/wp-json\/wp\/v2\/tags?post=4000"}],"curies":[{"name":"wp","href":"https:\/\/api.w.org\/{rel}","templated":true}]}}