{"id":6102,"date":"2025-10-31T15:38:31","date_gmt":"2025-10-31T19:38:31","guid":{"rendered":"https:\/\/www.genealogiequebec.com\/blog\/?p=6102\/"},"modified":"2025-10-31T15:41:19","modified_gmt":"2025-10-31T19:41:19","slug":"just-added-140000-new-canadian-obituaries","status":"publish","type":"post","link":"https:\/\/www.genealogiequebec.com\/blog\/en\/2025\/10\/31\/just-added-140000-new-canadian-obituaries\/","title":{"rendered":"Just added: 140,000 new Canadian obituaries"},"content":{"rendered":"<div class=\"wp-block-image\">\n<figure class=\"aligncenter size-full is-resized\"><img decoding=\"async\" width=\"796\" height=\"285\" src=\"https:\/\/www.genealogiequebec.com\/blog\/wp-content\/uploads\/2018\/08\/GenealogyQuebecPNGmedium.png\" alt=\"\" class=\"wp-image-766\" style=\"width:330px;height:auto\" srcset=\"https:\/\/www.genealogiequebec.com\/blog\/wp-content\/uploads\/2018\/08\/GenealogyQuebecPNGmedium.png 796w, https:\/\/www.genealogiequebec.com\/blog\/wp-content\/uploads\/2018\/08\/GenealogyQuebecPNGmedium-300x107.png 300w, https:\/\/www.genealogiequebec.com\/blog\/wp-content\/uploads\/2018\/08\/GenealogyQuebecPNGmedium-768x275.png 768w\" sizes=\"(max-width: 767px) 89vw, (max-width: 1000px) 54vw, (max-width: 1071px) 543px, 580px\" \/><\/figure>\n<\/div>\n\n\n<h3 class=\"wp-block-heading has-text-align-center\"><strong>140,000 obituaries have been added to<br>Genealogy Quebec!<\/strong><\/h3>\n\n\n\n<p class=\"has-text-align-center\">These new records come from across Canada and span from the 1960s to today.<\/p>\n\n\n\n<hr class=\"wp-block-separator has-alpha-channel-opacity\"\/>\n\n\n\n<div class=\"wp-block-columns is-layout-flex wp-container-core-columns-is-layout-9d6595d7 wp-block-columns-is-layout-flex\">\n<div class=\"wp-block-column is-layout-flow wp-block-column-is-layout-flow\">\n<h3 class=\"wp-block-heading\">Obituaries and memorial cards<\/h3>\n\n\n\n<p>Access over <strong>5 million obituaries<\/strong> and memorial cards covering two centuries of Canadian history, all fully searchable through our search engine.<\/p>\n<\/div>\n\n\n\n<div class=\"wp-block-column is-layout-flow wp-block-column-is-layout-flow\">\n<figure data-wp-context=\"{&quot;imageId&quot;:&quot;69f5db39bc2df&quot;}\" data-wp-interactive=\"core\/image\" data-wp-key=\"69f5db39bc2df\" class=\"wp-block-image size-full wp-lightbox-container\"><img decoding=\"async\" width=\"327\" height=\"1023\" data-wp-class--hide=\"state.isContentHidden\" data-wp-class--show=\"state.isContentVisible\" data-wp-init=\"callbacks.setButtonStyles\" data-wp-on--click=\"actions.showLightbox\" data-wp-on--load=\"callbacks.setButtonStyles\" data-wp-on-window--resize=\"callbacks.setButtonStyles\" src=\"https:\/\/www.genealogiequebec.com\/blog\/wp-content\/uploads\/2025\/10\/Smith-McCarron_Frances-A._2002_08_26.jpg\" alt=\"\" class=\"wp-image-6104\" style=\"aspect-ratio:1;object-fit:cover\" srcset=\"https:\/\/www.genealogiequebec.com\/blog\/wp-content\/uploads\/2025\/10\/Smith-McCarron_Frances-A._2002_08_26.jpg 327w, https:\/\/www.genealogiequebec.com\/blog\/wp-content\/uploads\/2025\/10\/Smith-McCarron_Frances-A._2002_08_26-96x300.jpg 96w\" sizes=\"(max-width: 327px) 100vw, 327px\" \/><button\n\t\t\tclass=\"lightbox-trigger\"\n\t\t\ttype=\"button\"\n\t\t\taria-haspopup=\"dialog\"\n\t\t\taria-label=\"Enlarge\"\n\t\t\tdata-wp-init=\"callbacks.initTriggerButton\"\n\t\t\tdata-wp-on--click=\"actions.showLightbox\"\n\t\t\tdata-wp-style--right=\"state.imageButtonRight\"\n\t\t\tdata-wp-style--top=\"state.imageButtonTop\"\n\t\t>\n\t\t\t<svg xmlns=\"http:\/\/www.w3.org\/2000\/svg\" width=\"12\" height=\"12\" fill=\"none\" viewBox=\"0 0 12 12\">\n\t\t\t\t<path fill=\"#fff\" d=\"M2 0a2 2 0 0 0-2 2v2h1.5V2a.5.5 0 0 1 .5-.5h2V0H2Zm2 10.5H2a.5.5 0 0 1-.5-.5V8H0v2a2 2 0 0 0 2 2h2v-1.5ZM8 12v-1.5h2a.5.5 0 0 0 .5-.5V8H12v2a2 2 0 0 1-2 2H8Zm2-12a2 2 0 0 1 2 2v2h-1.5V2a.5.5 0 0 0-.5-.5H8V0h2Z\" \/>\n\t\t\t<\/svg>\n\t\t<\/button><\/figure>\n<\/div>\n<\/div>\n\n\n\n<hr class=\"wp-block-separator has-alpha-channel-opacity\"\/>\n\n\n\n<div class=\"wp-block-columns is-layout-flex wp-container-core-columns-is-layout-9d6595d7 wp-block-columns-is-layout-flex\">\n<div class=\"wp-block-column is-layout-flow wp-block-column-is-layout-flow\">\n<figure class=\"wp-block-image size-full\"><img decoding=\"async\" width=\"712\" height=\"593\" src=\"https:\/\/www.genealogiequebec.com\/blog\/wp-content\/uploads\/2025\/10\/Designweb-pageabonnement2-07CROPPED-MORE-1.png\" alt=\"\" class=\"wp-image-6105\" srcset=\"https:\/\/www.genealogiequebec.com\/blog\/wp-content\/uploads\/2025\/10\/Designweb-pageabonnement2-07CROPPED-MORE-1.png 712w, https:\/\/www.genealogiequebec.com\/blog\/wp-content\/uploads\/2025\/10\/Designweb-pageabonnement2-07CROPPED-MORE-1-300x250.png 300w\" sizes=\"(max-width: 712px) 100vw, 712px\" \/><\/figure>\n<\/div>\n\n\n\n<div class=\"wp-block-column is-layout-flow wp-block-column-is-layout-flow\">\n<h3 class=\"wp-block-heading\">Enjoy a FREE 7-day trial<\/h3>\n\n\n\n<p>Explore over <strong>100 million historical records<\/strong> and discover your family history with Genealogy Quebec today!<\/p>\n<\/div>\n<\/div>\n\n\n\n<div class=\"wp-block-buttons is-content-justification-center is-layout-flex wp-container-core-buttons-is-layout-16018d1d wp-block-buttons-is-layout-flex\">\n<div class=\"wp-block-button has-custom-width wp-block-button__width-75\"><a class=\"wp-block-button__link has-luminous-vivid-orange-background-color has-background has-medium-font-size has-text-align-center has-custom-font-size wp-element-button\" href=\"https:\/\/www.genealogiequebec.com\/en\/\" style=\"border-radius:0px\">Start my free trial<\/a><\/div>\n<\/div>\n\n\n\n<div style=\"height:64px\" aria-hidden=\"true\" class=\"wp-block-spacer\"><\/div>\n\n\n\n<hr class=\"wp-block-separator has-alpha-channel-opacity\"\/>\n\n\n\n<h3 class=\"wp-block-heading\"><strong>Update details<\/strong><\/h3>\n\n\n\n<p><strong>Update to the Internet Obituaries Collection<\/strong><br><br>\u2022 70,000 new obituaries<br>\u2022 From across Canada<br>\u2022 Covering the period from September 2024 to September 2025<br>\u2022 Available through the <a href=\"https:\/\/www.genealogiequebec.com\/en\/search\" target=\"_blank\" rel=\"noreferrer noopener\">search engine<\/a> in the <em>Internet Obituaries collection<\/em><\/p>\n\n\n\n<hr class=\"wp-block-separator has-alpha-channel-opacity\"\/>\n\n\n\n<p><strong>Acadian Obituaries \u2013 Viateur Robichaud Collection<\/strong><\/p>\n\n\n\n<p>\u2022 65,000 new obituaries<br>\u2022 From Acadia<br>\u2022 Covering the years 1967 to 2024<br>\u2022 Available through the <a href=\"https:\/\/www.genealogiequebec.com\/en\/search\" target=\"_blank\" rel=\"noreferrer noopener\">search engine<\/a> in the <em>Newspaper Obituaries collection<\/em><\/p>\n\n\n\n<hr class=\"wp-block-separator has-alpha-channel-opacity\"\/>\n\n\n\n<p><strong>Obituaries of French-Canadian Descendants from Alberta \u2013 Northwest Genealogical Society Collection<\/strong><\/p>\n\n\n\n<p>\u2022 2,800 new obituaries<br>\u2022 Primarily from Alberta<br>\u2022 Covering the years 1960 to today<br>\u2022 Available through the <a href=\"https:\/\/www.genealogiequebec.com\/en\/search\" target=\"_blank\" rel=\"noreferrer noopener\">search engine<\/a> in the <em>Newspaper Obituaries collection<\/em><\/p>\n\n\n\n<div class=\"wp-block-columns is-layout-flex wp-container-core-columns-is-layout-9d6595d7 wp-block-columns-is-layout-flex\">\n<div class=\"wp-block-column is-layout-flow wp-block-column-is-layout-flow\">\n<figure data-wp-context=\"{&quot;imageId&quot;:&quot;69f5db39bd1e2&quot;}\" data-wp-interactive=\"core\/image\" data-wp-key=\"69f5db39bd1e2\" class=\"wp-block-image size-large wp-lightbox-container\"><img decoding=\"async\" width=\"1024\" height=\"593\" data-wp-class--hide=\"state.isContentHidden\" data-wp-class--show=\"state.isContentVisible\" data-wp-init=\"callbacks.setButtonStyles\" data-wp-on--click=\"actions.showLightbox\" data-wp-on--load=\"callbacks.setButtonStyles\" data-wp-on-window--resize=\"callbacks.setButtonStyles\" src=\"https:\/\/www.genealogiequebec.com\/blog\/wp-content\/uploads\/2025\/10\/Maxime-richard-EN-1024x593.jpg\" alt=\"\" class=\"wp-image-6107\" srcset=\"https:\/\/www.genealogiequebec.com\/blog\/wp-content\/uploads\/2025\/10\/Maxime-richard-EN-1024x593.jpg 1024w, https:\/\/www.genealogiequebec.com\/blog\/wp-content\/uploads\/2025\/10\/Maxime-richard-EN-300x174.jpg 300w, https:\/\/www.genealogiequebec.com\/blog\/wp-content\/uploads\/2025\/10\/Maxime-richard-EN-768x445.jpg 768w, https:\/\/www.genealogiequebec.com\/blog\/wp-content\/uploads\/2025\/10\/Maxime-richard-EN.jpg 1281w\" sizes=\"(max-width: 767px) 89vw, (max-width: 1000px) 54vw, (max-width: 1071px) 543px, 580px\" \/><button\n\t\t\tclass=\"lightbox-trigger\"\n\t\t\ttype=\"button\"\n\t\t\taria-haspopup=\"dialog\"\n\t\t\taria-label=\"Enlarge\"\n\t\t\tdata-wp-init=\"callbacks.initTriggerButton\"\n\t\t\tdata-wp-on--click=\"actions.showLightbox\"\n\t\t\tdata-wp-style--right=\"state.imageButtonRight\"\n\t\t\tdata-wp-style--top=\"state.imageButtonTop\"\n\t\t>\n\t\t\t<svg xmlns=\"http:\/\/www.w3.org\/2000\/svg\" width=\"12\" height=\"12\" fill=\"none\" viewBox=\"0 0 12 12\">\n\t\t\t\t<path fill=\"#fff\" d=\"M2 0a2 2 0 0 0-2 2v2h1.5V2a.5.5 0 0 1 .5-.5h2V0H2Zm2 10.5H2a.5.5 0 0 1-.5-.5V8H0v2a2 2 0 0 0 2 2h2v-1.5ZM8 12v-1.5h2a.5.5 0 0 0 .5-.5V8H12v2a2 2 0 0 1-2 2H8Zm2-12a2 2 0 0 1 2 2v2h-1.5V2a.5.5 0 0 0-.5-.5H8V0h2Z\" \/>\n\t\t\t<\/svg>\n\t\t<\/button><\/figure>\n<\/div>\n\n\n\n<div class=\"wp-block-column is-layout-flow wp-block-column-is-layout-flow\">\n<figure data-wp-context=\"{&quot;imageId&quot;:&quot;69f5db39bda38&quot;}\" data-wp-interactive=\"core\/image\" data-wp-key=\"69f5db39bda38\" class=\"wp-block-image size-large wp-lightbox-container\"><img decoding=\"async\" width=\"1024\" height=\"487\" data-wp-class--hide=\"state.isContentHidden\" data-wp-class--show=\"state.isContentVisible\" data-wp-init=\"callbacks.setButtonStyles\" data-wp-on--click=\"actions.showLightbox\" data-wp-on--load=\"callbacks.setButtonStyles\" data-wp-on-window--resize=\"callbacks.setButtonStyles\" src=\"https:\/\/www.genealogiequebec.com\/blog\/wp-content\/uploads\/2025\/10\/Avis-deces-En-1024x487.jpg\" alt=\"\" class=\"wp-image-6106\" srcset=\"https:\/\/www.genealogiequebec.com\/blog\/wp-content\/uploads\/2025\/10\/Avis-deces-En-1024x487.jpg 1024w, https:\/\/www.genealogiequebec.com\/blog\/wp-content\/uploads\/2025\/10\/Avis-deces-En-300x143.jpg 300w, https:\/\/www.genealogiequebec.com\/blog\/wp-content\/uploads\/2025\/10\/Avis-deces-En-768x365.jpg 768w, https:\/\/www.genealogiequebec.com\/blog\/wp-content\/uploads\/2025\/10\/Avis-deces-En.jpg 1280w\" sizes=\"(max-width: 767px) 89vw, (max-width: 1000px) 54vw, (max-width: 1071px) 543px, 580px\" \/><button\n\t\t\tclass=\"lightbox-trigger\"\n\t\t\ttype=\"button\"\n\t\t\taria-haspopup=\"dialog\"\n\t\t\taria-label=\"Enlarge\"\n\t\t\tdata-wp-init=\"callbacks.initTriggerButton\"\n\t\t\tdata-wp-on--click=\"actions.showLightbox\"\n\t\t\tdata-wp-style--right=\"state.imageButtonRight\"\n\t\t\tdata-wp-style--top=\"state.imageButtonTop\"\n\t\t>\n\t\t\t<svg xmlns=\"http:\/\/www.w3.org\/2000\/svg\" width=\"12\" height=\"12\" fill=\"none\" viewBox=\"0 0 12 12\">\n\t\t\t\t<path fill=\"#fff\" d=\"M2 0a2 2 0 0 0-2 2v2h1.5V2a.5.5 0 0 1 .5-.5h2V0H2Zm2 10.5H2a.5.5 0 0 1-.5-.5V8H0v2a2 2 0 0 0 2 2h2v-1.5ZM8 12v-1.5h2a.5.5 0 0 0 .5-.5V8H12v2a2 2 0 0 1-2 2H8Zm2-12a2 2 0 0 1 2 2v2h-1.5V2a.5.5 0 0 0-.5-.5H8V0h2Z\" \/>\n\t\t\t<\/svg>\n\t\t<\/button><\/figure>\n<\/div>\n<\/div>\n","protected":false},"excerpt":{"rendered":"<p>140,000 obituaries have been added toGenealogy Quebec! These new records come from across Canada and span from the 1960s to today. Obituaries and memorial cards Access over 5 million obituaries and memorial cards covering two centuries of Canadian history, all fully searchable through our search engine. Enjoy a FREE 7-day trial Explore over 100 million &hellip; <\/p>\n<p class=\"link-more\"><a href=\"https:\/\/www.genealogiequebec.com\/blog\/en\/2025\/10\/31\/just-added-140000-new-canadian-obituaries\/\" class=\"more-link\">Continue reading<span class=\"screen-reader-text\"> &#8220;Just added: 140,000 new Canadian obituaries&#8221;<\/span><\/a><\/p>\n","protected":false},"author":1,"featured_media":0,"comment_status":"closed","ping_status":"open","sticky":false,"template":"","format":"standard","meta":{"footnotes":""},"categories":[6],"tags":[],"class_list":["post-6102","post","type-post","status-publish","format-standard","hentry","category-newsletters"],"yoast_head":"<!-- This site is optimized with the Yoast SEO plugin v26.9 - https:\/\/yoast.com\/product\/yoast-seo-wordpress\/ -->\r\n<title>Just added: 140,000 new Canadian obituaries - G\u00e9n\u00e9alogie et histoire du Qu\u00e9bec<\/title>\r\n<meta name=\"robots\" content=\"index, follow, max-snippet:-1, max-image-preview:large, max-video-preview:-1\" \/>\r\n<link rel=\"canonical\" href=\"https:\/\/www.genealogiequebec.com\/blog\/en\/2025\/10\/31\/just-added-140000-new-canadian-obituaries\/\" \/>\r\n<meta property=\"og:locale\" content=\"en_US\" \/>\r\n<meta property=\"og:type\" content=\"article\" \/>\r\n<meta property=\"og:title\" content=\"Just added: 140,000 new Canadian obituaries - G\u00e9n\u00e9alogie et histoire du Qu\u00e9bec\" \/>\r\n<meta property=\"og:description\" content=\"140,000 obituaries have been added toGenealogy Quebec! These new records come from across Canada and span from the 1960s to today. Obituaries and memorial cards Access over 5 million obituaries and memorial cards covering two centuries of Canadian history, all fully searchable through our search engine. Enjoy a FREE 7-day trial Explore over 100 million &hellip; Continue reading &quot;Just added: 140,000 new Canadian obituaries&quot;\" \/>\r\n<meta property=\"og:url\" content=\"https:\/\/www.genealogiequebec.com\/blog\/en\/2025\/10\/31\/just-added-140000-new-canadian-obituaries\/\" \/>\r\n<meta property=\"og:site_name\" content=\"G\u00e9n\u00e9alogie et histoire du Qu\u00e9bec\" \/>\r\n<meta property=\"article:publisher\" content=\"https:\/\/www.facebook.com\/InstitutDrouin\" \/>\r\n<meta property=\"article:published_time\" content=\"2025-10-31T19:38:31+00:00\" \/>\r\n<meta property=\"article:modified_time\" content=\"2025-10-31T19:41:19+00:00\" \/>\r\n<meta property=\"og:image\" content=\"https:\/\/www.genealogiequebec.com\/blog\/wp-content\/uploads\/2023\/04\/newspaper-obituaries-avis-de-deces-journaux-tremblay-e1681499602788.jpg\" \/>\r\n\t<meta property=\"og:image:width\" content=\"945\" \/>\r\n\t<meta property=\"og:image:height\" content=\"820\" \/>\r\n\t<meta property=\"og:image:type\" content=\"image\/jpeg\" \/>\r\n<meta name=\"author\" content=\"Institut Drouin\" \/>\r\n<meta name=\"twitter:card\" content=\"summary_large_image\" \/>\r\n<meta name=\"twitter:creator\" content=\"@institutdrouin\" \/>\r\n<meta name=\"twitter:site\" content=\"@institutdrouin\" \/>\r\n<meta name=\"twitter:label1\" content=\"Written by\" \/>\n\t<meta name=\"twitter:data1\" content=\"Institut Drouin\" \/>\n\t<meta name=\"twitter:label2\" content=\"Est. reading time\" \/>\n\t<meta name=\"twitter:data2\" content=\"2 minutes\" \/>\r\n<script type=\"application\/ld+json\" class=\"yoast-schema-graph\">{\"@context\":\"https:\/\/schema.org\",\"@graph\":[{\"@type\":\"Article\",\"@id\":\"https:\/\/www.genealogiequebec.com\/blog\/en\/2025\/10\/31\/just-added-140000-new-canadian-obituaries\/#article\",\"isPartOf\":{\"@id\":\"https:\/\/www.genealogiequebec.com\/blog\/en\/2025\/10\/31\/just-added-140000-new-canadian-obituaries\/\"},\"author\":{\"name\":\"Institut Drouin\",\"@id\":\"https:\/\/www.genealogiequebec.com\/blog\/#\/schema\/person\/f1083726f11d1f2b6ead79ec5850ca06\"},\"headline\":\"Just added: 140,000 new Canadian obituaries\",\"datePublished\":\"2025-10-31T19:38:31+00:00\",\"dateModified\":\"2025-10-31T19:41:19+00:00\",\"mainEntityOfPage\":{\"@id\":\"https:\/\/www.genealogiequebec.com\/blog\/en\/2025\/10\/31\/just-added-140000-new-canadian-obituaries\/\"},\"wordCount\":155,\"publisher\":{\"@id\":\"https:\/\/www.genealogiequebec.com\/blog\/#organization\"},\"image\":{\"@id\":\"https:\/\/www.genealogiequebec.com\/blog\/en\/2025\/10\/31\/just-added-140000-new-canadian-obituaries\/#primaryimage\"},\"thumbnailUrl\":\"https:\/\/www.genealogiequebec.com\/blog\/wp-content\/uploads\/2018\/08\/GenealogyQuebecPNGmedium.png\",\"articleSection\":[\"Newsletters\"],\"inLanguage\":\"en-US\"},{\"@type\":\"WebPage\",\"@id\":\"https:\/\/www.genealogiequebec.com\/blog\/en\/2025\/10\/31\/just-added-140000-new-canadian-obituaries\/\",\"url\":\"https:\/\/www.genealogiequebec.com\/blog\/en\/2025\/10\/31\/just-added-140000-new-canadian-obituaries\/\",\"name\":\"Just added: 140,000 new Canadian obituaries - G\u00e9n\u00e9alogie et histoire du Qu\u00e9bec\",\"isPartOf\":{\"@id\":\"https:\/\/www.genealogiequebec.com\/blog\/#website\"},\"primaryImageOfPage\":{\"@id\":\"https:\/\/www.genealogiequebec.com\/blog\/en\/2025\/10\/31\/just-added-140000-new-canadian-obituaries\/#primaryimage\"},\"image\":{\"@id\":\"https:\/\/www.genealogiequebec.com\/blog\/en\/2025\/10\/31\/just-added-140000-new-canadian-obituaries\/#primaryimage\"},\"thumbnailUrl\":\"https:\/\/www.genealogiequebec.com\/blog\/wp-content\/uploads\/2018\/08\/GenealogyQuebecPNGmedium.png\",\"datePublished\":\"2025-10-31T19:38:31+00:00\",\"dateModified\":\"2025-10-31T19:41:19+00:00\",\"breadcrumb\":{\"@id\":\"https:\/\/www.genealogiequebec.com\/blog\/en\/2025\/10\/31\/just-added-140000-new-canadian-obituaries\/#breadcrumb\"},\"inLanguage\":\"en-US\",\"potentialAction\":[{\"@type\":\"ReadAction\",\"target\":[\"https:\/\/www.genealogiequebec.com\/blog\/en\/2025\/10\/31\/just-added-140000-new-canadian-obituaries\/\"]}]},{\"@type\":\"ImageObject\",\"inLanguage\":\"en-US\",\"@id\":\"https:\/\/www.genealogiequebec.com\/blog\/en\/2025\/10\/31\/just-added-140000-new-canadian-obituaries\/#primaryimage\",\"url\":\"https:\/\/www.genealogiequebec.com\/blog\/wp-content\/uploads\/2018\/08\/GenealogyQuebecPNGmedium.png\",\"contentUrl\":\"https:\/\/www.genealogiequebec.com\/blog\/wp-content\/uploads\/2018\/08\/GenealogyQuebecPNGmedium.png\"},{\"@type\":\"BreadcrumbList\",\"@id\":\"https:\/\/www.genealogiequebec.com\/blog\/en\/2025\/10\/31\/just-added-140000-new-canadian-obituaries\/#breadcrumb\",\"itemListElement\":[{\"@type\":\"ListItem\",\"position\":1,\"name\":\"Accueil\",\"item\":\"https:\/\/www.genealogiequebec.com\/blog\/\"},{\"@type\":\"ListItem\",\"position\":2,\"name\":\"Newsletters\",\"item\":\"https:\/\/www.genealogiequebec.com\/blog\/en\/category\/newsletters\/\"},{\"@type\":\"ListItem\",\"position\":3,\"name\":\"Just added: 140,000 new Canadian obituaries\"}]},{\"@type\":\"WebSite\",\"@id\":\"https:\/\/www.genealogiequebec.com\/blog\/#website\",\"url\":\"https:\/\/www.genealogiequebec.com\/blog\/\",\"name\":\"G\u00e9n\u00e9alogie et histoire du Qu\u00e9bec\",\"description\":\"Le blog de l&#039;institut Drouin\",\"publisher\":{\"@id\":\"https:\/\/www.genealogiequebec.com\/blog\/#organization\"},\"potentialAction\":[{\"@type\":\"SearchAction\",\"target\":{\"@type\":\"EntryPoint\",\"urlTemplate\":\"https:\/\/www.genealogiequebec.com\/blog\/?s={search_term_string}\"},\"query-input\":{\"@type\":\"PropertyValueSpecification\",\"valueRequired\":true,\"valueName\":\"search_term_string\"}}],\"inLanguage\":\"en-US\"},{\"@type\":\"Organization\",\"@id\":\"https:\/\/www.genealogiequebec.com\/blog\/#organization\",\"name\":\"Institut g\u00e9n\u00e9alogique Drouin\",\"url\":\"https:\/\/www.genealogiequebec.com\/blog\/\",\"logo\":{\"@type\":\"ImageObject\",\"inLanguage\":\"en-US\",\"@id\":\"https:\/\/www.genealogiequebec.com\/blog\/#\/schema\/logo\/image\/\",\"url\":\"https:\/\/www.genealogiequebec.com\/blog\/wp-content\/uploads\/2019\/11\/IGD-large.png\",\"contentUrl\":\"https:\/\/www.genealogiequebec.com\/blog\/wp-content\/uploads\/2019\/11\/IGD-large.png\",\"width\":1893,\"height\":621,\"caption\":\"Institut g\u00e9n\u00e9alogique Drouin\"},\"image\":{\"@id\":\"https:\/\/www.genealogiequebec.com\/blog\/#\/schema\/logo\/image\/\"},\"sameAs\":[\"https:\/\/www.facebook.com\/InstitutDrouin\",\"https:\/\/x.com\/institutdrouin\",\"https:\/\/www.instagram.com\/genealogiequebec\/\",\"https:\/\/www.twitter.com\/institutdrouin\"]},{\"@type\":\"Person\",\"@id\":\"https:\/\/www.genealogiequebec.com\/blog\/#\/schema\/person\/f1083726f11d1f2b6ead79ec5850ca06\",\"name\":\"Institut Drouin\",\"image\":{\"@type\":\"ImageObject\",\"inLanguage\":\"en-US\",\"@id\":\"https:\/\/www.genealogiequebec.com\/blog\/#\/schema\/person\/image\/\",\"url\":\"https:\/\/secure.gravatar.com\/avatar\/8033ce23576b31b989429c1527bd70a807bbbe88e14f28a4bc5d8892d0bc4e54?s=96&d=mm&r=g\",\"contentUrl\":\"https:\/\/secure.gravatar.com\/avatar\/8033ce23576b31b989429c1527bd70a807bbbe88e14f28a4bc5d8892d0bc4e54?s=96&d=mm&r=g\",\"caption\":\"Institut Drouin\"},\"url\":\"https:\/\/www.genealogiequebec.com\/blog\/en\/author\/institutdrouin\/\"}]}<\/script>\r\n<!-- \/ Yoast SEO plugin. -->","yoast_head_json":{"title":"Just added: 140,000 new Canadian obituaries - G\u00e9n\u00e9alogie et histoire du Qu\u00e9bec","robots":{"index":"index","follow":"follow","max-snippet":"max-snippet:-1","max-image-preview":"max-image-preview:large","max-video-preview":"max-video-preview:-1"},"canonical":"https:\/\/www.genealogiequebec.com\/blog\/en\/2025\/10\/31\/just-added-140000-new-canadian-obituaries\/","og_locale":"en_US","og_type":"article","og_title":"Just added: 140,000 new Canadian obituaries - G\u00e9n\u00e9alogie et histoire du Qu\u00e9bec","og_description":"140,000 obituaries have been added toGenealogy Quebec! These new records come from across Canada and span from the 1960s to today. Obituaries and memorial cards Access over 5 million obituaries and memorial cards covering two centuries of Canadian history, all fully searchable through our search engine. Enjoy a FREE 7-day trial Explore over 100 million &hellip; Continue reading \"Just added: 140,000 new Canadian obituaries\"","og_url":"https:\/\/www.genealogiequebec.com\/blog\/en\/2025\/10\/31\/just-added-140000-new-canadian-obituaries\/","og_site_name":"G\u00e9n\u00e9alogie et histoire du Qu\u00e9bec","article_publisher":"https:\/\/www.facebook.com\/InstitutDrouin","article_published_time":"2025-10-31T19:38:31+00:00","article_modified_time":"2025-10-31T19:41:19+00:00","og_image":[{"width":945,"height":820,"url":"https:\/\/www.genealogiequebec.com\/blog\/wp-content\/uploads\/2023\/04\/newspaper-obituaries-avis-de-deces-journaux-tremblay-e1681499602788.jpg","type":"image\/jpeg"}],"author":"Institut Drouin","twitter_card":"summary_large_image","twitter_creator":"@institutdrouin","twitter_site":"@institutdrouin","twitter_misc":{"Written by":"Institut Drouin","Est. reading time":"2 minutes"},"schema":{"@context":"https:\/\/schema.org","@graph":[{"@type":"Article","@id":"https:\/\/www.genealogiequebec.com\/blog\/en\/2025\/10\/31\/just-added-140000-new-canadian-obituaries\/#article","isPartOf":{"@id":"https:\/\/www.genealogiequebec.com\/blog\/en\/2025\/10\/31\/just-added-140000-new-canadian-obituaries\/"},"author":{"name":"Institut Drouin","@id":"https:\/\/www.genealogiequebec.com\/blog\/#\/schema\/person\/f1083726f11d1f2b6ead79ec5850ca06"},"headline":"Just added: 140,000 new Canadian obituaries","datePublished":"2025-10-31T19:38:31+00:00","dateModified":"2025-10-31T19:41:19+00:00","mainEntityOfPage":{"@id":"https:\/\/www.genealogiequebec.com\/blog\/en\/2025\/10\/31\/just-added-140000-new-canadian-obituaries\/"},"wordCount":155,"publisher":{"@id":"https:\/\/www.genealogiequebec.com\/blog\/#organization"},"image":{"@id":"https:\/\/www.genealogiequebec.com\/blog\/en\/2025\/10\/31\/just-added-140000-new-canadian-obituaries\/#primaryimage"},"thumbnailUrl":"https:\/\/www.genealogiequebec.com\/blog\/wp-content\/uploads\/2018\/08\/GenealogyQuebecPNGmedium.png","articleSection":["Newsletters"],"inLanguage":"en-US"},{"@type":"WebPage","@id":"https:\/\/www.genealogiequebec.com\/blog\/en\/2025\/10\/31\/just-added-140000-new-canadian-obituaries\/","url":"https:\/\/www.genealogiequebec.com\/blog\/en\/2025\/10\/31\/just-added-140000-new-canadian-obituaries\/","name":"Just added: 140,000 new Canadian obituaries - G\u00e9n\u00e9alogie et histoire du Qu\u00e9bec","isPartOf":{"@id":"https:\/\/www.genealogiequebec.com\/blog\/#website"},"primaryImageOfPage":{"@id":"https:\/\/www.genealogiequebec.com\/blog\/en\/2025\/10\/31\/just-added-140000-new-canadian-obituaries\/#primaryimage"},"image":{"@id":"https:\/\/www.genealogiequebec.com\/blog\/en\/2025\/10\/31\/just-added-140000-new-canadian-obituaries\/#primaryimage"},"thumbnailUrl":"https:\/\/www.genealogiequebec.com\/blog\/wp-content\/uploads\/2018\/08\/GenealogyQuebecPNGmedium.png","datePublished":"2025-10-31T19:38:31+00:00","dateModified":"2025-10-31T19:41:19+00:00","breadcrumb":{"@id":"https:\/\/www.genealogiequebec.com\/blog\/en\/2025\/10\/31\/just-added-140000-new-canadian-obituaries\/#breadcrumb"},"inLanguage":"en-US","potentialAction":[{"@type":"ReadAction","target":["https:\/\/www.genealogiequebec.com\/blog\/en\/2025\/10\/31\/just-added-140000-new-canadian-obituaries\/"]}]},{"@type":"ImageObject","inLanguage":"en-US","@id":"https:\/\/www.genealogiequebec.com\/blog\/en\/2025\/10\/31\/just-added-140000-new-canadian-obituaries\/#primaryimage","url":"https:\/\/www.genealogiequebec.com\/blog\/wp-content\/uploads\/2018\/08\/GenealogyQuebecPNGmedium.png","contentUrl":"https:\/\/www.genealogiequebec.com\/blog\/wp-content\/uploads\/2018\/08\/GenealogyQuebecPNGmedium.png"},{"@type":"BreadcrumbList","@id":"https:\/\/www.genealogiequebec.com\/blog\/en\/2025\/10\/31\/just-added-140000-new-canadian-obituaries\/#breadcrumb","itemListElement":[{"@type":"ListItem","position":1,"name":"Accueil","item":"https:\/\/www.genealogiequebec.com\/blog\/"},{"@type":"ListItem","position":2,"name":"Newsletters","item":"https:\/\/www.genealogiequebec.com\/blog\/en\/category\/newsletters\/"},{"@type":"ListItem","position":3,"name":"Just added: 140,000 new Canadian obituaries"}]},{"@type":"WebSite","@id":"https:\/\/www.genealogiequebec.com\/blog\/#website","url":"https:\/\/www.genealogiequebec.com\/blog\/","name":"G\u00e9n\u00e9alogie et histoire du Qu\u00e9bec","description":"Le blog de l&#039;institut Drouin","publisher":{"@id":"https:\/\/www.genealogiequebec.com\/blog\/#organization"},"potentialAction":[{"@type":"SearchAction","target":{"@type":"EntryPoint","urlTemplate":"https:\/\/www.genealogiequebec.com\/blog\/?s={search_term_string}"},"query-input":{"@type":"PropertyValueSpecification","valueRequired":true,"valueName":"search_term_string"}}],"inLanguage":"en-US"},{"@type":"Organization","@id":"https:\/\/www.genealogiequebec.com\/blog\/#organization","name":"Institut g\u00e9n\u00e9alogique Drouin","url":"https:\/\/www.genealogiequebec.com\/blog\/","logo":{"@type":"ImageObject","inLanguage":"en-US","@id":"https:\/\/www.genealogiequebec.com\/blog\/#\/schema\/logo\/image\/","url":"https:\/\/www.genealogiequebec.com\/blog\/wp-content\/uploads\/2019\/11\/IGD-large.png","contentUrl":"https:\/\/www.genealogiequebec.com\/blog\/wp-content\/uploads\/2019\/11\/IGD-large.png","width":1893,"height":621,"caption":"Institut g\u00e9n\u00e9alogique Drouin"},"image":{"@id":"https:\/\/www.genealogiequebec.com\/blog\/#\/schema\/logo\/image\/"},"sameAs":["https:\/\/www.facebook.com\/InstitutDrouin","https:\/\/x.com\/institutdrouin","https:\/\/www.instagram.com\/genealogiequebec\/","https:\/\/www.twitter.com\/institutdrouin"]},{"@type":"Person","@id":"https:\/\/www.genealogiequebec.com\/blog\/#\/schema\/person\/f1083726f11d1f2b6ead79ec5850ca06","name":"Institut Drouin","image":{"@type":"ImageObject","inLanguage":"en-US","@id":"https:\/\/www.genealogiequebec.com\/blog\/#\/schema\/person\/image\/","url":"https:\/\/secure.gravatar.com\/avatar\/8033ce23576b31b989429c1527bd70a807bbbe88e14f28a4bc5d8892d0bc4e54?s=96&d=mm&r=g","contentUrl":"https:\/\/secure.gravatar.com\/avatar\/8033ce23576b31b989429c1527bd70a807bbbe88e14f28a4bc5d8892d0bc4e54?s=96&d=mm&r=g","caption":"Institut Drouin"},"url":"https:\/\/www.genealogiequebec.com\/blog\/en\/author\/institutdrouin\/"}]}},"_links":{"self":[{"href":"https:\/\/www.genealogiequebec.com\/blog\/en\/wp-json\/wp\/v2\/posts\/6102","targetHints":{"allow":["GET"]}}],"collection":[{"href":"https:\/\/www.genealogiequebec.com\/blog\/en\/wp-json\/wp\/v2\/posts"}],"about":[{"href":"https:\/\/www.genealogiequebec.com\/blog\/en\/wp-json\/wp\/v2\/types\/post"}],"author":[{"embeddable":true,"href":"https:\/\/www.genealogiequebec.com\/blog\/en\/wp-json\/wp\/v2\/users\/1"}],"replies":[{"embeddable":true,"href":"https:\/\/www.genealogiequebec.com\/blog\/en\/wp-json\/wp\/v2\/comments?post=6102"}],"version-history":[{"count":3,"href":"https:\/\/www.genealogiequebec.com\/blog\/en\/wp-json\/wp\/v2\/posts\/6102\/revisions"}],"predecessor-version":[{"id":6110,"href":"https:\/\/www.genealogiequebec.com\/blog\/en\/wp-json\/wp\/v2\/posts\/6102\/revisions\/6110"}],"wp:attachment":[{"href":"https:\/\/www.genealogiequebec.com\/blog\/en\/wp-json\/wp\/v2\/media?parent=6102"}],"wp:term":[{"taxonomy":"category","embeddable":true,"href":"https:\/\/www.genealogiequebec.com\/blog\/en\/wp-json\/wp\/v2\/categories?post=6102"},{"taxonomy":"post_tag","embeddable":true,"href":"https:\/\/www.genealogiequebec.com\/blog\/en\/wp-json\/wp\/v2\/tags?post=6102"}],"curies":[{"name":"wp","href":"https:\/\/api.w.org\/{rel}","templated":true}]}}