{"id":114,"date":"2017-02-17T21:42:06","date_gmt":"2017-02-17T20:42:06","guid":{"rendered":"https:\/\/www.genealogiequebec.com\/blog\/?p=114"},"modified":"2021-03-16T14:09:19","modified_gmt":"2021-03-16T18:09:19","slug":"mise-a-jour-du-lafrance-et-compte-rendu-de-roots-tech-2017","status":"publish","type":"post","link":"https:\/\/www.genealogiequebec.com\/blog\/2017\/02\/17\/mise-a-jour-du-lafrance-et-compte-rendu-de-roots-tech-2017\/","title":{"rendered":"Mise \u00e0 jour du LAFRANCE et compte rendu de Roots Tech 2017"},"content":{"rendered":"<p><a href=\"https:\/\/www.genealogiequebec.com\/blog\/wp-content\/uploads\/2017\/10\/IGD-large.png\"><img decoding=\"async\" class=\"alignnone size-large wp-image-83\" src=\"https:\/\/www.genealogiequebec.com\/blog\/wp-content\/uploads\/2017\/10\/IGD-large-1024x336.png\" alt=\"\" width=\"525\" height=\"172\" srcset=\"https:\/\/www.genealogiequebec.com\/blog\/wp-content\/uploads\/2017\/10\/IGD-large-1024x336.png 1024w, https:\/\/www.genealogiequebec.com\/blog\/wp-content\/uploads\/2017\/10\/IGD-large-300x98.png 300w, https:\/\/www.genealogiequebec.com\/blog\/wp-content\/uploads\/2017\/10\/IGD-large-768x252.png 768w, https:\/\/www.genealogiequebec.com\/blog\/wp-content\/uploads\/2017\/10\/IGD-large.png 1893w\" sizes=\"(max-width: 525px) 100vw, 525px\" \/><\/a><\/p>\n<p>La mise \u00e0 jour bimestrielle du\u00a0<em>LAFRANCE<\/em>\u00a0a \u00e9t\u00e9 effectu\u00e9e au cours des derniers jours.<\/p>\n<p>Les ajouts effectu\u00e9s au\u00a0<em>LAFRANCE<\/em>\u00a0concernent la p\u00e9riode 1850-1861 pour les bapt\u00eames et s\u00e9pultures ainsi que l\u2019enti\u00e8ret\u00e9 de l\u2019ann\u00e9e 1916 pour les mariages catholiques.<\/p>\n<p>La mise \u00e0 jour en chiffre:<\/p>\n<ul>\n<li>Bapt\u00eames catholiques 1850-1861 :\u00a0<strong>10193<\/strong>\u00a0actes ajout\u00e9s<\/li>\n<li>S\u00e9pultures catholiques 1850-1861 :\u00a0<strong>4306<\/strong>\u00a0actes ajout\u00e9s<\/li>\n<li><strong>TOUS<\/strong>\u00a0les mariages catholiques de 1916 :\u00a0<strong>14622<\/strong>\u00a0actes ajout\u00e9s<\/li>\n<\/ul>\n<p>En plus de ces ajouts, les corrections signal\u00e9es par nos utilisateurs au cours des 2 derniers mois ont \u00e9t\u00e9 appliqu\u00e9es.<\/p>\n<p><strong>\u00c0 propos du\u00a0<em>LAFRANCE<\/em><\/strong><\/p>\n<p>Le\u00a0<em>LAFRANCE<\/em>, un des 15 outils offerts aux abonn\u00e9s de\u00a0<a href=\"https:\/\/www.genealogiequebec.com\/fr\/destination\" target=\"_blank\" rel=\"noopener\">GenealogieQuebec.com<\/a>, est un index d\u00e9taill\u00e9 avec lien au document original de\u00a0<strong>TOUS<\/strong>\u00a0les mariages catholiques du Qu\u00e9bec de 1621 \u00e0 1916,\u00a0<strong>TOUS<\/strong>\u00a0les bapt\u00eames et\u00a0<strong>TOUTES<\/strong>\u00a0les s\u00e9pultures catholiques du Qu\u00e9bec de 1621 \u00e0 1849 ainsi que\u00a0<strong>TOUS<\/strong>\u00a0les mariages protestants du Qu\u00e9bec de 1760 \u00e0 1849. Les bapt\u00eames et s\u00e9pultures de la p\u00e9riode 1850-1861 sont ajout\u00e9s graduellement via nos mises \u00e0 jour bimestrielles.<\/p>\n<p><strong>N\u00e9crologies gratuites<\/strong><\/p>\n<p>Dans notre section gratuite, ce sont autour de\u00a0<strong>20 000<\/strong>\u00a0avis de d\u00e9c\u00e8s qui ont \u00e9t\u00e9 ajout\u00e9s au cours des 2 derniers mois. Cette section contient pr\u00e8s de 2 millions d\u2019avis de d\u00e9c\u00e8s internet de 1999 \u00e0 aujourd\u2019hui couvrant l\u2019ensemble du Canada. Vous pouvez consulter cette base de donn\u00e9es gratuitement \u00e0 cette adresse:<br \/>\n<a href=\"http:\/\/necrologie.genealogiequebec.com\/accueil\" target=\"_blank\" rel=\"noopener\">http:\/\/necrologie.genealogiequebec.com\/accueil<\/a><\/p>\n<p><strong>Roots Tech 2017<\/strong><\/p>\n<p>Du 8 au 11 f\u00e9vrier 2017, l\u2019\u00e9quipe de l\u2019Institut Drouin \u00e9tait \u00e0\u00a0<em>Salt Lake City<\/em>\u00a0dans le cadre de Roots Tech 2017, la plus grande conf\u00e9rence de g\u00e9n\u00e9alogie en Am\u00e9rique du Nord. Nous tenons \u00e0 remercier les nombreux abonn\u00e9s de\u00a0<em>G\u00e9n\u00e9alogieQu\u00e9bec.com<\/em>\u00a0et du\u00a0<a href=\"https:\/\/www.prdh-igd.com\/fr\/base-de-donnees\" target=\"_blank\" rel=\"noopener\"><em>PRDH<\/em>\u00a0<\/a>qui ont visit\u00e9 notre kiosque afin de nous rencontrer et de parler g\u00e9n\u00e9alogie.<\/p>\n<p>Pour l&rsquo;\u00e9quipe Drouin, Roots Tech fut une occasion de s\u2019inspirer des nombreuses entreprises du monde g\u00e9n\u00e9alogique. Les opportunit\u00e9s de collaboration et de d\u00e9veloppement abord\u00e9es avec nos cousins Fran\u00e7ais ainsi que nos voisins du sud furent tr\u00e8s inspirantes.<br \/>\nNous avons aussi eu le plaisir de croiser nos compatriotes Canadiens de l\u2019<a href=\"https:\/\/ogs.on.ca\/\" target=\"_blank\" rel=\"noopener\">Ontario Genealogical Society<\/a>, qui nous ont invit\u00e9 \u00e0 leur\u00a0<a href=\"https:\/\/conference2017.ogs.ca\/\" target=\"_blank\" rel=\"noopener\">conf\u00e9rence annuelle<\/a>\u00a0ayant lieu du 16 au 18 juin 2017 \u00e0 Ottawa. Nous y serons!<\/p>\n<figure id=\"attachment_113\" aria-describedby=\"caption-attachment-113\" style=\"width: 937px\" class=\"wp-caption alignnone\"><a href=\"https:\/\/www.genealogiequebec.com\/blog\/wp-content\/uploads\/2017\/10\/20170209_153216_HDREDIT.jpg\"><img decoding=\"async\" class=\"size-full wp-image-113\" src=\"https:\/\/www.genealogiequebec.com\/blog\/wp-content\/uploads\/2017\/10\/20170209_153216_HDREDIT.jpg\" alt=\"\" width=\"937\" height=\"721\" srcset=\"https:\/\/www.genealogiequebec.com\/blog\/wp-content\/uploads\/2017\/10\/20170209_153216_HDREDIT.jpg 937w, https:\/\/www.genealogiequebec.com\/blog\/wp-content\/uploads\/2017\/10\/20170209_153216_HDREDIT-300x231.jpg 300w, https:\/\/www.genealogiequebec.com\/blog\/wp-content\/uploads\/2017\/10\/20170209_153216_HDREDIT-768x591.jpg 768w\" sizes=\"(max-width: 767px) 89vw, (max-width: 1000px) 54vw, (max-width: 1071px) 543px, 580px\" \/><\/a><figcaption id=\"caption-attachment-113\" class=\"wp-caption-text\">S\u00e9bastien Robert et Fran\u00e7ois Desjardins au kiosque de l\u2019Institut Drouin, Roots Tech 2017<\/figcaption><\/figure>\n<p>Nous sommes confiants que les liens cr\u00e9\u00e9s au cours de Roots Tech nous permettront d\u2019acc\u00e9l\u00e9rer le rythme de d\u00e9veloppement de nos bases de donn\u00e9es et ainsi d\u2019offrir davantage d\u2019outils et de ressources\u00a0\u00e0 nos abonn\u00e9s.<\/p>\n<p><strong>Changement d\u2019adresse<\/strong><\/p>\n<p>Finalement, veuillez prendre note que l\u2019adresse postale de l\u2019Institut G\u00e9n\u00e9alogique Drouin a chang\u00e9. Nous sommes maintenant bas\u00e9s \u00e0 Saint-Jacques-le-Mineur.<\/p>\n<p>Cordialement,<\/p>\n<p>L\u2019\u00e9quipe Drouin<\/p>\n","protected":false},"excerpt":{"rendered":"<p>La mise \u00e0 jour bimestrielle du\u00a0LAFRANCE\u00a0a \u00e9t\u00e9 effectu\u00e9e au cours des derniers jours. Les ajouts effectu\u00e9s au\u00a0LAFRANCE\u00a0concernent la p\u00e9riode 1850-1861 pour les bapt\u00eames et s\u00e9pultures ainsi que l\u2019enti\u00e8ret\u00e9 de l\u2019ann\u00e9e 1916 pour les mariages catholiques. La mise \u00e0 jour en chiffre: Bapt\u00eames catholiques 1850-1861 :\u00a010193\u00a0actes ajout\u00e9s S\u00e9pultures catholiques 1850-1861 :\u00a04306\u00a0actes ajout\u00e9s TOUS\u00a0les mariages catholiques de &hellip; <\/p>\n<p class=\"link-more\"><a href=\"https:\/\/www.genealogiequebec.com\/blog\/2017\/02\/17\/mise-a-jour-du-lafrance-et-compte-rendu-de-roots-tech-2017\/\" class=\"more-link\">Continuer la lecture<span class=\"screen-reader-text\"> de &laquo;&nbsp;Mise \u00e0 jour du LAFRANCE et compte rendu de Roots Tech 2017&nbsp;&raquo;<\/span><\/a><\/p>\n","protected":false},"author":1,"featured_media":0,"comment_status":"open","ping_status":"open","sticky":false,"template":"","format":"standard","meta":{"footnotes":""},"categories":[4],"tags":[],"class_list":["post-114","post","type-post","status-publish","format-standard","hentry","category-infolettres"],"yoast_head":"<!-- This site is optimized with the Yoast SEO plugin v26.9 - https:\/\/yoast.com\/product\/yoast-seo-wordpress\/ -->\r\n<title>Mise \u00e0 jour du LAFRANCE et compte rendu de Roots Tech 2017 - G\u00e9n\u00e9alogie et histoire du Qu\u00e9bec<\/title>\r\n<meta name=\"robots\" content=\"index, follow, max-snippet:-1, max-image-preview:large, max-video-preview:-1\" \/>\r\n<link rel=\"canonical\" href=\"https:\/\/www.genealogiequebec.com\/blog\/2017\/02\/17\/mise-a-jour-du-lafrance-et-compte-rendu-de-roots-tech-2017\/\" \/>\r\n<meta property=\"og:locale\" content=\"fr_FR\" \/>\r\n<meta property=\"og:type\" content=\"article\" \/>\r\n<meta property=\"og:title\" content=\"Mise \u00e0 jour du LAFRANCE et compte rendu de Roots Tech 2017 - G\u00e9n\u00e9alogie et histoire du Qu\u00e9bec\" \/>\r\n<meta property=\"og:description\" content=\"La mise \u00e0 jour bimestrielle du\u00a0LAFRANCE\u00a0a \u00e9t\u00e9 effectu\u00e9e au cours des derniers jours. Les ajouts effectu\u00e9s au\u00a0LAFRANCE\u00a0concernent la p\u00e9riode 1850-1861 pour les bapt\u00eames et s\u00e9pultures ainsi que l\u2019enti\u00e8ret\u00e9 de l\u2019ann\u00e9e 1916 pour les mariages catholiques. La mise \u00e0 jour en chiffre: Bapt\u00eames catholiques 1850-1861 :\u00a010193\u00a0actes ajout\u00e9s S\u00e9pultures catholiques 1850-1861 :\u00a04306\u00a0actes ajout\u00e9s TOUS\u00a0les mariages catholiques de &hellip; Continuer la lecture de &laquo;&nbsp;Mise \u00e0 jour du LAFRANCE et compte rendu de Roots Tech 2017&nbsp;&raquo;\" \/>\r\n<meta property=\"og:url\" content=\"https:\/\/www.genealogiequebec.com\/blog\/2017\/02\/17\/mise-a-jour-du-lafrance-et-compte-rendu-de-roots-tech-2017\/\" \/>\r\n<meta property=\"og:site_name\" content=\"G\u00e9n\u00e9alogie et histoire du Qu\u00e9bec\" \/>\r\n<meta property=\"article:publisher\" content=\"https:\/\/www.facebook.com\/InstitutDrouin\" \/>\r\n<meta property=\"article:published_time\" content=\"2017-02-17T20:42:06+00:00\" \/>\r\n<meta property=\"article:modified_time\" content=\"2021-03-16T18:09:19+00:00\" \/>\r\n<meta property=\"og:image\" content=\"https:\/\/www.genealogiequebec.com\/blog\/wp-content\/uploads\/2017\/10\/IGD-large-1024x336.png\" \/>\r\n<meta name=\"author\" content=\"Institut Drouin\" \/>\r\n<meta name=\"twitter:card\" content=\"summary_large_image\" \/>\r\n<meta name=\"twitter:creator\" content=\"@institutdrouin\" \/>\r\n<meta name=\"twitter:site\" content=\"@institutdrouin\" \/>\r\n<meta name=\"twitter:label1\" content=\"\u00c9crit par\" \/>\n\t<meta name=\"twitter:data1\" content=\"Institut Drouin\" \/>\n\t<meta name=\"twitter:label2\" content=\"Dur\u00e9e de lecture estim\u00e9e\" \/>\n\t<meta name=\"twitter:data2\" content=\"3 minutes\" \/>\r\n<script type=\"application\/ld+json\" class=\"yoast-schema-graph\">{\"@context\":\"https:\/\/schema.org\",\"@graph\":[{\"@type\":\"Article\",\"@id\":\"https:\/\/www.genealogiequebec.com\/blog\/2017\/02\/17\/mise-a-jour-du-lafrance-et-compte-rendu-de-roots-tech-2017\/#article\",\"isPartOf\":{\"@id\":\"https:\/\/www.genealogiequebec.com\/blog\/2017\/02\/17\/mise-a-jour-du-lafrance-et-compte-rendu-de-roots-tech-2017\/\"},\"author\":{\"name\":\"Institut Drouin\",\"@id\":\"https:\/\/www.genealogiequebec.com\/blog\/#\/schema\/person\/f1083726f11d1f2b6ead79ec5850ca06\"},\"headline\":\"Mise \u00e0 jour du LAFRANCE et compte rendu de Roots Tech 2017\",\"datePublished\":\"2017-02-17T20:42:06+00:00\",\"dateModified\":\"2021-03-16T18:09:19+00:00\",\"mainEntityOfPage\":{\"@id\":\"https:\/\/www.genealogiequebec.com\/blog\/2017\/02\/17\/mise-a-jour-du-lafrance-et-compte-rendu-de-roots-tech-2017\/\"},\"wordCount\":487,\"commentCount\":0,\"publisher\":{\"@id\":\"https:\/\/www.genealogiequebec.com\/blog\/#organization\"},\"image\":{\"@id\":\"https:\/\/www.genealogiequebec.com\/blog\/2017\/02\/17\/mise-a-jour-du-lafrance-et-compte-rendu-de-roots-tech-2017\/#primaryimage\"},\"thumbnailUrl\":\"https:\/\/www.genealogiequebec.com\/blog\/wp-content\/uploads\/2017\/10\/IGD-large-1024x336.png\",\"articleSection\":[\"Infolettres\"],\"inLanguage\":\"fr-FR\",\"potentialAction\":[{\"@type\":\"CommentAction\",\"name\":\"Comment\",\"target\":[\"https:\/\/www.genealogiequebec.com\/blog\/2017\/02\/17\/mise-a-jour-du-lafrance-et-compte-rendu-de-roots-tech-2017\/#respond\"]}]},{\"@type\":\"WebPage\",\"@id\":\"https:\/\/www.genealogiequebec.com\/blog\/2017\/02\/17\/mise-a-jour-du-lafrance-et-compte-rendu-de-roots-tech-2017\/\",\"url\":\"https:\/\/www.genealogiequebec.com\/blog\/2017\/02\/17\/mise-a-jour-du-lafrance-et-compte-rendu-de-roots-tech-2017\/\",\"name\":\"Mise \u00e0 jour du LAFRANCE et compte rendu de Roots Tech 2017 - G\u00e9n\u00e9alogie et histoire du Qu\u00e9bec\",\"isPartOf\":{\"@id\":\"https:\/\/www.genealogiequebec.com\/blog\/#website\"},\"primaryImageOfPage\":{\"@id\":\"https:\/\/www.genealogiequebec.com\/blog\/2017\/02\/17\/mise-a-jour-du-lafrance-et-compte-rendu-de-roots-tech-2017\/#primaryimage\"},\"image\":{\"@id\":\"https:\/\/www.genealogiequebec.com\/blog\/2017\/02\/17\/mise-a-jour-du-lafrance-et-compte-rendu-de-roots-tech-2017\/#primaryimage\"},\"thumbnailUrl\":\"https:\/\/www.genealogiequebec.com\/blog\/wp-content\/uploads\/2017\/10\/IGD-large-1024x336.png\",\"datePublished\":\"2017-02-17T20:42:06+00:00\",\"dateModified\":\"2021-03-16T18:09:19+00:00\",\"breadcrumb\":{\"@id\":\"https:\/\/www.genealogiequebec.com\/blog\/2017\/02\/17\/mise-a-jour-du-lafrance-et-compte-rendu-de-roots-tech-2017\/#breadcrumb\"},\"inLanguage\":\"fr-FR\",\"potentialAction\":[{\"@type\":\"ReadAction\",\"target\":[\"https:\/\/www.genealogiequebec.com\/blog\/2017\/02\/17\/mise-a-jour-du-lafrance-et-compte-rendu-de-roots-tech-2017\/\"]}]},{\"@type\":\"ImageObject\",\"inLanguage\":\"fr-FR\",\"@id\":\"https:\/\/www.genealogiequebec.com\/blog\/2017\/02\/17\/mise-a-jour-du-lafrance-et-compte-rendu-de-roots-tech-2017\/#primaryimage\",\"url\":\"https:\/\/www.genealogiequebec.com\/blog\/wp-content\/uploads\/2017\/10\/IGD-large.png\",\"contentUrl\":\"https:\/\/www.genealogiequebec.com\/blog\/wp-content\/uploads\/2017\/10\/IGD-large.png\",\"width\":1893,\"height\":621},{\"@type\":\"BreadcrumbList\",\"@id\":\"https:\/\/www.genealogiequebec.com\/blog\/2017\/02\/17\/mise-a-jour-du-lafrance-et-compte-rendu-de-roots-tech-2017\/#breadcrumb\",\"itemListElement\":[{\"@type\":\"ListItem\",\"position\":1,\"name\":\"Accueil\",\"item\":\"https:\/\/www.genealogiequebec.com\/blog\/\"},{\"@type\":\"ListItem\",\"position\":2,\"name\":\"Infolettres\",\"item\":\"https:\/\/www.genealogiequebec.com\/blog\/category\/infolettres\/\"},{\"@type\":\"ListItem\",\"position\":3,\"name\":\"Mise \u00e0 jour du LAFRANCE et compte rendu de Roots Tech 2017\"}]},{\"@type\":\"WebSite\",\"@id\":\"https:\/\/www.genealogiequebec.com\/blog\/#website\",\"url\":\"https:\/\/www.genealogiequebec.com\/blog\/\",\"name\":\"G\u00e9n\u00e9alogie et histoire du Qu\u00e9bec\",\"description\":\"Le blog de l&#039;institut Drouin\",\"publisher\":{\"@id\":\"https:\/\/www.genealogiequebec.com\/blog\/#organization\"},\"potentialAction\":[{\"@type\":\"SearchAction\",\"target\":{\"@type\":\"EntryPoint\",\"urlTemplate\":\"https:\/\/www.genealogiequebec.com\/blog\/?s={search_term_string}\"},\"query-input\":{\"@type\":\"PropertyValueSpecification\",\"valueRequired\":true,\"valueName\":\"search_term_string\"}}],\"inLanguage\":\"fr-FR\"},{\"@type\":\"Organization\",\"@id\":\"https:\/\/www.genealogiequebec.com\/blog\/#organization\",\"name\":\"Institut g\u00e9n\u00e9alogique Drouin\",\"url\":\"https:\/\/www.genealogiequebec.com\/blog\/\",\"logo\":{\"@type\":\"ImageObject\",\"inLanguage\":\"fr-FR\",\"@id\":\"https:\/\/www.genealogiequebec.com\/blog\/#\/schema\/logo\/image\/\",\"url\":\"https:\/\/www.genealogiequebec.com\/blog\/wp-content\/uploads\/2019\/11\/IGD-large.png\",\"contentUrl\":\"https:\/\/www.genealogiequebec.com\/blog\/wp-content\/uploads\/2019\/11\/IGD-large.png\",\"width\":1893,\"height\":621,\"caption\":\"Institut g\u00e9n\u00e9alogique Drouin\"},\"image\":{\"@id\":\"https:\/\/www.genealogiequebec.com\/blog\/#\/schema\/logo\/image\/\"},\"sameAs\":[\"https:\/\/www.facebook.com\/InstitutDrouin\",\"https:\/\/x.com\/institutdrouin\",\"https:\/\/www.instagram.com\/genealogiequebec\/\",\"https:\/\/www.twitter.com\/institutdrouin\"]},{\"@type\":\"Person\",\"@id\":\"https:\/\/www.genealogiequebec.com\/blog\/#\/schema\/person\/f1083726f11d1f2b6ead79ec5850ca06\",\"name\":\"Institut Drouin\",\"image\":{\"@type\":\"ImageObject\",\"inLanguage\":\"fr-FR\",\"@id\":\"https:\/\/www.genealogiequebec.com\/blog\/#\/schema\/person\/image\/\",\"url\":\"https:\/\/secure.gravatar.com\/avatar\/8033ce23576b31b989429c1527bd70a807bbbe88e14f28a4bc5d8892d0bc4e54?s=96&d=mm&r=g\",\"contentUrl\":\"https:\/\/secure.gravatar.com\/avatar\/8033ce23576b31b989429c1527bd70a807bbbe88e14f28a4bc5d8892d0bc4e54?s=96&d=mm&r=g\",\"caption\":\"Institut Drouin\"},\"url\":\"https:\/\/www.genealogiequebec.com\/blog\/author\/institutdrouin\/\"}]}<\/script>\r\n<!-- \/ Yoast SEO plugin. -->","yoast_head_json":{"title":"Mise \u00e0 jour du LAFRANCE et compte rendu de Roots Tech 2017 - G\u00e9n\u00e9alogie et histoire du Qu\u00e9bec","robots":{"index":"index","follow":"follow","max-snippet":"max-snippet:-1","max-image-preview":"max-image-preview:large","max-video-preview":"max-video-preview:-1"},"canonical":"https:\/\/www.genealogiequebec.com\/blog\/2017\/02\/17\/mise-a-jour-du-lafrance-et-compte-rendu-de-roots-tech-2017\/","og_locale":"fr_FR","og_type":"article","og_title":"Mise \u00e0 jour du LAFRANCE et compte rendu de Roots Tech 2017 - G\u00e9n\u00e9alogie et histoire du Qu\u00e9bec","og_description":"La mise \u00e0 jour bimestrielle du\u00a0LAFRANCE\u00a0a \u00e9t\u00e9 effectu\u00e9e au cours des derniers jours. Les ajouts effectu\u00e9s au\u00a0LAFRANCE\u00a0concernent la p\u00e9riode 1850-1861 pour les bapt\u00eames et s\u00e9pultures ainsi que l\u2019enti\u00e8ret\u00e9 de l\u2019ann\u00e9e 1916 pour les mariages catholiques. La mise \u00e0 jour en chiffre: Bapt\u00eames catholiques 1850-1861 :\u00a010193\u00a0actes ajout\u00e9s S\u00e9pultures catholiques 1850-1861 :\u00a04306\u00a0actes ajout\u00e9s TOUS\u00a0les mariages catholiques de &hellip; Continuer la lecture de &laquo;&nbsp;Mise \u00e0 jour du LAFRANCE et compte rendu de Roots Tech 2017&nbsp;&raquo;","og_url":"https:\/\/www.genealogiequebec.com\/blog\/2017\/02\/17\/mise-a-jour-du-lafrance-et-compte-rendu-de-roots-tech-2017\/","og_site_name":"G\u00e9n\u00e9alogie et histoire du Qu\u00e9bec","article_publisher":"https:\/\/www.facebook.com\/InstitutDrouin","article_published_time":"2017-02-17T20:42:06+00:00","article_modified_time":"2021-03-16T18:09:19+00:00","og_image":[{"url":"https:\/\/www.genealogiequebec.com\/blog\/wp-content\/uploads\/2017\/10\/IGD-large-1024x336.png","type":"","width":"","height":""}],"author":"Institut Drouin","twitter_card":"summary_large_image","twitter_creator":"@institutdrouin","twitter_site":"@institutdrouin","twitter_misc":{"\u00c9crit par":"Institut Drouin","Dur\u00e9e de lecture estim\u00e9e":"3 minutes"},"schema":{"@context":"https:\/\/schema.org","@graph":[{"@type":"Article","@id":"https:\/\/www.genealogiequebec.com\/blog\/2017\/02\/17\/mise-a-jour-du-lafrance-et-compte-rendu-de-roots-tech-2017\/#article","isPartOf":{"@id":"https:\/\/www.genealogiequebec.com\/blog\/2017\/02\/17\/mise-a-jour-du-lafrance-et-compte-rendu-de-roots-tech-2017\/"},"author":{"name":"Institut Drouin","@id":"https:\/\/www.genealogiequebec.com\/blog\/#\/schema\/person\/f1083726f11d1f2b6ead79ec5850ca06"},"headline":"Mise \u00e0 jour du LAFRANCE et compte rendu de Roots Tech 2017","datePublished":"2017-02-17T20:42:06+00:00","dateModified":"2021-03-16T18:09:19+00:00","mainEntityOfPage":{"@id":"https:\/\/www.genealogiequebec.com\/blog\/2017\/02\/17\/mise-a-jour-du-lafrance-et-compte-rendu-de-roots-tech-2017\/"},"wordCount":487,"commentCount":0,"publisher":{"@id":"https:\/\/www.genealogiequebec.com\/blog\/#organization"},"image":{"@id":"https:\/\/www.genealogiequebec.com\/blog\/2017\/02\/17\/mise-a-jour-du-lafrance-et-compte-rendu-de-roots-tech-2017\/#primaryimage"},"thumbnailUrl":"https:\/\/www.genealogiequebec.com\/blog\/wp-content\/uploads\/2017\/10\/IGD-large-1024x336.png","articleSection":["Infolettres"],"inLanguage":"fr-FR","potentialAction":[{"@type":"CommentAction","name":"Comment","target":["https:\/\/www.genealogiequebec.com\/blog\/2017\/02\/17\/mise-a-jour-du-lafrance-et-compte-rendu-de-roots-tech-2017\/#respond"]}]},{"@type":"WebPage","@id":"https:\/\/www.genealogiequebec.com\/blog\/2017\/02\/17\/mise-a-jour-du-lafrance-et-compte-rendu-de-roots-tech-2017\/","url":"https:\/\/www.genealogiequebec.com\/blog\/2017\/02\/17\/mise-a-jour-du-lafrance-et-compte-rendu-de-roots-tech-2017\/","name":"Mise \u00e0 jour du LAFRANCE et compte rendu de Roots Tech 2017 - G\u00e9n\u00e9alogie et histoire du Qu\u00e9bec","isPartOf":{"@id":"https:\/\/www.genealogiequebec.com\/blog\/#website"},"primaryImageOfPage":{"@id":"https:\/\/www.genealogiequebec.com\/blog\/2017\/02\/17\/mise-a-jour-du-lafrance-et-compte-rendu-de-roots-tech-2017\/#primaryimage"},"image":{"@id":"https:\/\/www.genealogiequebec.com\/blog\/2017\/02\/17\/mise-a-jour-du-lafrance-et-compte-rendu-de-roots-tech-2017\/#primaryimage"},"thumbnailUrl":"https:\/\/www.genealogiequebec.com\/blog\/wp-content\/uploads\/2017\/10\/IGD-large-1024x336.png","datePublished":"2017-02-17T20:42:06+00:00","dateModified":"2021-03-16T18:09:19+00:00","breadcrumb":{"@id":"https:\/\/www.genealogiequebec.com\/blog\/2017\/02\/17\/mise-a-jour-du-lafrance-et-compte-rendu-de-roots-tech-2017\/#breadcrumb"},"inLanguage":"fr-FR","potentialAction":[{"@type":"ReadAction","target":["https:\/\/www.genealogiequebec.com\/blog\/2017\/02\/17\/mise-a-jour-du-lafrance-et-compte-rendu-de-roots-tech-2017\/"]}]},{"@type":"ImageObject","inLanguage":"fr-FR","@id":"https:\/\/www.genealogiequebec.com\/blog\/2017\/02\/17\/mise-a-jour-du-lafrance-et-compte-rendu-de-roots-tech-2017\/#primaryimage","url":"https:\/\/www.genealogiequebec.com\/blog\/wp-content\/uploads\/2017\/10\/IGD-large.png","contentUrl":"https:\/\/www.genealogiequebec.com\/blog\/wp-content\/uploads\/2017\/10\/IGD-large.png","width":1893,"height":621},{"@type":"BreadcrumbList","@id":"https:\/\/www.genealogiequebec.com\/blog\/2017\/02\/17\/mise-a-jour-du-lafrance-et-compte-rendu-de-roots-tech-2017\/#breadcrumb","itemListElement":[{"@type":"ListItem","position":1,"name":"Accueil","item":"https:\/\/www.genealogiequebec.com\/blog\/"},{"@type":"ListItem","position":2,"name":"Infolettres","item":"https:\/\/www.genealogiequebec.com\/blog\/category\/infolettres\/"},{"@type":"ListItem","position":3,"name":"Mise \u00e0 jour du LAFRANCE et compte rendu de Roots Tech 2017"}]},{"@type":"WebSite","@id":"https:\/\/www.genealogiequebec.com\/blog\/#website","url":"https:\/\/www.genealogiequebec.com\/blog\/","name":"G\u00e9n\u00e9alogie et histoire du Qu\u00e9bec","description":"Le blog de l&#039;institut Drouin","publisher":{"@id":"https:\/\/www.genealogiequebec.com\/blog\/#organization"},"potentialAction":[{"@type":"SearchAction","target":{"@type":"EntryPoint","urlTemplate":"https:\/\/www.genealogiequebec.com\/blog\/?s={search_term_string}"},"query-input":{"@type":"PropertyValueSpecification","valueRequired":true,"valueName":"search_term_string"}}],"inLanguage":"fr-FR"},{"@type":"Organization","@id":"https:\/\/www.genealogiequebec.com\/blog\/#organization","name":"Institut g\u00e9n\u00e9alogique Drouin","url":"https:\/\/www.genealogiequebec.com\/blog\/","logo":{"@type":"ImageObject","inLanguage":"fr-FR","@id":"https:\/\/www.genealogiequebec.com\/blog\/#\/schema\/logo\/image\/","url":"https:\/\/www.genealogiequebec.com\/blog\/wp-content\/uploads\/2019\/11\/IGD-large.png","contentUrl":"https:\/\/www.genealogiequebec.com\/blog\/wp-content\/uploads\/2019\/11\/IGD-large.png","width":1893,"height":621,"caption":"Institut g\u00e9n\u00e9alogique Drouin"},"image":{"@id":"https:\/\/www.genealogiequebec.com\/blog\/#\/schema\/logo\/image\/"},"sameAs":["https:\/\/www.facebook.com\/InstitutDrouin","https:\/\/x.com\/institutdrouin","https:\/\/www.instagram.com\/genealogiequebec\/","https:\/\/www.twitter.com\/institutdrouin"]},{"@type":"Person","@id":"https:\/\/www.genealogiequebec.com\/blog\/#\/schema\/person\/f1083726f11d1f2b6ead79ec5850ca06","name":"Institut Drouin","image":{"@type":"ImageObject","inLanguage":"fr-FR","@id":"https:\/\/www.genealogiequebec.com\/blog\/#\/schema\/person\/image\/","url":"https:\/\/secure.gravatar.com\/avatar\/8033ce23576b31b989429c1527bd70a807bbbe88e14f28a4bc5d8892d0bc4e54?s=96&d=mm&r=g","contentUrl":"https:\/\/secure.gravatar.com\/avatar\/8033ce23576b31b989429c1527bd70a807bbbe88e14f28a4bc5d8892d0bc4e54?s=96&d=mm&r=g","caption":"Institut Drouin"},"url":"https:\/\/www.genealogiequebec.com\/blog\/author\/institutdrouin\/"}]}},"_links":{"self":[{"href":"https:\/\/www.genealogiequebec.com\/blog\/wp-json\/wp\/v2\/posts\/114","targetHints":{"allow":["GET"]}}],"collection":[{"href":"https:\/\/www.genealogiequebec.com\/blog\/wp-json\/wp\/v2\/posts"}],"about":[{"href":"https:\/\/www.genealogiequebec.com\/blog\/wp-json\/wp\/v2\/types\/post"}],"author":[{"embeddable":true,"href":"https:\/\/www.genealogiequebec.com\/blog\/wp-json\/wp\/v2\/users\/1"}],"replies":[{"embeddable":true,"href":"https:\/\/www.genealogiequebec.com\/blog\/wp-json\/wp\/v2\/comments?post=114"}],"version-history":[{"count":2,"href":"https:\/\/www.genealogiequebec.com\/blog\/wp-json\/wp\/v2\/posts\/114\/revisions"}],"predecessor-version":[{"id":2218,"href":"https:\/\/www.genealogiequebec.com\/blog\/wp-json\/wp\/v2\/posts\/114\/revisions\/2218"}],"wp:attachment":[{"href":"https:\/\/www.genealogiequebec.com\/blog\/wp-json\/wp\/v2\/media?parent=114"}],"wp:term":[{"taxonomy":"category","embeddable":true,"href":"https:\/\/www.genealogiequebec.com\/blog\/wp-json\/wp\/v2\/categories?post=114"},{"taxonomy":"post_tag","embeddable":true,"href":"https:\/\/www.genealogiequebec.com\/blog\/wp-json\/wp\/v2\/tags?post=114"}],"curies":[{"name":"wp","href":"https:\/\/api.w.org\/{rel}","templated":true}]}}