{"id":1176,"date":"2019-06-10T13:11:22","date_gmt":"2019-06-10T17:11:22","guid":{"rendered":"https:\/\/www.genealogiequebec.com\/blog\/?p=1176\/"},"modified":"2019-06-10T13:11:22","modified_gmt":"2019-06-10T17:11:22","slug":"tous-les-mariages-catholiques-du-quebec-de-1918-ont-ete-ajoutes-au-lafrance","status":"publish","type":"post","link":"https:\/\/www.genealogiequebec.com\/blog\/2019\/06\/10\/tous-les-mariages-catholiques-du-quebec-de-1918-ont-ete-ajoutes-au-lafrance\/","title":{"rendered":"Tous les mariages catholiques du Qu\u00e9bec de 1918 ont \u00e9t\u00e9 ajout\u00e9s au LAFRANCE!"},"content":{"rendered":"<p><a href=\"https:\/\/www.genealogiequebec.com\/blog\/wp-content\/uploads\/2017\/10\/IGD-large.png\"><img decoding=\"async\" class=\"alignnone size-large wp-image-83\" src=\"https:\/\/www.genealogiequebec.com\/blog\/wp-content\/uploads\/2017\/10\/IGD-large-1024x336.png\" alt=\"\" width=\"525\" height=\"172\" srcset=\"https:\/\/www.genealogiequebec.com\/blog\/wp-content\/uploads\/2017\/10\/IGD-large-1024x336.png 1024w, https:\/\/www.genealogiequebec.com\/blog\/wp-content\/uploads\/2017\/10\/IGD-large-300x98.png 300w, https:\/\/www.genealogiequebec.com\/blog\/wp-content\/uploads\/2017\/10\/IGD-large-768x252.png 768w, https:\/\/www.genealogiequebec.com\/blog\/wp-content\/uploads\/2017\/10\/IGD-large.png 1893w\" sizes=\"(max-width: 525px) 100vw, 525px\" \/><\/a><\/p>\n<p>Tous les mariages catholiques du Qu\u00e9bec de l&rsquo;ann\u00e9e 1918 viennent d&rsquo;\u00eatre ajout\u00e9s au\u00a0<em>LAFRANCE<\/em>, un des 16 outils disponibles aux abonn\u00e9s de\u00a0<a href=\"https:\/\/www.genealogiequebec.com\/fr\/\" target=\"_blank\" rel=\"noopener\">GenealogieQuebec.com<\/a>!<\/p>\n<p>Cette mise \u00e0 jour repr\u00e9sente l&rsquo;ajout de\u00a0<strong>11 167<\/strong>\u00a0actes de mariage \u00e0 la base de donn\u00e9es.<\/p>\n<h1>\u00c0 propos du\u00a0<em>LAFRANCE<\/em><\/h1>\n<p>Le\u00a0<em>LAFRANCE<\/em>, un des\u00a0<a href=\"https:\/\/www.genealogiequebec.com\/fr\/tools\" target=\"_blank\" rel=\"noopener\">16 outils<\/a>\u00a0offerts aux abonn\u00e9s de\u00a0GenealogieQuebec.com, est un index d\u00e9taill\u00e9 avec lien au document original de\u00a0<strong>TOUS\u00a0<\/strong>les mariages catholiques du Qu\u00e9bec de 1621 \u00e0 1918,\u00a0<strong>TOUS\u00a0<\/strong>les bapt\u00eames et\u00a0<strong>TOUTES\u00a0<\/strong>les s\u00e9pultures catholiques du Qu\u00e9bec de 1621 \u00e0 1861\u00a0ainsi que\u00a0<strong>TOUS\u00a0<\/strong>les mariages protestants du Qu\u00e9bec de 1760 \u00e0 1849.<\/p>\n<p><a href=\"https:\/\/gallery.mailchimp.com\/2b0f8252c19c3cd9706a29323\/images\/0bfd3520-0a25-4a40-9000-4a417d644521.png\" target=\"_blank\" rel=\"noopener\"><img decoding=\"async\" src=\"https:\/\/gallery.mailchimp.com\/2b0f8252c19c3cd9706a29323\/images\/0bfd3520-0a25-4a40-9000-4a417d644521.png\" width=\"600\" height=\"206\" data-file-id=\"1535785\" \/><\/a><\/p>\n<p>Commencez \u00e0 retracer vos anc\u00eatres \u00e0 l&rsquo;aide du\u00a0<em>LAFRANCE\u00a0<\/em>en vous abonnant \u00e0 G\u00e9n\u00e9alogie Qu\u00e9bec d\u00e8s maintenant!<\/p>\n<p><a href=\"https:\/\/www.genealogiequebec.com\/fr\/abonnement\"><img decoding=\"async\" class=\"aligncenter size-large\" src=\"https:\/\/i.imgur.com\/iH5P9Mo.png\" width=\"280\" height=\"51\" \/><\/a><\/p>\n<h1 class=\"null\">Trouver le document original pour les mariages de 1918<\/h1>\n<p>Lorsque vous consultez une fiche de mariage sur le\u00a0<em>LAFRANCE<\/em>, une image du document paroissial original y est g\u00e9n\u00e9ralement associ\u00e9e.<\/p>\n<p>Dans le cas des mariages catholiques du Qu\u00e9bec de l&rsquo;ann\u00e9e 1918, l&rsquo;association entre la fiche et\u00a0l&rsquo;image n&rsquo;a pas encore \u00e9t\u00e9 effectu\u00e9e. Nous pr\u00e9voyons compl\u00e9ter ces associations d&rsquo;ici quelques semaines. En attendant, vous devrez vous r\u00e9f\u00e9rer aux\u00a0<a href=\"https:\/\/www.genealogiequebec.com\/blog\/2017\/10\/01\/les-registres-du-fonds-drouin\/\" target=\"_blank\" rel=\"noopener\">Registres du Fonds Drouin<\/a>\u00a0afin de consulter le document original.<\/p>\n<p>Pour se faire, d\u00e9butez avec le certificat de mariage qui vous int\u00e9resse. Nous utiliserons le mariage de Charles \u00c9mile Fillion et Yvonne Boucher le 18 juin 1918 \u00e0 Matane comme exemple.<\/p>\n<p><a href=\"https:\/\/gallery.mailchimp.com\/2b0f8252c19c3cd9706a29323\/images\/d2bf2fdd-2ab1-4265-9e3e-0f46a4c23e3d.png\" target=\"_blank\" rel=\"noopener\"><img decoding=\"async\" src=\"https:\/\/gallery.mailchimp.com\/2b0f8252c19c3cd9706a29323\/images\/d2bf2fdd-2ab1-4265-9e3e-0f46a4c23e3d.png\" width=\"600\" height=\"793\" data-file-id=\"1536037\" \/><\/a><\/p>\n<p>Nous d\u00e9butons en consultant l&rsquo;outil\u00a0<a href=\"https:\/\/www.genealogiequebec.com\/membership\/fr\/fonds-drouin\/REGISTRES\" target=\"_blank\" rel=\"noopener\">Registres du Fonds Drouin<\/a>, dans lequel nous ouvrons le dossier \u00ab\u00a0<em>Qu\u00e9bec<\/em>\u00ab\u00a0. Celui-ci contient tous les registres paroissiaux du Qu\u00e9bec de 1621 aux ann\u00e9es 1940.<\/p>\n<p><a href=\"https:\/\/gallery.mailchimp.com\/2b0f8252c19c3cd9706a29323\/images\/158d74bd-a208-4924-959c-b0470697f296.png\" target=\"_blank\" rel=\"noopener\"><img decoding=\"async\" src=\"https:\/\/gallery.mailchimp.com\/2b0f8252c19c3cd9706a29323\/images\/158d74bd-a208-4924-959c-b0470697f296.png\" width=\"600\" height=\"403\" data-file-id=\"1536013\" \/><\/a><\/p>\n<p>Il s&rsquo;agit ensuite de trouver, dans les diff\u00e9rents dossiers, la paroisse dans laquelle le mariage recherch\u00e9 a \u00e9t\u00e9 enregistr\u00e9. Comme indiqu\u00e9 dans la fiche du mariage que nous avons choisi, la paroisse est Matane. Nous la trouverons donc sous le dossier \u00ab\u00a0<em>M<\/em>\u00ab\u00a0.<\/p>\n<p><a href=\"https:\/\/gallery.mailchimp.com\/2b0f8252c19c3cd9706a29323\/images\/46de401a-4bb0-4dd5-93ba-4ba8ef1e4ea2.png\" target=\"_blank\" rel=\"noopener\"><img decoding=\"async\" src=\"https:\/\/gallery.mailchimp.com\/2b0f8252c19c3cd9706a29323\/images\/46de401a-4bb0-4dd5-93ba-4ba8ef1e4ea2.png\" width=\"600\" height=\"389\" data-file-id=\"1536017\" \/><\/a><\/p>\n<p>Finalement, en consultant le dossier \u00ab\u00a0<em>1918&Prime;<\/em>, nous obtenons la liste des images du registre de Matane pour cette ann\u00e9e. Les images sont class\u00e9es en ordre chronologique; les premi\u00e8res contiendront les actes de janvier et les derni\u00e8res ceux de d\u00e9cembre. Le mariage qui nous int\u00e9resse ayant \u00e9t\u00e9 c\u00e9l\u00e9br\u00e9 le 18 juin, nous savons que l&rsquo;image contenant cet acte original se trouvera au milieu de la s\u00e9rie d&rsquo;images.<\/p>\n<p><a href=\"https:\/\/gallery.mailchimp.com\/2b0f8252c19c3cd9706a29323\/images\/426bc6c5-f77f-4a68-afcb-e5608618def0.png\" target=\"_blank\" rel=\"noopener\"><img decoding=\"async\" src=\"https:\/\/gallery.mailchimp.com\/2b0f8252c19c3cd9706a29323\/images\/426bc6c5-f77f-4a68-afcb-e5608618def0.png\" width=\"600\" height=\"292\" data-file-id=\"1536029\" \/><\/a><\/p>\n<p>En effet, apr\u00e8s avoir parcouru quelques images, nous avons pu\u00a0retrouver\u00a0le document original du mariage de Charles \u00c9mile Fillion et Yvonne Boucher.<\/p>\n<h1 class=\"null\">Nouveaut\u00e9s sur le blog de l&rsquo;Institut Drouin<\/h1>\n<p><a href=\"https:\/\/www.genealogiequebec.com\/blog\/2019\/06\/05\/les-surnoms-et-les-noms-dit-canadiens-francais\/\" target=\"_blank\" rel=\"noopener\">Les surnoms et les \u00ab noms dit \u00bb canadiens-fran\u00e7ais<\/a>, par Fran\u00e7ois Desjardins<\/p>\n<p>&nbsp;<\/p>\n<p>G\u00e9n\u00e9alogiquement v\u00f4tre,<\/p>\n<p>L&rsquo;\u00e9quipe Drouin<\/p>\n","protected":false},"excerpt":{"rendered":"<p>Tous les mariages catholiques du Qu\u00e9bec de l&rsquo;ann\u00e9e 1918 viennent d&rsquo;\u00eatre ajout\u00e9s au\u00a0LAFRANCE, un des 16 outils disponibles aux abonn\u00e9s de\u00a0GenealogieQuebec.com! Cette mise \u00e0 jour repr\u00e9sente l&rsquo;ajout de\u00a011 167\u00a0actes de mariage \u00e0 la base de donn\u00e9es. \u00c0 propos du\u00a0LAFRANCE Le\u00a0LAFRANCE, un des\u00a016 outils\u00a0offerts aux abonn\u00e9s de\u00a0GenealogieQuebec.com, est un index d\u00e9taill\u00e9 avec lien au document original &hellip; <\/p>\n<p class=\"link-more\"><a href=\"https:\/\/www.genealogiequebec.com\/blog\/2019\/06\/10\/tous-les-mariages-catholiques-du-quebec-de-1918-ont-ete-ajoutes-au-lafrance\/\" class=\"more-link\">Continuer la lecture<span class=\"screen-reader-text\"> de &laquo;&nbsp;Tous les mariages catholiques du Qu\u00e9bec de 1918 ont \u00e9t\u00e9 ajout\u00e9s au LAFRANCE!&nbsp;&raquo;<\/span><\/a><\/p>\n","protected":false},"author":1,"featured_media":0,"comment_status":"closed","ping_status":"open","sticky":false,"template":"","format":"standard","meta":{"footnotes":""},"categories":[4],"tags":[],"class_list":["post-1176","post","type-post","status-publish","format-standard","hentry","category-infolettres"],"yoast_head":"<!-- This site is optimized with the Yoast SEO plugin v26.9 - https:\/\/yoast.com\/product\/yoast-seo-wordpress\/ -->\r\n<title>Tous les mariages catholiques du Qu\u00e9bec de 1918 ont \u00e9t\u00e9 ajout\u00e9s au LAFRANCE! - G\u00e9n\u00e9alogie et histoire du Qu\u00e9bec<\/title>\r\n<meta name=\"robots\" content=\"index, follow, max-snippet:-1, max-image-preview:large, max-video-preview:-1\" \/>\r\n<link rel=\"canonical\" href=\"https:\/\/www.genealogiequebec.com\/blog\/2019\/06\/10\/tous-les-mariages-catholiques-du-quebec-de-1918-ont-ete-ajoutes-au-lafrance\/\" \/>\r\n<meta property=\"og:locale\" content=\"fr_FR\" \/>\r\n<meta property=\"og:type\" content=\"article\" \/>\r\n<meta property=\"og:title\" content=\"Tous les mariages catholiques du Qu\u00e9bec de 1918 ont \u00e9t\u00e9 ajout\u00e9s au LAFRANCE! - G\u00e9n\u00e9alogie et histoire du Qu\u00e9bec\" \/>\r\n<meta property=\"og:description\" content=\"Tous les mariages catholiques du Qu\u00e9bec de l&rsquo;ann\u00e9e 1918 viennent d&rsquo;\u00eatre ajout\u00e9s au\u00a0LAFRANCE, un des 16 outils disponibles aux abonn\u00e9s de\u00a0GenealogieQuebec.com! Cette mise \u00e0 jour repr\u00e9sente l&rsquo;ajout de\u00a011 167\u00a0actes de mariage \u00e0 la base de donn\u00e9es. \u00c0 propos du\u00a0LAFRANCE Le\u00a0LAFRANCE, un des\u00a016 outils\u00a0offerts aux abonn\u00e9s de\u00a0GenealogieQuebec.com, est un index d\u00e9taill\u00e9 avec lien au document original &hellip; Continuer la lecture de &laquo;&nbsp;Tous les mariages catholiques du Qu\u00e9bec de 1918 ont \u00e9t\u00e9 ajout\u00e9s au LAFRANCE!&nbsp;&raquo;\" \/>\r\n<meta property=\"og:url\" content=\"https:\/\/www.genealogiequebec.com\/blog\/2019\/06\/10\/tous-les-mariages-catholiques-du-quebec-de-1918-ont-ete-ajoutes-au-lafrance\/\" \/>\r\n<meta property=\"og:site_name\" content=\"G\u00e9n\u00e9alogie et histoire du Qu\u00e9bec\" \/>\r\n<meta property=\"article:publisher\" content=\"https:\/\/www.facebook.com\/InstitutDrouin\" \/>\r\n<meta property=\"article:published_time\" content=\"2019-06-10T17:11:22+00:00\" \/>\r\n<meta property=\"og:image\" content=\"https:\/\/www.genealogiequebec.com\/blog\/wp-content\/uploads\/2017\/10\/IGD-large-1024x336.png\" \/>\r\n<meta name=\"author\" content=\"Institut Drouin\" \/>\r\n<meta name=\"twitter:card\" content=\"summary_large_image\" \/>\r\n<meta name=\"twitter:creator\" content=\"@institutdrouin\" \/>\r\n<meta name=\"twitter:site\" content=\"@institutdrouin\" \/>\r\n<meta name=\"twitter:label1\" content=\"\u00c9crit par\" \/>\n\t<meta name=\"twitter:data1\" content=\"Institut Drouin\" \/>\n\t<meta name=\"twitter:label2\" content=\"Dur\u00e9e de lecture estim\u00e9e\" \/>\n\t<meta name=\"twitter:data2\" content=\"2 minutes\" \/>\r\n<script type=\"application\/ld+json\" class=\"yoast-schema-graph\">{\"@context\":\"https:\/\/schema.org\",\"@graph\":[{\"@type\":\"Article\",\"@id\":\"https:\/\/www.genealogiequebec.com\/blog\/2019\/06\/10\/tous-les-mariages-catholiques-du-quebec-de-1918-ont-ete-ajoutes-au-lafrance\/#article\",\"isPartOf\":{\"@id\":\"https:\/\/www.genealogiequebec.com\/blog\/2019\/06\/10\/tous-les-mariages-catholiques-du-quebec-de-1918-ont-ete-ajoutes-au-lafrance\/\"},\"author\":{\"name\":\"Institut Drouin\",\"@id\":\"https:\/\/www.genealogiequebec.com\/blog\/#\/schema\/person\/f1083726f11d1f2b6ead79ec5850ca06\"},\"headline\":\"Tous les mariages catholiques du Qu\u00e9bec de 1918 ont \u00e9t\u00e9 ajout\u00e9s au LAFRANCE!\",\"datePublished\":\"2019-06-10T17:11:22+00:00\",\"mainEntityOfPage\":{\"@id\":\"https:\/\/www.genealogiequebec.com\/blog\/2019\/06\/10\/tous-les-mariages-catholiques-du-quebec-de-1918-ont-ete-ajoutes-au-lafrance\/\"},\"wordCount\":447,\"publisher\":{\"@id\":\"https:\/\/www.genealogiequebec.com\/blog\/#organization\"},\"image\":{\"@id\":\"https:\/\/www.genealogiequebec.com\/blog\/2019\/06\/10\/tous-les-mariages-catholiques-du-quebec-de-1918-ont-ete-ajoutes-au-lafrance\/#primaryimage\"},\"thumbnailUrl\":\"https:\/\/www.genealogiequebec.com\/blog\/wp-content\/uploads\/2017\/10\/IGD-large-1024x336.png\",\"articleSection\":[\"Infolettres\"],\"inLanguage\":\"fr-FR\"},{\"@type\":\"WebPage\",\"@id\":\"https:\/\/www.genealogiequebec.com\/blog\/2019\/06\/10\/tous-les-mariages-catholiques-du-quebec-de-1918-ont-ete-ajoutes-au-lafrance\/\",\"url\":\"https:\/\/www.genealogiequebec.com\/blog\/2019\/06\/10\/tous-les-mariages-catholiques-du-quebec-de-1918-ont-ete-ajoutes-au-lafrance\/\",\"name\":\"Tous les mariages catholiques du Qu\u00e9bec de 1918 ont \u00e9t\u00e9 ajout\u00e9s au LAFRANCE! - G\u00e9n\u00e9alogie et histoire du Qu\u00e9bec\",\"isPartOf\":{\"@id\":\"https:\/\/www.genealogiequebec.com\/blog\/#website\"},\"primaryImageOfPage\":{\"@id\":\"https:\/\/www.genealogiequebec.com\/blog\/2019\/06\/10\/tous-les-mariages-catholiques-du-quebec-de-1918-ont-ete-ajoutes-au-lafrance\/#primaryimage\"},\"image\":{\"@id\":\"https:\/\/www.genealogiequebec.com\/blog\/2019\/06\/10\/tous-les-mariages-catholiques-du-quebec-de-1918-ont-ete-ajoutes-au-lafrance\/#primaryimage\"},\"thumbnailUrl\":\"https:\/\/www.genealogiequebec.com\/blog\/wp-content\/uploads\/2017\/10\/IGD-large-1024x336.png\",\"datePublished\":\"2019-06-10T17:11:22+00:00\",\"breadcrumb\":{\"@id\":\"https:\/\/www.genealogiequebec.com\/blog\/2019\/06\/10\/tous-les-mariages-catholiques-du-quebec-de-1918-ont-ete-ajoutes-au-lafrance\/#breadcrumb\"},\"inLanguage\":\"fr-FR\",\"potentialAction\":[{\"@type\":\"ReadAction\",\"target\":[\"https:\/\/www.genealogiequebec.com\/blog\/2019\/06\/10\/tous-les-mariages-catholiques-du-quebec-de-1918-ont-ete-ajoutes-au-lafrance\/\"]}]},{\"@type\":\"ImageObject\",\"inLanguage\":\"fr-FR\",\"@id\":\"https:\/\/www.genealogiequebec.com\/blog\/2019\/06\/10\/tous-les-mariages-catholiques-du-quebec-de-1918-ont-ete-ajoutes-au-lafrance\/#primaryimage\",\"url\":\"https:\/\/www.genealogiequebec.com\/blog\/wp-content\/uploads\/2017\/10\/IGD-large.png\",\"contentUrl\":\"https:\/\/www.genealogiequebec.com\/blog\/wp-content\/uploads\/2017\/10\/IGD-large.png\",\"width\":1893,\"height\":621},{\"@type\":\"BreadcrumbList\",\"@id\":\"https:\/\/www.genealogiequebec.com\/blog\/2019\/06\/10\/tous-les-mariages-catholiques-du-quebec-de-1918-ont-ete-ajoutes-au-lafrance\/#breadcrumb\",\"itemListElement\":[{\"@type\":\"ListItem\",\"position\":1,\"name\":\"Accueil\",\"item\":\"https:\/\/www.genealogiequebec.com\/blog\/\"},{\"@type\":\"ListItem\",\"position\":2,\"name\":\"Infolettres\",\"item\":\"https:\/\/www.genealogiequebec.com\/blog\/category\/infolettres\/\"},{\"@type\":\"ListItem\",\"position\":3,\"name\":\"Tous les mariages catholiques du Qu\u00e9bec de 1918 ont \u00e9t\u00e9 ajout\u00e9s au LAFRANCE!\"}]},{\"@type\":\"WebSite\",\"@id\":\"https:\/\/www.genealogiequebec.com\/blog\/#website\",\"url\":\"https:\/\/www.genealogiequebec.com\/blog\/\",\"name\":\"G\u00e9n\u00e9alogie et histoire du Qu\u00e9bec\",\"description\":\"Le blog de l&#039;institut Drouin\",\"publisher\":{\"@id\":\"https:\/\/www.genealogiequebec.com\/blog\/#organization\"},\"potentialAction\":[{\"@type\":\"SearchAction\",\"target\":{\"@type\":\"EntryPoint\",\"urlTemplate\":\"https:\/\/www.genealogiequebec.com\/blog\/?s={search_term_string}\"},\"query-input\":{\"@type\":\"PropertyValueSpecification\",\"valueRequired\":true,\"valueName\":\"search_term_string\"}}],\"inLanguage\":\"fr-FR\"},{\"@type\":\"Organization\",\"@id\":\"https:\/\/www.genealogiequebec.com\/blog\/#organization\",\"name\":\"Institut g\u00e9n\u00e9alogique Drouin\",\"url\":\"https:\/\/www.genealogiequebec.com\/blog\/\",\"logo\":{\"@type\":\"ImageObject\",\"inLanguage\":\"fr-FR\",\"@id\":\"https:\/\/www.genealogiequebec.com\/blog\/#\/schema\/logo\/image\/\",\"url\":\"https:\/\/www.genealogiequebec.com\/blog\/wp-content\/uploads\/2019\/11\/IGD-large.png\",\"contentUrl\":\"https:\/\/www.genealogiequebec.com\/blog\/wp-content\/uploads\/2019\/11\/IGD-large.png\",\"width\":1893,\"height\":621,\"caption\":\"Institut g\u00e9n\u00e9alogique Drouin\"},\"image\":{\"@id\":\"https:\/\/www.genealogiequebec.com\/blog\/#\/schema\/logo\/image\/\"},\"sameAs\":[\"https:\/\/www.facebook.com\/InstitutDrouin\",\"https:\/\/x.com\/institutdrouin\",\"https:\/\/www.instagram.com\/genealogiequebec\/\",\"https:\/\/www.twitter.com\/institutdrouin\"]},{\"@type\":\"Person\",\"@id\":\"https:\/\/www.genealogiequebec.com\/blog\/#\/schema\/person\/f1083726f11d1f2b6ead79ec5850ca06\",\"name\":\"Institut Drouin\",\"image\":{\"@type\":\"ImageObject\",\"inLanguage\":\"fr-FR\",\"@id\":\"https:\/\/www.genealogiequebec.com\/blog\/#\/schema\/person\/image\/\",\"url\":\"https:\/\/secure.gravatar.com\/avatar\/8033ce23576b31b989429c1527bd70a807bbbe88e14f28a4bc5d8892d0bc4e54?s=96&d=mm&r=g\",\"contentUrl\":\"https:\/\/secure.gravatar.com\/avatar\/8033ce23576b31b989429c1527bd70a807bbbe88e14f28a4bc5d8892d0bc4e54?s=96&d=mm&r=g\",\"caption\":\"Institut Drouin\"},\"url\":\"https:\/\/www.genealogiequebec.com\/blog\/author\/institutdrouin\/\"}]}<\/script>\r\n<!-- \/ Yoast SEO plugin. -->","yoast_head_json":{"title":"Tous les mariages catholiques du Qu\u00e9bec de 1918 ont \u00e9t\u00e9 ajout\u00e9s au LAFRANCE! - G\u00e9n\u00e9alogie et histoire du Qu\u00e9bec","robots":{"index":"index","follow":"follow","max-snippet":"max-snippet:-1","max-image-preview":"max-image-preview:large","max-video-preview":"max-video-preview:-1"},"canonical":"https:\/\/www.genealogiequebec.com\/blog\/2019\/06\/10\/tous-les-mariages-catholiques-du-quebec-de-1918-ont-ete-ajoutes-au-lafrance\/","og_locale":"fr_FR","og_type":"article","og_title":"Tous les mariages catholiques du Qu\u00e9bec de 1918 ont \u00e9t\u00e9 ajout\u00e9s au LAFRANCE! - G\u00e9n\u00e9alogie et histoire du Qu\u00e9bec","og_description":"Tous les mariages catholiques du Qu\u00e9bec de l&rsquo;ann\u00e9e 1918 viennent d&rsquo;\u00eatre ajout\u00e9s au\u00a0LAFRANCE, un des 16 outils disponibles aux abonn\u00e9s de\u00a0GenealogieQuebec.com! Cette mise \u00e0 jour repr\u00e9sente l&rsquo;ajout de\u00a011 167\u00a0actes de mariage \u00e0 la base de donn\u00e9es. \u00c0 propos du\u00a0LAFRANCE Le\u00a0LAFRANCE, un des\u00a016 outils\u00a0offerts aux abonn\u00e9s de\u00a0GenealogieQuebec.com, est un index d\u00e9taill\u00e9 avec lien au document original &hellip; Continuer la lecture de &laquo;&nbsp;Tous les mariages catholiques du Qu\u00e9bec de 1918 ont \u00e9t\u00e9 ajout\u00e9s au LAFRANCE!&nbsp;&raquo;","og_url":"https:\/\/www.genealogiequebec.com\/blog\/2019\/06\/10\/tous-les-mariages-catholiques-du-quebec-de-1918-ont-ete-ajoutes-au-lafrance\/","og_site_name":"G\u00e9n\u00e9alogie et histoire du Qu\u00e9bec","article_publisher":"https:\/\/www.facebook.com\/InstitutDrouin","article_published_time":"2019-06-10T17:11:22+00:00","og_image":[{"url":"https:\/\/www.genealogiequebec.com\/blog\/wp-content\/uploads\/2017\/10\/IGD-large-1024x336.png","type":"","width":"","height":""}],"author":"Institut Drouin","twitter_card":"summary_large_image","twitter_creator":"@institutdrouin","twitter_site":"@institutdrouin","twitter_misc":{"\u00c9crit par":"Institut Drouin","Dur\u00e9e de lecture estim\u00e9e":"2 minutes"},"schema":{"@context":"https:\/\/schema.org","@graph":[{"@type":"Article","@id":"https:\/\/www.genealogiequebec.com\/blog\/2019\/06\/10\/tous-les-mariages-catholiques-du-quebec-de-1918-ont-ete-ajoutes-au-lafrance\/#article","isPartOf":{"@id":"https:\/\/www.genealogiequebec.com\/blog\/2019\/06\/10\/tous-les-mariages-catholiques-du-quebec-de-1918-ont-ete-ajoutes-au-lafrance\/"},"author":{"name":"Institut Drouin","@id":"https:\/\/www.genealogiequebec.com\/blog\/#\/schema\/person\/f1083726f11d1f2b6ead79ec5850ca06"},"headline":"Tous les mariages catholiques du Qu\u00e9bec de 1918 ont \u00e9t\u00e9 ajout\u00e9s au LAFRANCE!","datePublished":"2019-06-10T17:11:22+00:00","mainEntityOfPage":{"@id":"https:\/\/www.genealogiequebec.com\/blog\/2019\/06\/10\/tous-les-mariages-catholiques-du-quebec-de-1918-ont-ete-ajoutes-au-lafrance\/"},"wordCount":447,"publisher":{"@id":"https:\/\/www.genealogiequebec.com\/blog\/#organization"},"image":{"@id":"https:\/\/www.genealogiequebec.com\/blog\/2019\/06\/10\/tous-les-mariages-catholiques-du-quebec-de-1918-ont-ete-ajoutes-au-lafrance\/#primaryimage"},"thumbnailUrl":"https:\/\/www.genealogiequebec.com\/blog\/wp-content\/uploads\/2017\/10\/IGD-large-1024x336.png","articleSection":["Infolettres"],"inLanguage":"fr-FR"},{"@type":"WebPage","@id":"https:\/\/www.genealogiequebec.com\/blog\/2019\/06\/10\/tous-les-mariages-catholiques-du-quebec-de-1918-ont-ete-ajoutes-au-lafrance\/","url":"https:\/\/www.genealogiequebec.com\/blog\/2019\/06\/10\/tous-les-mariages-catholiques-du-quebec-de-1918-ont-ete-ajoutes-au-lafrance\/","name":"Tous les mariages catholiques du Qu\u00e9bec de 1918 ont \u00e9t\u00e9 ajout\u00e9s au LAFRANCE! - G\u00e9n\u00e9alogie et histoire du Qu\u00e9bec","isPartOf":{"@id":"https:\/\/www.genealogiequebec.com\/blog\/#website"},"primaryImageOfPage":{"@id":"https:\/\/www.genealogiequebec.com\/blog\/2019\/06\/10\/tous-les-mariages-catholiques-du-quebec-de-1918-ont-ete-ajoutes-au-lafrance\/#primaryimage"},"image":{"@id":"https:\/\/www.genealogiequebec.com\/blog\/2019\/06\/10\/tous-les-mariages-catholiques-du-quebec-de-1918-ont-ete-ajoutes-au-lafrance\/#primaryimage"},"thumbnailUrl":"https:\/\/www.genealogiequebec.com\/blog\/wp-content\/uploads\/2017\/10\/IGD-large-1024x336.png","datePublished":"2019-06-10T17:11:22+00:00","breadcrumb":{"@id":"https:\/\/www.genealogiequebec.com\/blog\/2019\/06\/10\/tous-les-mariages-catholiques-du-quebec-de-1918-ont-ete-ajoutes-au-lafrance\/#breadcrumb"},"inLanguage":"fr-FR","potentialAction":[{"@type":"ReadAction","target":["https:\/\/www.genealogiequebec.com\/blog\/2019\/06\/10\/tous-les-mariages-catholiques-du-quebec-de-1918-ont-ete-ajoutes-au-lafrance\/"]}]},{"@type":"ImageObject","inLanguage":"fr-FR","@id":"https:\/\/www.genealogiequebec.com\/blog\/2019\/06\/10\/tous-les-mariages-catholiques-du-quebec-de-1918-ont-ete-ajoutes-au-lafrance\/#primaryimage","url":"https:\/\/www.genealogiequebec.com\/blog\/wp-content\/uploads\/2017\/10\/IGD-large.png","contentUrl":"https:\/\/www.genealogiequebec.com\/blog\/wp-content\/uploads\/2017\/10\/IGD-large.png","width":1893,"height":621},{"@type":"BreadcrumbList","@id":"https:\/\/www.genealogiequebec.com\/blog\/2019\/06\/10\/tous-les-mariages-catholiques-du-quebec-de-1918-ont-ete-ajoutes-au-lafrance\/#breadcrumb","itemListElement":[{"@type":"ListItem","position":1,"name":"Accueil","item":"https:\/\/www.genealogiequebec.com\/blog\/"},{"@type":"ListItem","position":2,"name":"Infolettres","item":"https:\/\/www.genealogiequebec.com\/blog\/category\/infolettres\/"},{"@type":"ListItem","position":3,"name":"Tous les mariages catholiques du Qu\u00e9bec de 1918 ont \u00e9t\u00e9 ajout\u00e9s au LAFRANCE!"}]},{"@type":"WebSite","@id":"https:\/\/www.genealogiequebec.com\/blog\/#website","url":"https:\/\/www.genealogiequebec.com\/blog\/","name":"G\u00e9n\u00e9alogie et histoire du Qu\u00e9bec","description":"Le blog de l&#039;institut Drouin","publisher":{"@id":"https:\/\/www.genealogiequebec.com\/blog\/#organization"},"potentialAction":[{"@type":"SearchAction","target":{"@type":"EntryPoint","urlTemplate":"https:\/\/www.genealogiequebec.com\/blog\/?s={search_term_string}"},"query-input":{"@type":"PropertyValueSpecification","valueRequired":true,"valueName":"search_term_string"}}],"inLanguage":"fr-FR"},{"@type":"Organization","@id":"https:\/\/www.genealogiequebec.com\/blog\/#organization","name":"Institut g\u00e9n\u00e9alogique Drouin","url":"https:\/\/www.genealogiequebec.com\/blog\/","logo":{"@type":"ImageObject","inLanguage":"fr-FR","@id":"https:\/\/www.genealogiequebec.com\/blog\/#\/schema\/logo\/image\/","url":"https:\/\/www.genealogiequebec.com\/blog\/wp-content\/uploads\/2019\/11\/IGD-large.png","contentUrl":"https:\/\/www.genealogiequebec.com\/blog\/wp-content\/uploads\/2019\/11\/IGD-large.png","width":1893,"height":621,"caption":"Institut g\u00e9n\u00e9alogique Drouin"},"image":{"@id":"https:\/\/www.genealogiequebec.com\/blog\/#\/schema\/logo\/image\/"},"sameAs":["https:\/\/www.facebook.com\/InstitutDrouin","https:\/\/x.com\/institutdrouin","https:\/\/www.instagram.com\/genealogiequebec\/","https:\/\/www.twitter.com\/institutdrouin"]},{"@type":"Person","@id":"https:\/\/www.genealogiequebec.com\/blog\/#\/schema\/person\/f1083726f11d1f2b6ead79ec5850ca06","name":"Institut Drouin","image":{"@type":"ImageObject","inLanguage":"fr-FR","@id":"https:\/\/www.genealogiequebec.com\/blog\/#\/schema\/person\/image\/","url":"https:\/\/secure.gravatar.com\/avatar\/8033ce23576b31b989429c1527bd70a807bbbe88e14f28a4bc5d8892d0bc4e54?s=96&d=mm&r=g","contentUrl":"https:\/\/secure.gravatar.com\/avatar\/8033ce23576b31b989429c1527bd70a807bbbe88e14f28a4bc5d8892d0bc4e54?s=96&d=mm&r=g","caption":"Institut Drouin"},"url":"https:\/\/www.genealogiequebec.com\/blog\/author\/institutdrouin\/"}]}},"_links":{"self":[{"href":"https:\/\/www.genealogiequebec.com\/blog\/wp-json\/wp\/v2\/posts\/1176","targetHints":{"allow":["GET"]}}],"collection":[{"href":"https:\/\/www.genealogiequebec.com\/blog\/wp-json\/wp\/v2\/posts"}],"about":[{"href":"https:\/\/www.genealogiequebec.com\/blog\/wp-json\/wp\/v2\/types\/post"}],"author":[{"embeddable":true,"href":"https:\/\/www.genealogiequebec.com\/blog\/wp-json\/wp\/v2\/users\/1"}],"replies":[{"embeddable":true,"href":"https:\/\/www.genealogiequebec.com\/blog\/wp-json\/wp\/v2\/comments?post=1176"}],"version-history":[{"count":2,"href":"https:\/\/www.genealogiequebec.com\/blog\/wp-json\/wp\/v2\/posts\/1176\/revisions"}],"predecessor-version":[{"id":1179,"href":"https:\/\/www.genealogiequebec.com\/blog\/wp-json\/wp\/v2\/posts\/1176\/revisions\/1179"}],"wp:attachment":[{"href":"https:\/\/www.genealogiequebec.com\/blog\/wp-json\/wp\/v2\/media?parent=1176"}],"wp:term":[{"taxonomy":"category","embeddable":true,"href":"https:\/\/www.genealogiequebec.com\/blog\/wp-json\/wp\/v2\/categories?post=1176"},{"taxonomy":"post_tag","embeddable":true,"href":"https:\/\/www.genealogiequebec.com\/blog\/wp-json\/wp\/v2\/tags?post=1176"}],"curies":[{"name":"wp","href":"https:\/\/api.w.org\/{rel}","templated":true}]}}