{"id":124,"date":"2017-04-18T21:56:54","date_gmt":"2017-04-18T19:56:54","guid":{"rendered":"https:\/\/www.genealogiequebec.com\/blog\/?p=124"},"modified":"2022-12-13T15:07:03","modified_gmt":"2022-12-13T20:07:03","slug":"mise-a-jour-du-lafrance-et-nouvelle-collection-de-150-000-images","status":"publish","type":"post","link":"https:\/\/www.genealogiequebec.com\/blog\/2017\/04\/18\/mise-a-jour-du-lafrance-et-nouvelle-collection-de-150-000-images\/","title":{"rendered":"Mise \u00e0 Jour du LAFRANCE et Nouvelle Collection de 150 000 Images"},"content":{"rendered":"<p><a href=\"https:\/\/www.genealogiequebec.com\/blog\/wp-content\/uploads\/2017\/10\/IGD-large.png\"><img decoding=\"async\" class=\"alignnone size-large wp-image-83\" src=\"https:\/\/www.genealogiequebec.com\/blog\/wp-content\/uploads\/2017\/10\/IGD-large-1024x336.png\" alt=\"\" width=\"525\" height=\"172\" srcset=\"https:\/\/www.genealogiequebec.com\/blog\/wp-content\/uploads\/2017\/10\/IGD-large-1024x336.png 1024w, https:\/\/www.genealogiequebec.com\/blog\/wp-content\/uploads\/2017\/10\/IGD-large-300x98.png 300w, https:\/\/www.genealogiequebec.com\/blog\/wp-content\/uploads\/2017\/10\/IGD-large-768x252.png 768w, https:\/\/www.genealogiequebec.com\/blog\/wp-content\/uploads\/2017\/10\/IGD-large.png 1893w\" sizes=\"(max-width: 525px) 100vw, 525px\" \/><\/a><\/p>\n<p>La mise \u00e0 jour bimestrielle du\u00a0<em>LAFRANCE\u00a0<\/em>a \u00e9t\u00e9 effectu\u00e9e au cours des derniers jours.<\/p>\n<p>Les ajouts au\u00a0<em>LAFRANCE\u00a0<\/em>concernent les bapt\u00eames et s\u00e9pultures catholiques du Qu\u00e9bec de la p\u00e9riode 1850-1861.<\/p>\n<p><strong>La mise \u00e0 jour en chiffres<\/strong><\/p>\n<p>Bapt\u00eames catholiques 1850-1861 :\u00a0<strong>21 539<\/strong>\u00a0actes ajout\u00e9s<br \/>\nS\u00e9pultures catholiques 1850-1861 :\u00a0<strong>8680\u00a0<\/strong>actes ajout\u00e9s<\/p>\n<p>En plus de ces ajouts, les corrections signal\u00e9es par nos utilisateurs au cours des 2 derniers mois ont \u00e9t\u00e9 appliqu\u00e9es.<\/p>\n<p><strong>\u00c0 propos du\u00a0<em>LAFRANCE<\/em><\/strong><\/p>\n<p>Le\u00a0<em>LAFRANCE<\/em>, un des 15 outils offerts aux abonn\u00e9s de\u00a0<em><a href=\"https:\/\/www.genealogiequebec.com\/fr\/destination-2\" target=\"_blank\" rel=\"noopener\">GenealogieQuebec.com<\/a><\/em>, est un index d\u00e9taill\u00e9 avec lien au document original de\u00a0<strong>TOUS\u00a0<\/strong>les mariages catholiques du Qu\u00e9bec de 1621 \u00e0 1916,\u00a0<strong>TOUS\u00a0<\/strong>les bapt\u00eames et\u00a0<strong>TOUTES\u00a0<\/strong>les s\u00e9pultures catholiques du Qu\u00e9bec de 1621 \u00e0 1849 ainsi que\u00a0<strong>TOUS\u00a0<\/strong>les mariages protestants du Qu\u00e9bec de 1760 \u00e0 1849. Les bapt\u00eames et s\u00e9pultures de la p\u00e9riode 1850-1861 sont ajout\u00e9s graduellement via nos mises \u00e0 jour bimestrielles. Nous estimons avoir index\u00e9 autour de 65% de toutes les paroisses catholiques du Qu\u00e9bec pour la p\u00e9riode 1850-1861.<\/p>\n<p><strong>Fonds Jean-Pierre-Yves Pepin &#8211; 150 000 nouvelles images<\/strong><\/p>\n<p>Une nouvelle collection d\u2019images s\u2019ajoute aux fonds d&rsquo;archives de l\u2019<em>Institut Drouin<\/em>. En effet, ce sont quelques\u00a0<strong>150 000<\/strong>\u00a0<strong>nouvelles images<\/strong>\u00a0qui sont maintenant disponibles aux abonn\u00e9s de\u00a0<em>G\u00e9n\u00e9alogieQu\u00e9bec.com<\/em>. On retrouve dans cette collection les \u00e9l\u00e9ments suivants:<\/p>\n<ul>\n<li>Publications personnelles<\/li>\n<li>Des documents sur les centenaires<\/li>\n<li>Photos de mariage<\/li>\n<li>Photos de naissance<\/li>\n<li>Cartes postales<\/li>\n<li>Manuscrits<\/li>\n<li>Fiches de familleAinsi que d\u2019autres documents \u00e0 caract\u00e8re g\u00e9n\u00e9alogique.<\/li>\n<\/ul>\n<figure style=\"width: 604px\" class=\"wp-caption alignnone\"><a href=\"https:\/\/gallery.mailchimp.com\/2b0f8252c19c3cd9706a29323\/images\/f188fb7f-a0ef-471a-b86f-b94b31110899.jpg\"><img decoding=\"async\" src=\"https:\/\/gallery.mailchimp.com\/2b0f8252c19c3cd9706a29323\/images\/f188fb7f-a0ef-471a-b86f-b94b31110899.jpg\" alt=\"\" width=\"604\" height=\"828\" data-file-id=\"998473\" \/><\/a><figcaption class=\"wp-caption-text\">Photo provenant du Fonds Jean-Pierre-Yves Pepin<\/figcaption><\/figure>\n<p>Les abonn\u00e9s de\u00a0<em>G\u00e9n\u00e9alogieQu\u00e9bec.com\u00a0<\/em>peuvent consulter le Fonds Jean-Pierre-Yves Pepin dans l\u2019outil Grandes Collections \u00e0\u00a0<a href=\"https:\/\/www.genealogiequebec.com\/membership\/fr\/fonds-drouin\/grandes-collections\" target=\"_blank\" rel=\"noopener\">cette adresse<\/a>, sous\u00a0<strong>\u00ab\u00a014 &#8211; Fonds d&rsquo;archives \/ Fonds Jean-Pierre-Yves-Pepin\u00a0\u00bb<\/strong><\/p>\n<p><strong>N\u00e9crologies gratuites<\/strong><\/p>\n<p>Le cap des\u00a0<strong>2 millions<\/strong>\u00a0d\u2019avis de d\u00e9c\u00e8s a \u00e9t\u00e9 atteint dans notre section gratuite! Cette section contient des avis de d\u00e9c\u00e8s internet de 1999 \u00e0 aujourd\u2019hui couvrant l\u2019ensemble du Canada. Vous pouvez consulter la base de donn\u00e9es sans abonnement \u00e0\u00a0<a href=\"http:\/\/necrologie.genealogiequebec.com\/accueil\" target=\"_blank\" rel=\"noopener\">cette adresse<\/a>.<\/p>\n<p><strong>NERCG<\/strong><\/p>\n<p>L\u2019Institut Drouin repr\u00e9sentera la g\u00e9n\u00e9alogie qu\u00e9b\u00e9coise \u00e0 Springfield, MA dans le cadre du\u00a0<em><a href=\"http:\/\/www.nergc.org\/about-nergc\/\" target=\"_blank\" rel=\"noopener\">New England Regional Genealogical Consortium<\/a>\u00a0<\/em>du 26 au 29 avril 2017. Au plaisir de vous y rencontrer!<\/p>\n<p>L\u2019\u00e9quipe Drouin<\/p>\n","protected":false},"excerpt":{"rendered":"<p>La mise \u00e0 jour bimestrielle du\u00a0LAFRANCE\u00a0a \u00e9t\u00e9 effectu\u00e9e au cours des derniers jours. Les ajouts au\u00a0LAFRANCE\u00a0concernent les bapt\u00eames et s\u00e9pultures catholiques du Qu\u00e9bec de la p\u00e9riode 1850-1861. La mise \u00e0 jour en chiffres Bapt\u00eames catholiques 1850-1861 :\u00a021 539\u00a0actes ajout\u00e9s S\u00e9pultures catholiques 1850-1861 :\u00a08680\u00a0actes ajout\u00e9s En plus de ces ajouts, les corrections signal\u00e9es par nos utilisateurs &hellip; <\/p>\n<p class=\"link-more\"><a href=\"https:\/\/www.genealogiequebec.com\/blog\/2017\/04\/18\/mise-a-jour-du-lafrance-et-nouvelle-collection-de-150-000-images\/\" class=\"more-link\">Continuer la lecture<span class=\"screen-reader-text\"> de &laquo;&nbsp;Mise \u00e0 Jour du LAFRANCE et Nouvelle Collection de 150 000 Images&nbsp;&raquo;<\/span><\/a><\/p>\n","protected":false},"author":1,"featured_media":0,"comment_status":"open","ping_status":"open","sticky":false,"template":"","format":"standard","meta":{"footnotes":""},"categories":[4],"tags":[],"class_list":["post-124","post","type-post","status-publish","format-standard","hentry","category-infolettres"],"yoast_head":"<!-- This site is optimized with the Yoast SEO plugin v26.9 - https:\/\/yoast.com\/product\/yoast-seo-wordpress\/ -->\r\n<title>Mise \u00e0 Jour du LAFRANCE et Nouvelle Collection de 150 000 Images - G\u00e9n\u00e9alogie et histoire du Qu\u00e9bec<\/title>\r\n<meta name=\"robots\" content=\"index, follow, max-snippet:-1, max-image-preview:large, max-video-preview:-1\" \/>\r\n<link rel=\"canonical\" href=\"https:\/\/www.genealogiequebec.com\/blog\/2017\/04\/18\/mise-a-jour-du-lafrance-et-nouvelle-collection-de-150-000-images\/\" \/>\r\n<meta property=\"og:locale\" content=\"fr_FR\" \/>\r\n<meta property=\"og:type\" content=\"article\" \/>\r\n<meta property=\"og:title\" content=\"Mise \u00e0 Jour du LAFRANCE et Nouvelle Collection de 150 000 Images - G\u00e9n\u00e9alogie et histoire du Qu\u00e9bec\" \/>\r\n<meta property=\"og:description\" content=\"La mise \u00e0 jour bimestrielle du\u00a0LAFRANCE\u00a0a \u00e9t\u00e9 effectu\u00e9e au cours des derniers jours. Les ajouts au\u00a0LAFRANCE\u00a0concernent les bapt\u00eames et s\u00e9pultures catholiques du Qu\u00e9bec de la p\u00e9riode 1850-1861. La mise \u00e0 jour en chiffres Bapt\u00eames catholiques 1850-1861 :\u00a021 539\u00a0actes ajout\u00e9s S\u00e9pultures catholiques 1850-1861 :\u00a08680\u00a0actes ajout\u00e9s En plus de ces ajouts, les corrections signal\u00e9es par nos utilisateurs &hellip; Continuer la lecture de &laquo;&nbsp;Mise \u00e0 Jour du LAFRANCE et Nouvelle Collection de 150 000 Images&nbsp;&raquo;\" \/>\r\n<meta property=\"og:url\" content=\"https:\/\/www.genealogiequebec.com\/blog\/2017\/04\/18\/mise-a-jour-du-lafrance-et-nouvelle-collection-de-150-000-images\/\" \/>\r\n<meta property=\"og:site_name\" content=\"G\u00e9n\u00e9alogie et histoire du Qu\u00e9bec\" \/>\r\n<meta property=\"article:publisher\" content=\"https:\/\/www.facebook.com\/InstitutDrouin\" \/>\r\n<meta property=\"article:published_time\" content=\"2017-04-18T19:56:54+00:00\" \/>\r\n<meta property=\"article:modified_time\" content=\"2022-12-13T20:07:03+00:00\" \/>\r\n<meta property=\"og:image\" content=\"https:\/\/www.genealogiequebec.com\/blog\/wp-content\/uploads\/2017\/10\/IGD-large-1024x336.png\" \/>\r\n<meta name=\"author\" content=\"Institut Drouin\" \/>\r\n<meta name=\"twitter:card\" content=\"summary_large_image\" \/>\r\n<meta name=\"twitter:creator\" content=\"@institutdrouin\" \/>\r\n<meta name=\"twitter:site\" content=\"@institutdrouin\" \/>\r\n<meta name=\"twitter:label1\" content=\"\u00c9crit par\" \/>\n\t<meta name=\"twitter:data1\" content=\"Institut Drouin\" \/>\n\t<meta name=\"twitter:label2\" content=\"Dur\u00e9e de lecture estim\u00e9e\" \/>\n\t<meta name=\"twitter:data2\" content=\"3 minutes\" \/>\r\n<script type=\"application\/ld+json\" class=\"yoast-schema-graph\">{\"@context\":\"https:\/\/schema.org\",\"@graph\":[{\"@type\":\"Article\",\"@id\":\"https:\/\/www.genealogiequebec.com\/blog\/2017\/04\/18\/mise-a-jour-du-lafrance-et-nouvelle-collection-de-150-000-images\/#article\",\"isPartOf\":{\"@id\":\"https:\/\/www.genealogiequebec.com\/blog\/2017\/04\/18\/mise-a-jour-du-lafrance-et-nouvelle-collection-de-150-000-images\/\"},\"author\":{\"name\":\"Institut Drouin\",\"@id\":\"https:\/\/www.genealogiequebec.com\/blog\/#\/schema\/person\/f1083726f11d1f2b6ead79ec5850ca06\"},\"headline\":\"Mise \u00e0 Jour du LAFRANCE et Nouvelle Collection de 150 000 Images\",\"datePublished\":\"2017-04-18T19:56:54+00:00\",\"dateModified\":\"2022-12-13T20:07:03+00:00\",\"mainEntityOfPage\":{\"@id\":\"https:\/\/www.genealogiequebec.com\/blog\/2017\/04\/18\/mise-a-jour-du-lafrance-et-nouvelle-collection-de-150-000-images\/\"},\"wordCount\":384,\"commentCount\":0,\"publisher\":{\"@id\":\"https:\/\/www.genealogiequebec.com\/blog\/#organization\"},\"image\":{\"@id\":\"https:\/\/www.genealogiequebec.com\/blog\/2017\/04\/18\/mise-a-jour-du-lafrance-et-nouvelle-collection-de-150-000-images\/#primaryimage\"},\"thumbnailUrl\":\"https:\/\/www.genealogiequebec.com\/blog\/wp-content\/uploads\/2017\/10\/IGD-large-1024x336.png\",\"articleSection\":[\"Infolettres\"],\"inLanguage\":\"fr-FR\",\"potentialAction\":[{\"@type\":\"CommentAction\",\"name\":\"Comment\",\"target\":[\"https:\/\/www.genealogiequebec.com\/blog\/2017\/04\/18\/mise-a-jour-du-lafrance-et-nouvelle-collection-de-150-000-images\/#respond\"]}]},{\"@type\":\"WebPage\",\"@id\":\"https:\/\/www.genealogiequebec.com\/blog\/2017\/04\/18\/mise-a-jour-du-lafrance-et-nouvelle-collection-de-150-000-images\/\",\"url\":\"https:\/\/www.genealogiequebec.com\/blog\/2017\/04\/18\/mise-a-jour-du-lafrance-et-nouvelle-collection-de-150-000-images\/\",\"name\":\"Mise \u00e0 Jour du LAFRANCE et Nouvelle Collection de 150 000 Images - G\u00e9n\u00e9alogie et histoire du Qu\u00e9bec\",\"isPartOf\":{\"@id\":\"https:\/\/www.genealogiequebec.com\/blog\/#website\"},\"primaryImageOfPage\":{\"@id\":\"https:\/\/www.genealogiequebec.com\/blog\/2017\/04\/18\/mise-a-jour-du-lafrance-et-nouvelle-collection-de-150-000-images\/#primaryimage\"},\"image\":{\"@id\":\"https:\/\/www.genealogiequebec.com\/blog\/2017\/04\/18\/mise-a-jour-du-lafrance-et-nouvelle-collection-de-150-000-images\/#primaryimage\"},\"thumbnailUrl\":\"https:\/\/www.genealogiequebec.com\/blog\/wp-content\/uploads\/2017\/10\/IGD-large-1024x336.png\",\"datePublished\":\"2017-04-18T19:56:54+00:00\",\"dateModified\":\"2022-12-13T20:07:03+00:00\",\"breadcrumb\":{\"@id\":\"https:\/\/www.genealogiequebec.com\/blog\/2017\/04\/18\/mise-a-jour-du-lafrance-et-nouvelle-collection-de-150-000-images\/#breadcrumb\"},\"inLanguage\":\"fr-FR\",\"potentialAction\":[{\"@type\":\"ReadAction\",\"target\":[\"https:\/\/www.genealogiequebec.com\/blog\/2017\/04\/18\/mise-a-jour-du-lafrance-et-nouvelle-collection-de-150-000-images\/\"]}]},{\"@type\":\"ImageObject\",\"inLanguage\":\"fr-FR\",\"@id\":\"https:\/\/www.genealogiequebec.com\/blog\/2017\/04\/18\/mise-a-jour-du-lafrance-et-nouvelle-collection-de-150-000-images\/#primaryimage\",\"url\":\"https:\/\/www.genealogiequebec.com\/blog\/wp-content\/uploads\/2017\/10\/IGD-large.png\",\"contentUrl\":\"https:\/\/www.genealogiequebec.com\/blog\/wp-content\/uploads\/2017\/10\/IGD-large.png\",\"width\":1893,\"height\":621},{\"@type\":\"BreadcrumbList\",\"@id\":\"https:\/\/www.genealogiequebec.com\/blog\/2017\/04\/18\/mise-a-jour-du-lafrance-et-nouvelle-collection-de-150-000-images\/#breadcrumb\",\"itemListElement\":[{\"@type\":\"ListItem\",\"position\":1,\"name\":\"Accueil\",\"item\":\"https:\/\/www.genealogiequebec.com\/blog\/\"},{\"@type\":\"ListItem\",\"position\":2,\"name\":\"Infolettres\",\"item\":\"https:\/\/www.genealogiequebec.com\/blog\/category\/infolettres\/\"},{\"@type\":\"ListItem\",\"position\":3,\"name\":\"Mise \u00e0 Jour du LAFRANCE et Nouvelle Collection de 150 000 Images\"}]},{\"@type\":\"WebSite\",\"@id\":\"https:\/\/www.genealogiequebec.com\/blog\/#website\",\"url\":\"https:\/\/www.genealogiequebec.com\/blog\/\",\"name\":\"G\u00e9n\u00e9alogie et histoire du Qu\u00e9bec\",\"description\":\"Le blog de l&#039;institut Drouin\",\"publisher\":{\"@id\":\"https:\/\/www.genealogiequebec.com\/blog\/#organization\"},\"potentialAction\":[{\"@type\":\"SearchAction\",\"target\":{\"@type\":\"EntryPoint\",\"urlTemplate\":\"https:\/\/www.genealogiequebec.com\/blog\/?s={search_term_string}\"},\"query-input\":{\"@type\":\"PropertyValueSpecification\",\"valueRequired\":true,\"valueName\":\"search_term_string\"}}],\"inLanguage\":\"fr-FR\"},{\"@type\":\"Organization\",\"@id\":\"https:\/\/www.genealogiequebec.com\/blog\/#organization\",\"name\":\"Institut g\u00e9n\u00e9alogique Drouin\",\"url\":\"https:\/\/www.genealogiequebec.com\/blog\/\",\"logo\":{\"@type\":\"ImageObject\",\"inLanguage\":\"fr-FR\",\"@id\":\"https:\/\/www.genealogiequebec.com\/blog\/#\/schema\/logo\/image\/\",\"url\":\"https:\/\/www.genealogiequebec.com\/blog\/wp-content\/uploads\/2019\/11\/IGD-large.png\",\"contentUrl\":\"https:\/\/www.genealogiequebec.com\/blog\/wp-content\/uploads\/2019\/11\/IGD-large.png\",\"width\":1893,\"height\":621,\"caption\":\"Institut g\u00e9n\u00e9alogique Drouin\"},\"image\":{\"@id\":\"https:\/\/www.genealogiequebec.com\/blog\/#\/schema\/logo\/image\/\"},\"sameAs\":[\"https:\/\/www.facebook.com\/InstitutDrouin\",\"https:\/\/x.com\/institutdrouin\",\"https:\/\/www.instagram.com\/genealogiequebec\/\",\"https:\/\/www.twitter.com\/institutdrouin\"]},{\"@type\":\"Person\",\"@id\":\"https:\/\/www.genealogiequebec.com\/blog\/#\/schema\/person\/f1083726f11d1f2b6ead79ec5850ca06\",\"name\":\"Institut Drouin\",\"image\":{\"@type\":\"ImageObject\",\"inLanguage\":\"fr-FR\",\"@id\":\"https:\/\/www.genealogiequebec.com\/blog\/#\/schema\/person\/image\/\",\"url\":\"https:\/\/secure.gravatar.com\/avatar\/8033ce23576b31b989429c1527bd70a807bbbe88e14f28a4bc5d8892d0bc4e54?s=96&d=mm&r=g\",\"contentUrl\":\"https:\/\/secure.gravatar.com\/avatar\/8033ce23576b31b989429c1527bd70a807bbbe88e14f28a4bc5d8892d0bc4e54?s=96&d=mm&r=g\",\"caption\":\"Institut Drouin\"},\"url\":\"https:\/\/www.genealogiequebec.com\/blog\/author\/institutdrouin\/\"}]}<\/script>\r\n<!-- \/ Yoast SEO plugin. -->","yoast_head_json":{"title":"Mise \u00e0 Jour du LAFRANCE et Nouvelle Collection de 150 000 Images - G\u00e9n\u00e9alogie et histoire du Qu\u00e9bec","robots":{"index":"index","follow":"follow","max-snippet":"max-snippet:-1","max-image-preview":"max-image-preview:large","max-video-preview":"max-video-preview:-1"},"canonical":"https:\/\/www.genealogiequebec.com\/blog\/2017\/04\/18\/mise-a-jour-du-lafrance-et-nouvelle-collection-de-150-000-images\/","og_locale":"fr_FR","og_type":"article","og_title":"Mise \u00e0 Jour du LAFRANCE et Nouvelle Collection de 150 000 Images - G\u00e9n\u00e9alogie et histoire du Qu\u00e9bec","og_description":"La mise \u00e0 jour bimestrielle du\u00a0LAFRANCE\u00a0a \u00e9t\u00e9 effectu\u00e9e au cours des derniers jours. Les ajouts au\u00a0LAFRANCE\u00a0concernent les bapt\u00eames et s\u00e9pultures catholiques du Qu\u00e9bec de la p\u00e9riode 1850-1861. La mise \u00e0 jour en chiffres Bapt\u00eames catholiques 1850-1861 :\u00a021 539\u00a0actes ajout\u00e9s S\u00e9pultures catholiques 1850-1861 :\u00a08680\u00a0actes ajout\u00e9s En plus de ces ajouts, les corrections signal\u00e9es par nos utilisateurs &hellip; Continuer la lecture de &laquo;&nbsp;Mise \u00e0 Jour du LAFRANCE et Nouvelle Collection de 150 000 Images&nbsp;&raquo;","og_url":"https:\/\/www.genealogiequebec.com\/blog\/2017\/04\/18\/mise-a-jour-du-lafrance-et-nouvelle-collection-de-150-000-images\/","og_site_name":"G\u00e9n\u00e9alogie et histoire du Qu\u00e9bec","article_publisher":"https:\/\/www.facebook.com\/InstitutDrouin","article_published_time":"2017-04-18T19:56:54+00:00","article_modified_time":"2022-12-13T20:07:03+00:00","og_image":[{"url":"https:\/\/www.genealogiequebec.com\/blog\/wp-content\/uploads\/2017\/10\/IGD-large-1024x336.png","type":"","width":"","height":""}],"author":"Institut Drouin","twitter_card":"summary_large_image","twitter_creator":"@institutdrouin","twitter_site":"@institutdrouin","twitter_misc":{"\u00c9crit par":"Institut Drouin","Dur\u00e9e de lecture estim\u00e9e":"3 minutes"},"schema":{"@context":"https:\/\/schema.org","@graph":[{"@type":"Article","@id":"https:\/\/www.genealogiequebec.com\/blog\/2017\/04\/18\/mise-a-jour-du-lafrance-et-nouvelle-collection-de-150-000-images\/#article","isPartOf":{"@id":"https:\/\/www.genealogiequebec.com\/blog\/2017\/04\/18\/mise-a-jour-du-lafrance-et-nouvelle-collection-de-150-000-images\/"},"author":{"name":"Institut Drouin","@id":"https:\/\/www.genealogiequebec.com\/blog\/#\/schema\/person\/f1083726f11d1f2b6ead79ec5850ca06"},"headline":"Mise \u00e0 Jour du LAFRANCE et Nouvelle Collection de 150 000 Images","datePublished":"2017-04-18T19:56:54+00:00","dateModified":"2022-12-13T20:07:03+00:00","mainEntityOfPage":{"@id":"https:\/\/www.genealogiequebec.com\/blog\/2017\/04\/18\/mise-a-jour-du-lafrance-et-nouvelle-collection-de-150-000-images\/"},"wordCount":384,"commentCount":0,"publisher":{"@id":"https:\/\/www.genealogiequebec.com\/blog\/#organization"},"image":{"@id":"https:\/\/www.genealogiequebec.com\/blog\/2017\/04\/18\/mise-a-jour-du-lafrance-et-nouvelle-collection-de-150-000-images\/#primaryimage"},"thumbnailUrl":"https:\/\/www.genealogiequebec.com\/blog\/wp-content\/uploads\/2017\/10\/IGD-large-1024x336.png","articleSection":["Infolettres"],"inLanguage":"fr-FR","potentialAction":[{"@type":"CommentAction","name":"Comment","target":["https:\/\/www.genealogiequebec.com\/blog\/2017\/04\/18\/mise-a-jour-du-lafrance-et-nouvelle-collection-de-150-000-images\/#respond"]}]},{"@type":"WebPage","@id":"https:\/\/www.genealogiequebec.com\/blog\/2017\/04\/18\/mise-a-jour-du-lafrance-et-nouvelle-collection-de-150-000-images\/","url":"https:\/\/www.genealogiequebec.com\/blog\/2017\/04\/18\/mise-a-jour-du-lafrance-et-nouvelle-collection-de-150-000-images\/","name":"Mise \u00e0 Jour du LAFRANCE et Nouvelle Collection de 150 000 Images - G\u00e9n\u00e9alogie et histoire du Qu\u00e9bec","isPartOf":{"@id":"https:\/\/www.genealogiequebec.com\/blog\/#website"},"primaryImageOfPage":{"@id":"https:\/\/www.genealogiequebec.com\/blog\/2017\/04\/18\/mise-a-jour-du-lafrance-et-nouvelle-collection-de-150-000-images\/#primaryimage"},"image":{"@id":"https:\/\/www.genealogiequebec.com\/blog\/2017\/04\/18\/mise-a-jour-du-lafrance-et-nouvelle-collection-de-150-000-images\/#primaryimage"},"thumbnailUrl":"https:\/\/www.genealogiequebec.com\/blog\/wp-content\/uploads\/2017\/10\/IGD-large-1024x336.png","datePublished":"2017-04-18T19:56:54+00:00","dateModified":"2022-12-13T20:07:03+00:00","breadcrumb":{"@id":"https:\/\/www.genealogiequebec.com\/blog\/2017\/04\/18\/mise-a-jour-du-lafrance-et-nouvelle-collection-de-150-000-images\/#breadcrumb"},"inLanguage":"fr-FR","potentialAction":[{"@type":"ReadAction","target":["https:\/\/www.genealogiequebec.com\/blog\/2017\/04\/18\/mise-a-jour-du-lafrance-et-nouvelle-collection-de-150-000-images\/"]}]},{"@type":"ImageObject","inLanguage":"fr-FR","@id":"https:\/\/www.genealogiequebec.com\/blog\/2017\/04\/18\/mise-a-jour-du-lafrance-et-nouvelle-collection-de-150-000-images\/#primaryimage","url":"https:\/\/www.genealogiequebec.com\/blog\/wp-content\/uploads\/2017\/10\/IGD-large.png","contentUrl":"https:\/\/www.genealogiequebec.com\/blog\/wp-content\/uploads\/2017\/10\/IGD-large.png","width":1893,"height":621},{"@type":"BreadcrumbList","@id":"https:\/\/www.genealogiequebec.com\/blog\/2017\/04\/18\/mise-a-jour-du-lafrance-et-nouvelle-collection-de-150-000-images\/#breadcrumb","itemListElement":[{"@type":"ListItem","position":1,"name":"Accueil","item":"https:\/\/www.genealogiequebec.com\/blog\/"},{"@type":"ListItem","position":2,"name":"Infolettres","item":"https:\/\/www.genealogiequebec.com\/blog\/category\/infolettres\/"},{"@type":"ListItem","position":3,"name":"Mise \u00e0 Jour du LAFRANCE et Nouvelle Collection de 150 000 Images"}]},{"@type":"WebSite","@id":"https:\/\/www.genealogiequebec.com\/blog\/#website","url":"https:\/\/www.genealogiequebec.com\/blog\/","name":"G\u00e9n\u00e9alogie et histoire du Qu\u00e9bec","description":"Le blog de l&#039;institut Drouin","publisher":{"@id":"https:\/\/www.genealogiequebec.com\/blog\/#organization"},"potentialAction":[{"@type":"SearchAction","target":{"@type":"EntryPoint","urlTemplate":"https:\/\/www.genealogiequebec.com\/blog\/?s={search_term_string}"},"query-input":{"@type":"PropertyValueSpecification","valueRequired":true,"valueName":"search_term_string"}}],"inLanguage":"fr-FR"},{"@type":"Organization","@id":"https:\/\/www.genealogiequebec.com\/blog\/#organization","name":"Institut g\u00e9n\u00e9alogique Drouin","url":"https:\/\/www.genealogiequebec.com\/blog\/","logo":{"@type":"ImageObject","inLanguage":"fr-FR","@id":"https:\/\/www.genealogiequebec.com\/blog\/#\/schema\/logo\/image\/","url":"https:\/\/www.genealogiequebec.com\/blog\/wp-content\/uploads\/2019\/11\/IGD-large.png","contentUrl":"https:\/\/www.genealogiequebec.com\/blog\/wp-content\/uploads\/2019\/11\/IGD-large.png","width":1893,"height":621,"caption":"Institut g\u00e9n\u00e9alogique Drouin"},"image":{"@id":"https:\/\/www.genealogiequebec.com\/blog\/#\/schema\/logo\/image\/"},"sameAs":["https:\/\/www.facebook.com\/InstitutDrouin","https:\/\/x.com\/institutdrouin","https:\/\/www.instagram.com\/genealogiequebec\/","https:\/\/www.twitter.com\/institutdrouin"]},{"@type":"Person","@id":"https:\/\/www.genealogiequebec.com\/blog\/#\/schema\/person\/f1083726f11d1f2b6ead79ec5850ca06","name":"Institut Drouin","image":{"@type":"ImageObject","inLanguage":"fr-FR","@id":"https:\/\/www.genealogiequebec.com\/blog\/#\/schema\/person\/image\/","url":"https:\/\/secure.gravatar.com\/avatar\/8033ce23576b31b989429c1527bd70a807bbbe88e14f28a4bc5d8892d0bc4e54?s=96&d=mm&r=g","contentUrl":"https:\/\/secure.gravatar.com\/avatar\/8033ce23576b31b989429c1527bd70a807bbbe88e14f28a4bc5d8892d0bc4e54?s=96&d=mm&r=g","caption":"Institut Drouin"},"url":"https:\/\/www.genealogiequebec.com\/blog\/author\/institutdrouin\/"}]}},"_links":{"self":[{"href":"https:\/\/www.genealogiequebec.com\/blog\/wp-json\/wp\/v2\/posts\/124","targetHints":{"allow":["GET"]}}],"collection":[{"href":"https:\/\/www.genealogiequebec.com\/blog\/wp-json\/wp\/v2\/posts"}],"about":[{"href":"https:\/\/www.genealogiequebec.com\/blog\/wp-json\/wp\/v2\/types\/post"}],"author":[{"embeddable":true,"href":"https:\/\/www.genealogiequebec.com\/blog\/wp-json\/wp\/v2\/users\/1"}],"replies":[{"embeddable":true,"href":"https:\/\/www.genealogiequebec.com\/blog\/wp-json\/wp\/v2\/comments?post=124"}],"version-history":[{"count":3,"href":"https:\/\/www.genealogiequebec.com\/blog\/wp-json\/wp\/v2\/posts\/124\/revisions"}],"predecessor-version":[{"id":4166,"href":"https:\/\/www.genealogiequebec.com\/blog\/wp-json\/wp\/v2\/posts\/124\/revisions\/4166"}],"wp:attachment":[{"href":"https:\/\/www.genealogiequebec.com\/blog\/wp-json\/wp\/v2\/media?parent=124"}],"wp:term":[{"taxonomy":"category","embeddable":true,"href":"https:\/\/www.genealogiequebec.com\/blog\/wp-json\/wp\/v2\/categories?post=124"},{"taxonomy":"post_tag","embeddable":true,"href":"https:\/\/www.genealogiequebec.com\/blog\/wp-json\/wp\/v2\/tags?post=124"}],"curies":[{"name":"wp","href":"https:\/\/api.w.org\/{rel}","templated":true}]}}