{"id":1697,"date":"2020-06-02T15:04:05","date_gmt":"2020-06-02T19:04:05","guid":{"rendered":"https:\/\/www.genealogiequebec.com\/blog\/?p=1697\/"},"modified":"2020-06-02T15:17:09","modified_gmt":"2020-06-02T19:17:09","slug":"le-forum-de-genealogie-quebec","status":"publish","type":"post","link":"https:\/\/www.genealogiequebec.com\/blog\/2020\/06\/02\/le-forum-de-genealogie-quebec\/","title":{"rendered":"Le Forum de G\u00e9n\u00e9alogie Qu\u00e9bec"},"content":{"rendered":"<p><a href=\"https:\/\/www.genealogiequebec.com\/blog\/wp-content\/uploads\/2017\/10\/cropped-IGD-large-1.png\"><img decoding=\"async\" class=\"aligncenter size-full wp-image-154\" src=\"https:\/\/www.genealogiequebec.com\/blog\/wp-content\/uploads\/2017\/10\/cropped-IGD-large-1.png\" alt=\"\" width=\"762\" height=\"250\" srcset=\"https:\/\/www.genealogiequebec.com\/blog\/wp-content\/uploads\/2017\/10\/cropped-IGD-large-1.png 762w, https:\/\/www.genealogiequebec.com\/blog\/wp-content\/uploads\/2017\/10\/cropped-IGD-large-1-300x98.png 300w\" sizes=\"(max-width: 706px) 89vw, (max-width: 767px) 82vw, 740px\" \/><\/a><\/p>\n<p><span style=\"font-weight: 400;\">L\u2019Institut g\u00e9n\u00e9alogique Drouin est heureux de vous annoncer l\u2019ouverture de son <a href=\"https:\/\/www.genealogiequebec.com\/FORUM-FR\/\">forum<\/a> officiel! Venez discuter de g\u00e9n\u00e9alogie et d\u2019histoire avec les membres de notre \u00e9quipe et le reste de la communaut\u00e9.<\/span><\/p>\n<p><a href=\"https:\/\/www.genealogiequebec.com\/FORUM-FR\/Register\"><img decoding=\"async\" class=\"aligncenter size-full wp-image-1706\" src=\"https:\/\/www.genealogiequebec.com\/blog\/wp-content\/uploads\/2020\/06\/boutton-forum.png\" alt=\"\" width=\"199\" height=\"64\" \/><\/a><\/p>\n<p>Ce forum est accessible \u00e0 tous, que vous soyez membre de <a href=\"https:\/\/www.genealogiequebec.com\/fr\/\">G\u00e9n\u00e9alogie Qu\u00e9bec<\/a> et <a href=\"https:\/\/www.prdh-igd.com\/fr\/accueil\">PRDH-IGD<\/a> ou non.<\/p>\n<h1>Les sections du forum<\/h1>\n<p><span style=\"font-weight: 400;\">Le forum est divis\u00e9 en trois sections : \u00ab\u00a0<em>Aide et soutien technique<\/em>\u00a0\u00bb, \u00ab\u00a0<em>Questions g\u00e9n\u00e9alogiques<\/em>\u00a0\u00bb et \u00ab\u00a0<em>Partagez vos recherches et trouvailles<\/em>\u00a0\u00bb.<\/span><\/p>\n<p><a href=\"https:\/\/www.genealogiequebec.com\/blog\/wp-content\/uploads\/2020\/06\/forum-gen-qc-FR.png\"><img decoding=\"async\" class=\"aligncenter wp-image-1704 size-full\" src=\"https:\/\/www.genealogiequebec.com\/blog\/wp-content\/uploads\/2020\/06\/forum-gen-qc-FR.png\" alt=\"\" width=\"1903\" height=\"866\" srcset=\"https:\/\/www.genealogiequebec.com\/blog\/wp-content\/uploads\/2020\/06\/forum-gen-qc-FR.png 1903w, https:\/\/www.genealogiequebec.com\/blog\/wp-content\/uploads\/2020\/06\/forum-gen-qc-FR-300x137.png 300w, https:\/\/www.genealogiequebec.com\/blog\/wp-content\/uploads\/2020\/06\/forum-gen-qc-FR-768x349.png 768w, https:\/\/www.genealogiequebec.com\/blog\/wp-content\/uploads\/2020\/06\/forum-gen-qc-FR-1024x466.png 1024w\" sizes=\"(max-width: 767px) 89vw, (max-width: 1000px) 54vw, (max-width: 1071px) 543px, 580px\" \/><\/a><\/p>\n<h3>Aide et soutien technique<\/h3>\n<p><span style=\"font-weight: 400;\">C&rsquo;est dans cette section que vous pouvez soumettre toute question ou probl\u00e8me en lien avec l\u2019utilisation de <a href=\"https:\/\/www.prdh-igd.com\/fr\/accueil\">PRDH-IGD.com<\/a> et <a href=\"https:\/\/www.genealogiequebec.com\/fr\/\">GenealogieQuebec.com<\/a>. Vous pouvez y poser des questions par rapport au processus d\u2019abonnement, au contenu et \u00e0 l\u2019utilisation des bases de donn\u00e9es ou \u00e0 tout autre \u00e9l\u00e9ment reli\u00e9 aux sites. Vous r\u00e9f\u00e9rer \u00e0 la section \u00ab\u00a0<em>Questions g\u00e9n\u00e9alogiques<\/em>\u00a0\u00bb pour les interrogations qui ne sont pas directement li\u00e9es aux sites.<\/span><\/p>\n<h3>Questions g\u00e9n\u00e9alogiques<\/h3>\n<p><span style=\"font-weight: 400;\">Cette section est d\u00e9di\u00e9e \u00e0 toute question en lien avec la g\u00e9n\u00e9alogie, l\u2019histoire et ce qui les entoure. Vous r\u00e9f\u00e9rer \u00e0 la section \u00ab\u00a0Aide et soutien technique\u00a0\u00bb pour les questions sp\u00e9cifiques \u00e0 PRDH-IGD et G\u00e9n\u00e9alogie Quebec.<\/span><\/p>\n<h3>Partagez vos recherches et trouvailles<\/h3>\n<p><span style=\"font-weight: 400;\">Comme son nom l\u2019indique, cette section vous permet de partager le r\u00e9sultat de vos recherches et vos trouvailles g\u00e9n\u00e9alogiques et historiques. Partagez vos succ\u00e8s et vos \u00e9checs, vos cas les plus complexes et vos histoires les plus inusit\u00e9es!<\/span><\/p>\n<h1>Participer \u00e0 la discussion<\/h1>\n<p><span style=\"font-weight: 400;\">Veuillez noter que vos identifiants PRDH-IGD.com et GenealogieQuebec.com <\/span><b>ne pourront pas <\/b><span style=\"font-weight: 400;\">\u00eatre utilis\u00e9s sur le forum. Afin d\u2019y participer, vous devrez y cr\u00e9er un nouveau compte.<\/span><\/p>\n<p><span style=\"font-weight: 400;\">Le forum est en d\u00e9veloppement constant! N\u2019h\u00e9sitez pas \u00e0 partager vos suggestions et commentaires, afin que nous puissions vous offrir la meilleure plateforme de discussion possible.<\/span><\/p>\n<p>&nbsp;<\/p>\n<p><span style=\"font-weight: 400;\">G\u00e9n\u00e9alogiquement v\u00f4tre,<\/span><\/p>\n<p><span style=\"font-weight: 400;\">L\u2019\u00e9quipe Drouin<\/span><\/p>\n","protected":false},"excerpt":{"rendered":"<p>L\u2019Institut g\u00e9n\u00e9alogique Drouin est heureux de vous annoncer l\u2019ouverture de son forum officiel! Venez discuter de g\u00e9n\u00e9alogie et d\u2019histoire avec les membres de notre \u00e9quipe et le reste de la communaut\u00e9. Ce forum est accessible \u00e0 tous, que vous soyez membre de G\u00e9n\u00e9alogie Qu\u00e9bec et PRDH-IGD ou non. Les sections du forum Le forum est &hellip; <\/p>\n<p class=\"link-more\"><a href=\"https:\/\/www.genealogiequebec.com\/blog\/2020\/06\/02\/le-forum-de-genealogie-quebec\/\" class=\"more-link\">Continuer la lecture<span class=\"screen-reader-text\"> de &laquo;&nbsp;Le Forum de G\u00e9n\u00e9alogie Qu\u00e9bec&nbsp;&raquo;<\/span><\/a><\/p>\n","protected":false},"author":1,"featured_media":0,"comment_status":"closed","ping_status":"open","sticky":false,"template":"","format":"standard","meta":{"footnotes":""},"categories":[4],"tags":[],"class_list":["post-1697","post","type-post","status-publish","format-standard","hentry","category-infolettres"],"yoast_head":"<!-- This site is optimized with the Yoast SEO plugin v26.9 - https:\/\/yoast.com\/product\/yoast-seo-wordpress\/ -->\r\n<title>Le Forum de G\u00e9n\u00e9alogie Qu\u00e9bec - G\u00e9n\u00e9alogie et histoire du Qu\u00e9bec<\/title>\r\n<meta name=\"robots\" content=\"index, follow, max-snippet:-1, max-image-preview:large, max-video-preview:-1\" \/>\r\n<link rel=\"canonical\" href=\"https:\/\/www.genealogiequebec.com\/blog\/2020\/06\/02\/le-forum-de-genealogie-quebec\/\" \/>\r\n<meta property=\"og:locale\" content=\"fr_FR\" \/>\r\n<meta property=\"og:type\" content=\"article\" \/>\r\n<meta property=\"og:title\" content=\"Le Forum de G\u00e9n\u00e9alogie Qu\u00e9bec - G\u00e9n\u00e9alogie et histoire du Qu\u00e9bec\" \/>\r\n<meta property=\"og:description\" content=\"L\u2019Institut g\u00e9n\u00e9alogique Drouin est heureux de vous annoncer l\u2019ouverture de son forum officiel! Venez discuter de g\u00e9n\u00e9alogie et d\u2019histoire avec les membres de notre \u00e9quipe et le reste de la communaut\u00e9. Ce forum est accessible \u00e0 tous, que vous soyez membre de G\u00e9n\u00e9alogie Qu\u00e9bec et PRDH-IGD ou non. Les sections du forum Le forum est &hellip; Continuer la lecture de &laquo;&nbsp;Le Forum de G\u00e9n\u00e9alogie Qu\u00e9bec&nbsp;&raquo;\" \/>\r\n<meta property=\"og:url\" content=\"https:\/\/www.genealogiequebec.com\/blog\/2020\/06\/02\/le-forum-de-genealogie-quebec\/\" \/>\r\n<meta property=\"og:site_name\" content=\"G\u00e9n\u00e9alogie et histoire du Qu\u00e9bec\" \/>\r\n<meta property=\"article:publisher\" content=\"https:\/\/www.facebook.com\/InstitutDrouin\" \/>\r\n<meta property=\"article:published_time\" content=\"2020-06-02T19:04:05+00:00\" \/>\r\n<meta property=\"article:modified_time\" content=\"2020-06-02T19:17:09+00:00\" \/>\r\n<meta property=\"og:image\" content=\"https:\/\/www.genealogiequebec.com\/blog\/wp-content\/uploads\/2017\/10\/cropped-IGD-large-1.png\" \/>\r\n<meta name=\"author\" content=\"Institut Drouin\" \/>\r\n<meta name=\"twitter:card\" content=\"summary_large_image\" \/>\r\n<meta name=\"twitter:creator\" content=\"@institutdrouin\" \/>\r\n<meta name=\"twitter:site\" content=\"@institutdrouin\" \/>\r\n<meta name=\"twitter:label1\" content=\"\u00c9crit par\" \/>\n\t<meta name=\"twitter:data1\" content=\"Institut Drouin\" \/>\n\t<meta name=\"twitter:label2\" content=\"Dur\u00e9e de lecture estim\u00e9e\" \/>\n\t<meta name=\"twitter:data2\" content=\"2 minutes\" \/>\r\n<script type=\"application\/ld+json\" class=\"yoast-schema-graph\">{\"@context\":\"https:\/\/schema.org\",\"@graph\":[{\"@type\":\"Article\",\"@id\":\"https:\/\/www.genealogiequebec.com\/blog\/2020\/06\/02\/le-forum-de-genealogie-quebec\/#article\",\"isPartOf\":{\"@id\":\"https:\/\/www.genealogiequebec.com\/blog\/2020\/06\/02\/le-forum-de-genealogie-quebec\/\"},\"author\":{\"name\":\"Institut Drouin\",\"@id\":\"https:\/\/www.genealogiequebec.com\/blog\/#\/schema\/person\/f1083726f11d1f2b6ead79ec5850ca06\"},\"headline\":\"Le Forum de G\u00e9n\u00e9alogie Qu\u00e9bec\",\"datePublished\":\"2020-06-02T19:04:05+00:00\",\"dateModified\":\"2020-06-02T19:17:09+00:00\",\"mainEntityOfPage\":{\"@id\":\"https:\/\/www.genealogiequebec.com\/blog\/2020\/06\/02\/le-forum-de-genealogie-quebec\/\"},\"wordCount\":337,\"publisher\":{\"@id\":\"https:\/\/www.genealogiequebec.com\/blog\/#organization\"},\"image\":{\"@id\":\"https:\/\/www.genealogiequebec.com\/blog\/2020\/06\/02\/le-forum-de-genealogie-quebec\/#primaryimage\"},\"thumbnailUrl\":\"https:\/\/www.genealogiequebec.com\/blog\/wp-content\/uploads\/2017\/10\/cropped-IGD-large-1.png\",\"articleSection\":[\"Infolettres\"],\"inLanguage\":\"fr-FR\"},{\"@type\":\"WebPage\",\"@id\":\"https:\/\/www.genealogiequebec.com\/blog\/2020\/06\/02\/le-forum-de-genealogie-quebec\/\",\"url\":\"https:\/\/www.genealogiequebec.com\/blog\/2020\/06\/02\/le-forum-de-genealogie-quebec\/\",\"name\":\"Le Forum de G\u00e9n\u00e9alogie Qu\u00e9bec - G\u00e9n\u00e9alogie et histoire du Qu\u00e9bec\",\"isPartOf\":{\"@id\":\"https:\/\/www.genealogiequebec.com\/blog\/#website\"},\"primaryImageOfPage\":{\"@id\":\"https:\/\/www.genealogiequebec.com\/blog\/2020\/06\/02\/le-forum-de-genealogie-quebec\/#primaryimage\"},\"image\":{\"@id\":\"https:\/\/www.genealogiequebec.com\/blog\/2020\/06\/02\/le-forum-de-genealogie-quebec\/#primaryimage\"},\"thumbnailUrl\":\"https:\/\/www.genealogiequebec.com\/blog\/wp-content\/uploads\/2017\/10\/cropped-IGD-large-1.png\",\"datePublished\":\"2020-06-02T19:04:05+00:00\",\"dateModified\":\"2020-06-02T19:17:09+00:00\",\"breadcrumb\":{\"@id\":\"https:\/\/www.genealogiequebec.com\/blog\/2020\/06\/02\/le-forum-de-genealogie-quebec\/#breadcrumb\"},\"inLanguage\":\"fr-FR\",\"potentialAction\":[{\"@type\":\"ReadAction\",\"target\":[\"https:\/\/www.genealogiequebec.com\/blog\/2020\/06\/02\/le-forum-de-genealogie-quebec\/\"]}]},{\"@type\":\"ImageObject\",\"inLanguage\":\"fr-FR\",\"@id\":\"https:\/\/www.genealogiequebec.com\/blog\/2020\/06\/02\/le-forum-de-genealogie-quebec\/#primaryimage\",\"url\":\"https:\/\/www.genealogiequebec.com\/blog\/wp-content\/uploads\/2017\/10\/cropped-IGD-large-1.png\",\"contentUrl\":\"https:\/\/www.genealogiequebec.com\/blog\/wp-content\/uploads\/2017\/10\/cropped-IGD-large-1.png\",\"width\":762,\"height\":250},{\"@type\":\"BreadcrumbList\",\"@id\":\"https:\/\/www.genealogiequebec.com\/blog\/2020\/06\/02\/le-forum-de-genealogie-quebec\/#breadcrumb\",\"itemListElement\":[{\"@type\":\"ListItem\",\"position\":1,\"name\":\"Accueil\",\"item\":\"https:\/\/www.genealogiequebec.com\/blog\/\"},{\"@type\":\"ListItem\",\"position\":2,\"name\":\"Infolettres\",\"item\":\"https:\/\/www.genealogiequebec.com\/blog\/category\/infolettres\/\"},{\"@type\":\"ListItem\",\"position\":3,\"name\":\"Le Forum de G\u00e9n\u00e9alogie Qu\u00e9bec\"}]},{\"@type\":\"WebSite\",\"@id\":\"https:\/\/www.genealogiequebec.com\/blog\/#website\",\"url\":\"https:\/\/www.genealogiequebec.com\/blog\/\",\"name\":\"G\u00e9n\u00e9alogie et histoire du Qu\u00e9bec\",\"description\":\"Le blog de l&#039;institut Drouin\",\"publisher\":{\"@id\":\"https:\/\/www.genealogiequebec.com\/blog\/#organization\"},\"potentialAction\":[{\"@type\":\"SearchAction\",\"target\":{\"@type\":\"EntryPoint\",\"urlTemplate\":\"https:\/\/www.genealogiequebec.com\/blog\/?s={search_term_string}\"},\"query-input\":{\"@type\":\"PropertyValueSpecification\",\"valueRequired\":true,\"valueName\":\"search_term_string\"}}],\"inLanguage\":\"fr-FR\"},{\"@type\":\"Organization\",\"@id\":\"https:\/\/www.genealogiequebec.com\/blog\/#organization\",\"name\":\"Institut g\u00e9n\u00e9alogique Drouin\",\"url\":\"https:\/\/www.genealogiequebec.com\/blog\/\",\"logo\":{\"@type\":\"ImageObject\",\"inLanguage\":\"fr-FR\",\"@id\":\"https:\/\/www.genealogiequebec.com\/blog\/#\/schema\/logo\/image\/\",\"url\":\"https:\/\/www.genealogiequebec.com\/blog\/wp-content\/uploads\/2019\/11\/IGD-large.png\",\"contentUrl\":\"https:\/\/www.genealogiequebec.com\/blog\/wp-content\/uploads\/2019\/11\/IGD-large.png\",\"width\":1893,\"height\":621,\"caption\":\"Institut g\u00e9n\u00e9alogique Drouin\"},\"image\":{\"@id\":\"https:\/\/www.genealogiequebec.com\/blog\/#\/schema\/logo\/image\/\"},\"sameAs\":[\"https:\/\/www.facebook.com\/InstitutDrouin\",\"https:\/\/x.com\/institutdrouin\",\"https:\/\/www.instagram.com\/genealogiequebec\/\",\"https:\/\/www.twitter.com\/institutdrouin\"]},{\"@type\":\"Person\",\"@id\":\"https:\/\/www.genealogiequebec.com\/blog\/#\/schema\/person\/f1083726f11d1f2b6ead79ec5850ca06\",\"name\":\"Institut Drouin\",\"image\":{\"@type\":\"ImageObject\",\"inLanguage\":\"fr-FR\",\"@id\":\"https:\/\/www.genealogiequebec.com\/blog\/#\/schema\/person\/image\/\",\"url\":\"https:\/\/secure.gravatar.com\/avatar\/8033ce23576b31b989429c1527bd70a807bbbe88e14f28a4bc5d8892d0bc4e54?s=96&d=mm&r=g\",\"contentUrl\":\"https:\/\/secure.gravatar.com\/avatar\/8033ce23576b31b989429c1527bd70a807bbbe88e14f28a4bc5d8892d0bc4e54?s=96&d=mm&r=g\",\"caption\":\"Institut Drouin\"},\"url\":\"https:\/\/www.genealogiequebec.com\/blog\/author\/institutdrouin\/\"}]}<\/script>\r\n<!-- \/ Yoast SEO plugin. -->","yoast_head_json":{"title":"Le Forum de G\u00e9n\u00e9alogie Qu\u00e9bec - G\u00e9n\u00e9alogie et histoire du Qu\u00e9bec","robots":{"index":"index","follow":"follow","max-snippet":"max-snippet:-1","max-image-preview":"max-image-preview:large","max-video-preview":"max-video-preview:-1"},"canonical":"https:\/\/www.genealogiequebec.com\/blog\/2020\/06\/02\/le-forum-de-genealogie-quebec\/","og_locale":"fr_FR","og_type":"article","og_title":"Le Forum de G\u00e9n\u00e9alogie Qu\u00e9bec - G\u00e9n\u00e9alogie et histoire du Qu\u00e9bec","og_description":"L\u2019Institut g\u00e9n\u00e9alogique Drouin est heureux de vous annoncer l\u2019ouverture de son forum officiel! Venez discuter de g\u00e9n\u00e9alogie et d\u2019histoire avec les membres de notre \u00e9quipe et le reste de la communaut\u00e9. Ce forum est accessible \u00e0 tous, que vous soyez membre de G\u00e9n\u00e9alogie Qu\u00e9bec et PRDH-IGD ou non. Les sections du forum Le forum est &hellip; Continuer la lecture de &laquo;&nbsp;Le Forum de G\u00e9n\u00e9alogie Qu\u00e9bec&nbsp;&raquo;","og_url":"https:\/\/www.genealogiequebec.com\/blog\/2020\/06\/02\/le-forum-de-genealogie-quebec\/","og_site_name":"G\u00e9n\u00e9alogie et histoire du Qu\u00e9bec","article_publisher":"https:\/\/www.facebook.com\/InstitutDrouin","article_published_time":"2020-06-02T19:04:05+00:00","article_modified_time":"2020-06-02T19:17:09+00:00","og_image":[{"url":"https:\/\/www.genealogiequebec.com\/blog\/wp-content\/uploads\/2017\/10\/cropped-IGD-large-1.png","type":"","width":"","height":""}],"author":"Institut Drouin","twitter_card":"summary_large_image","twitter_creator":"@institutdrouin","twitter_site":"@institutdrouin","twitter_misc":{"\u00c9crit par":"Institut Drouin","Dur\u00e9e de lecture estim\u00e9e":"2 minutes"},"schema":{"@context":"https:\/\/schema.org","@graph":[{"@type":"Article","@id":"https:\/\/www.genealogiequebec.com\/blog\/2020\/06\/02\/le-forum-de-genealogie-quebec\/#article","isPartOf":{"@id":"https:\/\/www.genealogiequebec.com\/blog\/2020\/06\/02\/le-forum-de-genealogie-quebec\/"},"author":{"name":"Institut Drouin","@id":"https:\/\/www.genealogiequebec.com\/blog\/#\/schema\/person\/f1083726f11d1f2b6ead79ec5850ca06"},"headline":"Le Forum de G\u00e9n\u00e9alogie Qu\u00e9bec","datePublished":"2020-06-02T19:04:05+00:00","dateModified":"2020-06-02T19:17:09+00:00","mainEntityOfPage":{"@id":"https:\/\/www.genealogiequebec.com\/blog\/2020\/06\/02\/le-forum-de-genealogie-quebec\/"},"wordCount":337,"publisher":{"@id":"https:\/\/www.genealogiequebec.com\/blog\/#organization"},"image":{"@id":"https:\/\/www.genealogiequebec.com\/blog\/2020\/06\/02\/le-forum-de-genealogie-quebec\/#primaryimage"},"thumbnailUrl":"https:\/\/www.genealogiequebec.com\/blog\/wp-content\/uploads\/2017\/10\/cropped-IGD-large-1.png","articleSection":["Infolettres"],"inLanguage":"fr-FR"},{"@type":"WebPage","@id":"https:\/\/www.genealogiequebec.com\/blog\/2020\/06\/02\/le-forum-de-genealogie-quebec\/","url":"https:\/\/www.genealogiequebec.com\/blog\/2020\/06\/02\/le-forum-de-genealogie-quebec\/","name":"Le Forum de G\u00e9n\u00e9alogie Qu\u00e9bec - G\u00e9n\u00e9alogie et histoire du Qu\u00e9bec","isPartOf":{"@id":"https:\/\/www.genealogiequebec.com\/blog\/#website"},"primaryImageOfPage":{"@id":"https:\/\/www.genealogiequebec.com\/blog\/2020\/06\/02\/le-forum-de-genealogie-quebec\/#primaryimage"},"image":{"@id":"https:\/\/www.genealogiequebec.com\/blog\/2020\/06\/02\/le-forum-de-genealogie-quebec\/#primaryimage"},"thumbnailUrl":"https:\/\/www.genealogiequebec.com\/blog\/wp-content\/uploads\/2017\/10\/cropped-IGD-large-1.png","datePublished":"2020-06-02T19:04:05+00:00","dateModified":"2020-06-02T19:17:09+00:00","breadcrumb":{"@id":"https:\/\/www.genealogiequebec.com\/blog\/2020\/06\/02\/le-forum-de-genealogie-quebec\/#breadcrumb"},"inLanguage":"fr-FR","potentialAction":[{"@type":"ReadAction","target":["https:\/\/www.genealogiequebec.com\/blog\/2020\/06\/02\/le-forum-de-genealogie-quebec\/"]}]},{"@type":"ImageObject","inLanguage":"fr-FR","@id":"https:\/\/www.genealogiequebec.com\/blog\/2020\/06\/02\/le-forum-de-genealogie-quebec\/#primaryimage","url":"https:\/\/www.genealogiequebec.com\/blog\/wp-content\/uploads\/2017\/10\/cropped-IGD-large-1.png","contentUrl":"https:\/\/www.genealogiequebec.com\/blog\/wp-content\/uploads\/2017\/10\/cropped-IGD-large-1.png","width":762,"height":250},{"@type":"BreadcrumbList","@id":"https:\/\/www.genealogiequebec.com\/blog\/2020\/06\/02\/le-forum-de-genealogie-quebec\/#breadcrumb","itemListElement":[{"@type":"ListItem","position":1,"name":"Accueil","item":"https:\/\/www.genealogiequebec.com\/blog\/"},{"@type":"ListItem","position":2,"name":"Infolettres","item":"https:\/\/www.genealogiequebec.com\/blog\/category\/infolettres\/"},{"@type":"ListItem","position":3,"name":"Le Forum de G\u00e9n\u00e9alogie Qu\u00e9bec"}]},{"@type":"WebSite","@id":"https:\/\/www.genealogiequebec.com\/blog\/#website","url":"https:\/\/www.genealogiequebec.com\/blog\/","name":"G\u00e9n\u00e9alogie et histoire du Qu\u00e9bec","description":"Le blog de l&#039;institut Drouin","publisher":{"@id":"https:\/\/www.genealogiequebec.com\/blog\/#organization"},"potentialAction":[{"@type":"SearchAction","target":{"@type":"EntryPoint","urlTemplate":"https:\/\/www.genealogiequebec.com\/blog\/?s={search_term_string}"},"query-input":{"@type":"PropertyValueSpecification","valueRequired":true,"valueName":"search_term_string"}}],"inLanguage":"fr-FR"},{"@type":"Organization","@id":"https:\/\/www.genealogiequebec.com\/blog\/#organization","name":"Institut g\u00e9n\u00e9alogique Drouin","url":"https:\/\/www.genealogiequebec.com\/blog\/","logo":{"@type":"ImageObject","inLanguage":"fr-FR","@id":"https:\/\/www.genealogiequebec.com\/blog\/#\/schema\/logo\/image\/","url":"https:\/\/www.genealogiequebec.com\/blog\/wp-content\/uploads\/2019\/11\/IGD-large.png","contentUrl":"https:\/\/www.genealogiequebec.com\/blog\/wp-content\/uploads\/2019\/11\/IGD-large.png","width":1893,"height":621,"caption":"Institut g\u00e9n\u00e9alogique Drouin"},"image":{"@id":"https:\/\/www.genealogiequebec.com\/blog\/#\/schema\/logo\/image\/"},"sameAs":["https:\/\/www.facebook.com\/InstitutDrouin","https:\/\/x.com\/institutdrouin","https:\/\/www.instagram.com\/genealogiequebec\/","https:\/\/www.twitter.com\/institutdrouin"]},{"@type":"Person","@id":"https:\/\/www.genealogiequebec.com\/blog\/#\/schema\/person\/f1083726f11d1f2b6ead79ec5850ca06","name":"Institut Drouin","image":{"@type":"ImageObject","inLanguage":"fr-FR","@id":"https:\/\/www.genealogiequebec.com\/blog\/#\/schema\/person\/image\/","url":"https:\/\/secure.gravatar.com\/avatar\/8033ce23576b31b989429c1527bd70a807bbbe88e14f28a4bc5d8892d0bc4e54?s=96&d=mm&r=g","contentUrl":"https:\/\/secure.gravatar.com\/avatar\/8033ce23576b31b989429c1527bd70a807bbbe88e14f28a4bc5d8892d0bc4e54?s=96&d=mm&r=g","caption":"Institut Drouin"},"url":"https:\/\/www.genealogiequebec.com\/blog\/author\/institutdrouin\/"}]}},"_links":{"self":[{"href":"https:\/\/www.genealogiequebec.com\/blog\/wp-json\/wp\/v2\/posts\/1697","targetHints":{"allow":["GET"]}}],"collection":[{"href":"https:\/\/www.genealogiequebec.com\/blog\/wp-json\/wp\/v2\/posts"}],"about":[{"href":"https:\/\/www.genealogiequebec.com\/blog\/wp-json\/wp\/v2\/types\/post"}],"author":[{"embeddable":true,"href":"https:\/\/www.genealogiequebec.com\/blog\/wp-json\/wp\/v2\/users\/1"}],"replies":[{"embeddable":true,"href":"https:\/\/www.genealogiequebec.com\/blog\/wp-json\/wp\/v2\/comments?post=1697"}],"version-history":[{"count":7,"href":"https:\/\/www.genealogiequebec.com\/blog\/wp-json\/wp\/v2\/posts\/1697\/revisions"}],"predecessor-version":[{"id":1717,"href":"https:\/\/www.genealogiequebec.com\/blog\/wp-json\/wp\/v2\/posts\/1697\/revisions\/1717"}],"wp:attachment":[{"href":"https:\/\/www.genealogiequebec.com\/blog\/wp-json\/wp\/v2\/media?parent=1697"}],"wp:term":[{"taxonomy":"category","embeddable":true,"href":"https:\/\/www.genealogiequebec.com\/blog\/wp-json\/wp\/v2\/categories?post=1697"},{"taxonomy":"post_tag","embeddable":true,"href":"https:\/\/www.genealogiequebec.com\/blog\/wp-json\/wp\/v2\/tags?post=1697"}],"curies":[{"name":"wp","href":"https:\/\/api.w.org\/{rel}","templated":true}]}}