{"id":1784,"date":"2020-08-03T18:56:17","date_gmt":"2020-08-03T22:56:17","guid":{"rendered":"https:\/\/www.genealogiequebec.com\/blog\/?p=1784\/"},"modified":"2021-01-25T20:28:39","modified_gmt":"2021-01-26T01:28:39","slug":"les-registres-paroissiaux-temoins-de-lhistoire-lepidemie-de-variole-de-1885","status":"publish","type":"post","link":"https:\/\/www.genealogiequebec.com\/blog\/2020\/08\/03\/les-registres-paroissiaux-temoins-de-lhistoire-lepidemie-de-variole-de-1885\/","title":{"rendered":"Les registres paroissiaux t\u00e9moins de l\u2019histoire : l\u2019\u00e9pid\u00e9mie de variole de 1885"},"content":{"rendered":"<p><a href=\"https:\/\/www.genealogiequebec.com\/blog\/wp-content\/uploads\/2017\/10\/cropped-IGD-large-1.png\"><img decoding=\"async\" class=\"alignleft size-full wp-image-154\" src=\"https:\/\/www.genealogiequebec.com\/blog\/wp-content\/uploads\/2017\/10\/cropped-IGD-large-1.png\" alt=\"\" width=\"762\" height=\"250\" srcset=\"https:\/\/www.genealogiequebec.com\/blog\/wp-content\/uploads\/2017\/10\/cropped-IGD-large-1.png 762w, https:\/\/www.genealogiequebec.com\/blog\/wp-content\/uploads\/2017\/10\/cropped-IGD-large-1-300x98.png 300w\" sizes=\"(max-width: 706px) 89vw, (max-width: 767px) 82vw, 740px\" \/><\/a><\/p>\n<p>&nbsp;<\/p>\n<p>La variole, aussi nomm\u00e9e petite v\u00e9role ou picote, est une maladie fort contagieuse et souvent mortelle qui a \u00e9t\u00e9 un v\u00e9ritable fl\u00e9au dans plusieurs r\u00e9gions du monde jusqu\u2019\u00e0 son \u00e9radication en 1979. Son impact sur le Qu\u00e9bec dans sa p\u00e9riode coloniale a \u00e9t\u00e9 abord\u00e9 dans\u00a0<a href=\"https:\/\/www.genealogiequebec.com\/blog\/2020\/07\/07\/les-registres-paroissiaux-temoins-de-lhistoire-la-variole-aux-temps-de-la-colonie\/\" target=\"_blank\" rel=\"noopener\">la premi\u00e8re partie de cet article<\/a>.<\/p>\n<p><a href=\"https:\/\/mcusercontent.com\/2b0f8252c19c3cd9706a29323\/images\/291849b4-0b6f-4fa0-97ea-1f08baaf37ea.jpg\" target=\"_blank\" rel=\"noopener\"><img decoding=\"async\" src=\"https:\/\/mcusercontent.com\/2b0f8252c19c3cd9706a29323\/images\/291849b4-0b6f-4fa0-97ea-1f08baaf37ea.jpg\" width=\"564\" height=\"441\" data-file-id=\"1537346\" \/><\/a><br \/>\n<span style=\"font-size: 8pt;\">Fran\u00e7ois d&rsquo;Assise et d&rsquo;autres religieux soignant des personnes qui semblent atteintes de variole. Wikipedia Commons.<\/span><\/p>\n<p>C\u2019est en 1885 que la petite v\u00e9role frappe pour la derni\u00e8re fois le Qu\u00e9bec, soit pr\u00e8s d&rsquo;un si\u00e8cle apr\u00e8s la conception du vaccin contre la maladie. Pourtant, la vaccination n\u2019\u00e9tait pas r\u00e9pandue chez les Canadiens fran\u00e7ais malgr\u00e9 des efforts soutenus des gouvernements pour encourager, voire imposer celle-ci.<\/p>\n<p>En mars 1885, un conducteur du Grand Trunk Railway apporte la variole \u00e0 Montr\u00e9al. Ses draps infect\u00e9s contaminent ensuite P\u00e9lagie Robichaud, qui travaille \u00e0 la buanderie de l\u2019h\u00f4pital o\u00f9 l\u2019homme est soign\u00e9. Elle est la premi\u00e8re morte de l\u2019\u00e9pid\u00e9mie de variole de 1885. Sa s\u00e9pulture indique qu\u2019elle d\u00e9c\u00e8de \u00e0 Montr\u00e9al le 2 avril.<\/p>\n<p><a href=\"https:\/\/mcusercontent.com\/2b0f8252c19c3cd9706a29323\/images\/6b633f76-e040-42ac-8afa-9b8e42aae255.png\" target=\"_blank\" rel=\"noopener\"><img decoding=\"async\" src=\"https:\/\/mcusercontent.com\/2b0f8252c19c3cd9706a29323\/images\/6b633f76-e040-42ac-8afa-9b8e42aae255.png\" width=\"564\" height=\"222\" data-file-id=\"1537350\" \/><\/a><br \/>\n<span style=\"font-size: 8pt;\">Source: Image d1p_1101a1007.JPG,\u00a0<a href=\"https:\/\/www.genealogiequebec.com\/blog\/2017\/10\/01\/les-registres-du-fonds-drouin\/\" target=\"_blank\" rel=\"noopener\">Registres du Fonds Drouin<\/a>\u00a0(Qu\u00e9bec\/Fonds Drouin\/Mtl\/Catholique\/Montr\u00e9al (Basilique Notre-Dame)\/1880\/1885\/S\u00e9pultures\/),\u00a0<a href=\"https:\/\/www.genealogiequebec.com\/fr\/\" target=\"_blank\" rel=\"noopener\">GenealogieQuebe<\/a><a href=\"https:\/\/www.genealogiequebec.com\/fr\/\">c.com<\/a><\/span><\/p>\n<p>\u00c0 la suite de la contagion de P\u00e9lagie Robichaud, la maladie fait plusieurs milliers de morts entre 1885 et 1886, notamment \u00e0 Montr\u00e9al. La vaccination sera impos\u00e9e aux Montr\u00e9alais, non sans r\u00e9sistance\u00a0: plusieurs \u00e9meutes anti-vaccination \u00e9clatent dans la population m\u00e9fiante.<\/p>\n<p>Le camp anti-vaccin compte des acteurs d\u2019importance\u00a0: citons par exemple Joseph \u00c9mery-Coderre, \u00e9minent m\u00e9decin militant contre la vaccination obligatoire. L\u2019\u00c9glise catholique est appel\u00e9e en renfort pour convaincre la population r\u00e9ticente. L\u2019\u00e9v\u00eaque de Montr\u00e9al, Mgr \u00c9douard-Charles Fabre, joue un r\u00f4le d\u00e9cisif en appuyant publiquement la campagne de vaccination et en commandant aux pr\u00eatres de son dioc\u00e8se de faire de m\u00eame aupr\u00e8s de leurs paroissiens.<\/p>\n<p>Cette crise survient dans un contexte politique complexe\u00a0: elle \u00e9clate en m\u00eame temps que la r\u00e9bellion du Nord-Ouest, au cours de laquelle les M\u00e9tis des Prairies se r\u00e9voltent contre le gouvernement canadien. G\u00e9n\u00e9ralement descendants de Canadiens fran\u00e7ais et d\u2019autochtones, les M\u00e9tis de l\u2019Ouest canadien sont majoritairement francophones et catholiques et leur r\u00e9bellion jouit d\u2019un soutien consid\u00e9rable au Qu\u00e9bec.<\/p>\n<p>Son \u00e9chec, qui se solde notamment par la pendaison de Louis Riel, exacerbe consid\u00e9rablement les tensions entre francophones et anglophones au Qu\u00e9bec ainsi que la m\u00e9fiance des Canadiens fran\u00e7ais envers les directives du gouvernement. On attribue notamment \u00e0 John A. Macdonald, alors Premier ministre du Canada, la phrase \u00ab\u00a0<em>[Riel] sera pendu, m\u00eame si tous les chiens du Qu\u00e9bec aboient en sa faveur<\/em>\u00a0\u00bb.<\/p>\n<p><a href=\"https:\/\/mcusercontent.com\/2b0f8252c19c3cd9706a29323\/images\/9b85dd20-4121-491d-adfc-d6c4b49de0eb.jpg\" target=\"_blank\" rel=\"noopener\"><img decoding=\"async\" src=\"https:\/\/mcusercontent.com\/2b0f8252c19c3cd9706a29323\/images\/9b85dd20-4121-491d-adfc-d6c4b49de0eb.jpg\" width=\"564\" height=\"334\" data-file-id=\"1537354\" \/><\/a><br \/>\n<span style=\"font-size: 8pt;\">Le gouvernement provisoire constitu\u00e9 par les M\u00e9tis et leur chef Louis Riel. Wikimedia Commons.<\/span><\/p>\n<p>Du c\u00f4t\u00e9 des journaux, francophones et anglophones se renvoient la balle, \u00e9voquant d\u2019une part l\u2019hyst\u00e9rie des Canadiens anglais et d\u2019autre part la malpropret\u00e9 des Canadiens fran\u00e7ais. Le 12 septembre 1885, L\u2019Union des Cantons-de-l\u2019Est, journal bas\u00e9 \u00e0 Victoriaville, publie un article sur les pr\u00e9tendus ravages de la \u00ab picotte \u00bb. En voici l\u2019introduction\u00a0:<\/p>\n<p>\u00ab\u00a0<em>Si nous en croyions les journaux des Etats-Unis publi\u00e9s en langue anglaise, la picotte serait en train de d\u00e9cimer la bonne ville de Montr\u00e9al. Pratiquement, notre m\u00e9tropole commerciale est en quarantaine \u00e0 l\u2019heure qu\u2019il est! Beaucoup de monde souffre et un plus grand nombre encore souffriront de cet \u00e9tat de choses. Et \u00e0 qui la faute? A la presse de votre ville, bonnes gens de Montr\u00e9al. C\u2019est elle qui a r\u00e9pandu partout que la picotte vous rongeait, que le fl\u00e9au prenait des proportions horribles, que toute la cit\u00e9 allait y passer.\u00a0<\/em>\u00bb<\/p>\n<p>Ainsi, cet article accuse les journaux de langue anglaise d\u2019exag\u00e9rer consid\u00e9rablement les proportions de l\u2019\u00e9pid\u00e9mie de variole, d\u2019autant plus que les Canadiens anglais semblent attribuer aux Canadiens fran\u00e7ais la gravit\u00e9 de la situation\u00a0:<\/p>\n<p>\u00ab\u00a0<em>Maintenant, comme il faut une b\u00eate noire partout, on a imagin\u00e9 que les canadiens fran\u00e7ais devaient \u00eatre les auteurs et les propagateurs de l\u2019\u00e9pid\u00e9mie. Le\u00a0<\/em>Herald<em>\u00a0de Montr\u00e9al a accus\u00e9 nos co-nationaux d\u2019\u00eatre ignorants, sales, crasseux, etc. C\u2019est une grosse calomnie! Nos canadiennes fran\u00e7aises sont g\u00e9n\u00e9ralement propres, industrieuses, passant les trois quarts du temps \u00e0 laver et \u00e9curer dans leur maison.\u00a0<\/em>\u00bb<\/p>\n<p>Cet article ne rejette pas pour autant la science et reconna\u00eet les lacunes du peuple canadien-fran\u00e7ais pour ce qui est de l\u2019hygi\u00e8ne.<\/p>\n<p>\u00ab\u00a0<em>Aussi les ravages de l\u2019indiff\u00e9rence pour la lecture et les sciences sont infiniment plus \u00e0 redouter que ceux de la picotte \u00e0 Montr\u00e9al dont les victimes ne d\u00e9passent pas quelques dizaines.\u00a0\u00a0<\/em>\u00bb<\/p>\n<div><a href=\"https:\/\/www.genealogiequebec.com\/blog\/wp-content\/uploads\/2020\/08\/journal-img4.png\"><img decoding=\"async\" src=\"https:\/\/www.genealogiequebec.com\/blog\/wp-content\/uploads\/2020\/08\/journal-img4-150x122.png\" alt=\"\" width=\"150\" height=\"122\" \/><\/a>\u00a0 \u00a0<a href=\"https:\/\/www.genealogiequebec.com\/blog\/wp-content\/uploads\/2020\/08\/journal-img3.png\"><img decoding=\"async\" src=\"https:\/\/www.genealogiequebec.com\/blog\/wp-content\/uploads\/2020\/08\/journal-img3-150x150.png\" alt=\"\" width=\"150\" height=\"150\" \/><\/a>\u00a0 \u00a0<a href=\"https:\/\/www.genealogiequebec.com\/blog\/wp-content\/uploads\/2020\/08\/journal-img2.png\"><img decoding=\"async\" src=\"https:\/\/www.genealogiequebec.com\/blog\/wp-content\/uploads\/2020\/08\/journal-img2-150x150.png\" alt=\"\" width=\"150\" height=\"150\" \/><\/a><\/div>\n<div><span style=\"font-size: 8pt;\">Source: Image 00080.jpg,\u00a0<a href=\"https:\/\/www.genealogiequebec.com\/blog\/2017\/11\/30\/collections-diverses-de-linstitut-drouin\/\" target=\"_blank\" rel=\"noopener\">Collections Diverses de l&rsquo;Institut Drouin<\/a>\u00a0(23 &#8211; Journaux anciens\/L&rsquo;Union des Cantons de l&rsquo;Est (Arthabaskaville)\/1867-1887\/1885\/),\u00a0<a href=\"https:\/\/www.genealogiequebec.com\/fr\/\" target=\"_blank\" rel=\"noopener\">GenealogieQuebec.com<\/a><\/span><\/p>\n<p>Toujours en septembre 1885 paraissent cependant dans L\u2019Union des Cantons-de-l\u2019Est des rem\u00e8des et recettes pour soigner la variole, perp\u00e9tuant l\u2019id\u00e9e que la vaccination \u00e9tait au mieux superflue, sinon dangereuse.<\/p>\n<p>\u00ab\u00a0<em>Je me rappelle avoir lu dans le (Journal de l&rsquo;instruction publique), que la racine de la Sarrasine [sarrac\u00e9nie] \u00e9tait un antidote contre cette maladie. Vite je me mets \u00e0 l&rsquo;oeuvre, j&rsquo;envoie mon peti servant de messe, un jeune montagnais, me chercher la plante en question, nous infusons la racine, \u00e0 peine en eurent-ils pris deux ou trois potions qu&rsquo;ils \u00e9prouv\u00e8rent un bien sensible, la fi\u00e8vre disparut, les pustules s\u00e9ch\u00e8rent, ils \u00e9taient hors de danger, ils n&rsquo;ont m\u00eame pas port\u00e9 les marques de la picote.\u00a0\u00a0<\/em>\u00bb<\/p>\n<p>\u00ab\u00a0<em>Quand Jenner d\u00e9couvrit le vaccin de la vache en Angleterre, le monde de la science voulut faire \u00e9clater la foudre sur sa t\u00eate ; mais quand l&rsquo;\u00c9cole de m\u00e9decine la plus savante de l&rsquo;univers, celle de Paris, publia cette recette pour la variole, elle passa sans encombre. Elle est aussi infaillible que le sort et remporte la victoire dans tous les cas.<br \/>\nSulphate de zinc, 1 grain ; digitale, 1 grain ; 1 1\/2 cuill\u00e9r\u00e9e \u00e0 th\u00e9 de sucre. M\u00ealez avec deux cuill\u00e9r\u00e9es \u00e0 table d&rsquo;eau. Quand le m\u00e9lange est parfait ajoutez quatre onces d&rsquo;eau. Prenez une cuill\u00e9r\u00e9e \u00e0 th\u00e9 chaque heure. La maladie dispara\u00eetra en douze heures.\u00a0\u00a0<\/em>\u00bb\n<\/div>\n<div><a href=\"https:\/\/www.genealogiequebec.com\/blog\/wp-content\/uploads\/2020\/08\/journa-2-img1.png\"><img decoding=\"async\" src=\"https:\/\/www.genealogiequebec.com\/blog\/wp-content\/uploads\/2020\/08\/journa-2-img1-150x150.png\" alt=\"\" width=\"150\" height=\"150\" \/><\/a>\u00a0 \u00a0 \u00a0 \u00a0 \u00a0 \u00a0 \u00a0\u00a0<a href=\"https:\/\/www.genealogiequebec.com\/blog\/wp-content\/uploads\/2020\/08\/journa-2-img2.png\"><img decoding=\"async\" src=\"https:\/\/www.genealogiequebec.com\/blog\/wp-content\/uploads\/2020\/08\/journa-2-img2-150x150.png\" alt=\"\" width=\"150\" height=\"150\" \/><\/a><\/div>\n<div><span style=\"font-size: 8pt;\">Source: Images 00078.jpg et 00084.jpg,\u00a0<a href=\"https:\/\/www.genealogiequebec.com\/blog\/2017\/11\/30\/collections-diverses-de-linstitut-drouin\/\" target=\"_blank\" rel=\"noopener\">Collections Diverses de l&rsquo;Institut Drouin<\/a>\u00a0(23 &#8211; Journaux anciens\/L&rsquo;Union des Cantons de l&rsquo;Est (Arthabaskaville)\/1867-1887\/1885\/),\u00a0<a href=\"https:\/\/www.genealogiequebec.com\/fr\/\" target=\"_blank\" rel=\"noopener\">GenealogieQuebec.com<\/a><\/span><\/p>\n<p>L\u2019\u00e9pid\u00e9mie de 1885 constitue la derni\u00e8re crise sanitaire d\u2019envergure li\u00e9e \u00e0 la variole dans le monde occidental, un peu moins d\u2019un si\u00e8cle avant l\u2019annonce de son \u00e9radication compl\u00e8te gr\u00e2ce \u00e0 la vaccination. 1979 marquera la fin du virus responsable d\u2019une des maladies contagieuses les plus mortelles de l\u2019histoire de l\u2019humanit\u00e9, dont quelques \u00e9chantillons seulement subsistent \u00e0 des fins de recherche.<\/p>\n<p>Marielle C\u00f4t\u00e9-Gendreau<br \/>\n<span style=\"font-size: 8pt;\">\u00c9tudiante et collaboratrice au Programme de recherche en d\u00e9mographie historique (PRDH) de l\u2019Universit\u00e9 de Montr\u00e9al.<\/span><\/div>\n","protected":false},"excerpt":{"rendered":"<p>&nbsp; La variole, aussi nomm\u00e9e petite v\u00e9role ou picote, est une maladie fort contagieuse et souvent mortelle qui a \u00e9t\u00e9 un v\u00e9ritable fl\u00e9au dans plusieurs r\u00e9gions du monde jusqu\u2019\u00e0 son \u00e9radication en 1979. Son impact sur le Qu\u00e9bec dans sa p\u00e9riode coloniale a \u00e9t\u00e9 abord\u00e9 dans\u00a0la premi\u00e8re partie de cet article. Fran\u00e7ois d&rsquo;Assise et d&rsquo;autres &hellip; <\/p>\n<p class=\"link-more\"><a href=\"https:\/\/www.genealogiequebec.com\/blog\/2020\/08\/03\/les-registres-paroissiaux-temoins-de-lhistoire-lepidemie-de-variole-de-1885\/\" class=\"more-link\">Continuer la lecture<span class=\"screen-reader-text\"> de &laquo;&nbsp;Les registres paroissiaux t\u00e9moins de l\u2019histoire : l\u2019\u00e9pid\u00e9mie de variole de 1885&nbsp;&raquo;<\/span><\/a><\/p>\n","protected":false},"author":3,"featured_media":0,"comment_status":"closed","ping_status":"open","sticky":false,"template":"","format":"standard","meta":{"footnotes":""},"categories":[2],"tags":[],"class_list":["post-1784","post","type-post","status-publish","format-standard","hentry","category-articles"],"yoast_head":"<!-- This site is optimized with the Yoast SEO plugin v26.9 - https:\/\/yoast.com\/product\/yoast-seo-wordpress\/ -->\r\n<title>Les registres paroissiaux t\u00e9moins de l\u2019histoire : l\u2019\u00e9pid\u00e9mie de variole de 1885 - G\u00e9n\u00e9alogie et histoire du Qu\u00e9bec<\/title>\r\n<meta name=\"robots\" content=\"index, follow, max-snippet:-1, max-image-preview:large, max-video-preview:-1\" \/>\r\n<link rel=\"canonical\" href=\"https:\/\/www.genealogiequebec.com\/blog\/2020\/08\/03\/les-registres-paroissiaux-temoins-de-lhistoire-lepidemie-de-variole-de-1885\/\" \/>\r\n<meta property=\"og:locale\" content=\"fr_FR\" \/>\r\n<meta property=\"og:type\" content=\"article\" \/>\r\n<meta property=\"og:title\" content=\"Les registres paroissiaux t\u00e9moins de l\u2019histoire : l\u2019\u00e9pid\u00e9mie de variole de 1885 - G\u00e9n\u00e9alogie et histoire du Qu\u00e9bec\" \/>\r\n<meta property=\"og:description\" content=\"&nbsp; La variole, aussi nomm\u00e9e petite v\u00e9role ou picote, est une maladie fort contagieuse et souvent mortelle qui a \u00e9t\u00e9 un v\u00e9ritable fl\u00e9au dans plusieurs r\u00e9gions du monde jusqu\u2019\u00e0 son \u00e9radication en 1979. Son impact sur le Qu\u00e9bec dans sa p\u00e9riode coloniale a \u00e9t\u00e9 abord\u00e9 dans\u00a0la premi\u00e8re partie de cet article. Fran\u00e7ois d&rsquo;Assise et d&rsquo;autres &hellip; Continuer la lecture de &laquo;&nbsp;Les registres paroissiaux t\u00e9moins de l\u2019histoire : l\u2019\u00e9pid\u00e9mie de variole de 1885&nbsp;&raquo;\" \/>\r\n<meta property=\"og:url\" content=\"https:\/\/www.genealogiequebec.com\/blog\/2020\/08\/03\/les-registres-paroissiaux-temoins-de-lhistoire-lepidemie-de-variole-de-1885\/\" \/>\r\n<meta property=\"og:site_name\" content=\"G\u00e9n\u00e9alogie et histoire du Qu\u00e9bec\" \/>\r\n<meta property=\"article:publisher\" content=\"https:\/\/www.facebook.com\/InstitutDrouin\" \/>\r\n<meta property=\"article:published_time\" content=\"2020-08-03T22:56:17+00:00\" \/>\r\n<meta property=\"article:modified_time\" content=\"2021-01-26T01:28:39+00:00\" \/>\r\n<meta property=\"og:image\" content=\"https:\/\/www.genealogiequebec.com\/blog\/wp-content\/uploads\/2017\/10\/cropped-IGD-large-1.png\" \/>\r\n<meta name=\"author\" content=\"Marielle C\u00f4t\u00e9-Gendreau\" \/>\r\n<meta name=\"twitter:card\" content=\"summary_large_image\" \/>\r\n<meta name=\"twitter:creator\" content=\"@institutdrouin\" \/>\r\n<meta name=\"twitter:site\" content=\"@institutdrouin\" \/>\r\n<meta name=\"twitter:label1\" content=\"\u00c9crit par\" \/>\n\t<meta name=\"twitter:data1\" content=\"Marielle C\u00f4t\u00e9-Gendreau\" \/>\n\t<meta name=\"twitter:label2\" content=\"Dur\u00e9e de lecture estim\u00e9e\" \/>\n\t<meta name=\"twitter:data2\" content=\"6 minutes\" \/>\r\n<script type=\"application\/ld+json\" class=\"yoast-schema-graph\">{\"@context\":\"https:\/\/schema.org\",\"@graph\":[{\"@type\":\"Article\",\"@id\":\"https:\/\/www.genealogiequebec.com\/blog\/2020\/08\/03\/les-registres-paroissiaux-temoins-de-lhistoire-lepidemie-de-variole-de-1885\/#article\",\"isPartOf\":{\"@id\":\"https:\/\/www.genealogiequebec.com\/blog\/2020\/08\/03\/les-registres-paroissiaux-temoins-de-lhistoire-lepidemie-de-variole-de-1885\/\"},\"author\":{\"name\":\"Marielle C\u00f4t\u00e9-Gendreau\",\"@id\":\"https:\/\/www.genealogiequebec.com\/blog\/#\/schema\/person\/b8b832c5baa3faa5d97e5bfb1361edf0\"},\"headline\":\"Les registres paroissiaux t\u00e9moins de l\u2019histoire : l\u2019\u00e9pid\u00e9mie de variole de 1885\",\"datePublished\":\"2020-08-03T22:56:17+00:00\",\"dateModified\":\"2021-01-26T01:28:39+00:00\",\"mainEntityOfPage\":{\"@id\":\"https:\/\/www.genealogiequebec.com\/blog\/2020\/08\/03\/les-registres-paroissiaux-temoins-de-lhistoire-lepidemie-de-variole-de-1885\/\"},\"wordCount\":1194,\"publisher\":{\"@id\":\"https:\/\/www.genealogiequebec.com\/blog\/#organization\"},\"image\":{\"@id\":\"https:\/\/www.genealogiequebec.com\/blog\/2020\/08\/03\/les-registres-paroissiaux-temoins-de-lhistoire-lepidemie-de-variole-de-1885\/#primaryimage\"},\"thumbnailUrl\":\"https:\/\/www.genealogiequebec.com\/blog\/wp-content\/uploads\/2017\/10\/cropped-IGD-large-1.png\",\"articleSection\":[\"Articles\"],\"inLanguage\":\"fr-FR\"},{\"@type\":\"WebPage\",\"@id\":\"https:\/\/www.genealogiequebec.com\/blog\/2020\/08\/03\/les-registres-paroissiaux-temoins-de-lhistoire-lepidemie-de-variole-de-1885\/\",\"url\":\"https:\/\/www.genealogiequebec.com\/blog\/2020\/08\/03\/les-registres-paroissiaux-temoins-de-lhistoire-lepidemie-de-variole-de-1885\/\",\"name\":\"Les registres paroissiaux t\u00e9moins de l\u2019histoire : l\u2019\u00e9pid\u00e9mie de variole de 1885 - G\u00e9n\u00e9alogie et histoire du Qu\u00e9bec\",\"isPartOf\":{\"@id\":\"https:\/\/www.genealogiequebec.com\/blog\/#website\"},\"primaryImageOfPage\":{\"@id\":\"https:\/\/www.genealogiequebec.com\/blog\/2020\/08\/03\/les-registres-paroissiaux-temoins-de-lhistoire-lepidemie-de-variole-de-1885\/#primaryimage\"},\"image\":{\"@id\":\"https:\/\/www.genealogiequebec.com\/blog\/2020\/08\/03\/les-registres-paroissiaux-temoins-de-lhistoire-lepidemie-de-variole-de-1885\/#primaryimage\"},\"thumbnailUrl\":\"https:\/\/www.genealogiequebec.com\/blog\/wp-content\/uploads\/2017\/10\/cropped-IGD-large-1.png\",\"datePublished\":\"2020-08-03T22:56:17+00:00\",\"dateModified\":\"2021-01-26T01:28:39+00:00\",\"breadcrumb\":{\"@id\":\"https:\/\/www.genealogiequebec.com\/blog\/2020\/08\/03\/les-registres-paroissiaux-temoins-de-lhistoire-lepidemie-de-variole-de-1885\/#breadcrumb\"},\"inLanguage\":\"fr-FR\",\"potentialAction\":[{\"@type\":\"ReadAction\",\"target\":[\"https:\/\/www.genealogiequebec.com\/blog\/2020\/08\/03\/les-registres-paroissiaux-temoins-de-lhistoire-lepidemie-de-variole-de-1885\/\"]}]},{\"@type\":\"ImageObject\",\"inLanguage\":\"fr-FR\",\"@id\":\"https:\/\/www.genealogiequebec.com\/blog\/2020\/08\/03\/les-registres-paroissiaux-temoins-de-lhistoire-lepidemie-de-variole-de-1885\/#primaryimage\",\"url\":\"https:\/\/www.genealogiequebec.com\/blog\/wp-content\/uploads\/2017\/10\/cropped-IGD-large-1.png\",\"contentUrl\":\"https:\/\/www.genealogiequebec.com\/blog\/wp-content\/uploads\/2017\/10\/cropped-IGD-large-1.png\",\"width\":762,\"height\":250},{\"@type\":\"BreadcrumbList\",\"@id\":\"https:\/\/www.genealogiequebec.com\/blog\/2020\/08\/03\/les-registres-paroissiaux-temoins-de-lhistoire-lepidemie-de-variole-de-1885\/#breadcrumb\",\"itemListElement\":[{\"@type\":\"ListItem\",\"position\":1,\"name\":\"Accueil\",\"item\":\"https:\/\/www.genealogiequebec.com\/blog\/\"},{\"@type\":\"ListItem\",\"position\":2,\"name\":\"Articles\",\"item\":\"https:\/\/www.genealogiequebec.com\/blog\/category\/articles\/\"},{\"@type\":\"ListItem\",\"position\":3,\"name\":\"Les registres paroissiaux t\u00e9moins de l\u2019histoire : l\u2019\u00e9pid\u00e9mie de variole de 1885\"}]},{\"@type\":\"WebSite\",\"@id\":\"https:\/\/www.genealogiequebec.com\/blog\/#website\",\"url\":\"https:\/\/www.genealogiequebec.com\/blog\/\",\"name\":\"G\u00e9n\u00e9alogie et histoire du Qu\u00e9bec\",\"description\":\"Le blog de l&#039;institut Drouin\",\"publisher\":{\"@id\":\"https:\/\/www.genealogiequebec.com\/blog\/#organization\"},\"potentialAction\":[{\"@type\":\"SearchAction\",\"target\":{\"@type\":\"EntryPoint\",\"urlTemplate\":\"https:\/\/www.genealogiequebec.com\/blog\/?s={search_term_string}\"},\"query-input\":{\"@type\":\"PropertyValueSpecification\",\"valueRequired\":true,\"valueName\":\"search_term_string\"}}],\"inLanguage\":\"fr-FR\"},{\"@type\":\"Organization\",\"@id\":\"https:\/\/www.genealogiequebec.com\/blog\/#organization\",\"name\":\"Institut g\u00e9n\u00e9alogique Drouin\",\"url\":\"https:\/\/www.genealogiequebec.com\/blog\/\",\"logo\":{\"@type\":\"ImageObject\",\"inLanguage\":\"fr-FR\",\"@id\":\"https:\/\/www.genealogiequebec.com\/blog\/#\/schema\/logo\/image\/\",\"url\":\"https:\/\/www.genealogiequebec.com\/blog\/wp-content\/uploads\/2019\/11\/IGD-large.png\",\"contentUrl\":\"https:\/\/www.genealogiequebec.com\/blog\/wp-content\/uploads\/2019\/11\/IGD-large.png\",\"width\":1893,\"height\":621,\"caption\":\"Institut g\u00e9n\u00e9alogique Drouin\"},\"image\":{\"@id\":\"https:\/\/www.genealogiequebec.com\/blog\/#\/schema\/logo\/image\/\"},\"sameAs\":[\"https:\/\/www.facebook.com\/InstitutDrouin\",\"https:\/\/x.com\/institutdrouin\",\"https:\/\/www.instagram.com\/genealogiequebec\/\",\"https:\/\/www.twitter.com\/institutdrouin\"]},{\"@type\":\"Person\",\"@id\":\"https:\/\/www.genealogiequebec.com\/blog\/#\/schema\/person\/b8b832c5baa3faa5d97e5bfb1361edf0\",\"name\":\"Marielle C\u00f4t\u00e9-Gendreau\",\"image\":{\"@type\":\"ImageObject\",\"inLanguage\":\"fr-FR\",\"@id\":\"https:\/\/www.genealogiequebec.com\/blog\/#\/schema\/person\/image\/\",\"url\":\"https:\/\/secure.gravatar.com\/avatar\/d941a11beac7fdaf9537444eba7999121d83848afc070935b4307c480fa8443a?s=96&d=mm&r=g\",\"contentUrl\":\"https:\/\/secure.gravatar.com\/avatar\/d941a11beac7fdaf9537444eba7999121d83848afc070935b4307c480fa8443a?s=96&d=mm&r=g\",\"caption\":\"Marielle C\u00f4t\u00e9-Gendreau\"},\"url\":\"https:\/\/www.genealogiequebec.com\/blog\/author\/marielle-cote-gendreau\/\"}]}<\/script>\r\n<!-- \/ Yoast SEO plugin. -->","yoast_head_json":{"title":"Les registres paroissiaux t\u00e9moins de l\u2019histoire : l\u2019\u00e9pid\u00e9mie de variole de 1885 - G\u00e9n\u00e9alogie et histoire du Qu\u00e9bec","robots":{"index":"index","follow":"follow","max-snippet":"max-snippet:-1","max-image-preview":"max-image-preview:large","max-video-preview":"max-video-preview:-1"},"canonical":"https:\/\/www.genealogiequebec.com\/blog\/2020\/08\/03\/les-registres-paroissiaux-temoins-de-lhistoire-lepidemie-de-variole-de-1885\/","og_locale":"fr_FR","og_type":"article","og_title":"Les registres paroissiaux t\u00e9moins de l\u2019histoire : l\u2019\u00e9pid\u00e9mie de variole de 1885 - G\u00e9n\u00e9alogie et histoire du Qu\u00e9bec","og_description":"&nbsp; La variole, aussi nomm\u00e9e petite v\u00e9role ou picote, est une maladie fort contagieuse et souvent mortelle qui a \u00e9t\u00e9 un v\u00e9ritable fl\u00e9au dans plusieurs r\u00e9gions du monde jusqu\u2019\u00e0 son \u00e9radication en 1979. Son impact sur le Qu\u00e9bec dans sa p\u00e9riode coloniale a \u00e9t\u00e9 abord\u00e9 dans\u00a0la premi\u00e8re partie de cet article. Fran\u00e7ois d&rsquo;Assise et d&rsquo;autres &hellip; Continuer la lecture de &laquo;&nbsp;Les registres paroissiaux t\u00e9moins de l\u2019histoire : l\u2019\u00e9pid\u00e9mie de variole de 1885&nbsp;&raquo;","og_url":"https:\/\/www.genealogiequebec.com\/blog\/2020\/08\/03\/les-registres-paroissiaux-temoins-de-lhistoire-lepidemie-de-variole-de-1885\/","og_site_name":"G\u00e9n\u00e9alogie et histoire du Qu\u00e9bec","article_publisher":"https:\/\/www.facebook.com\/InstitutDrouin","article_published_time":"2020-08-03T22:56:17+00:00","article_modified_time":"2021-01-26T01:28:39+00:00","og_image":[{"url":"https:\/\/www.genealogiequebec.com\/blog\/wp-content\/uploads\/2017\/10\/cropped-IGD-large-1.png","type":"","width":"","height":""}],"author":"Marielle C\u00f4t\u00e9-Gendreau","twitter_card":"summary_large_image","twitter_creator":"@institutdrouin","twitter_site":"@institutdrouin","twitter_misc":{"\u00c9crit par":"Marielle C\u00f4t\u00e9-Gendreau","Dur\u00e9e de lecture estim\u00e9e":"6 minutes"},"schema":{"@context":"https:\/\/schema.org","@graph":[{"@type":"Article","@id":"https:\/\/www.genealogiequebec.com\/blog\/2020\/08\/03\/les-registres-paroissiaux-temoins-de-lhistoire-lepidemie-de-variole-de-1885\/#article","isPartOf":{"@id":"https:\/\/www.genealogiequebec.com\/blog\/2020\/08\/03\/les-registres-paroissiaux-temoins-de-lhistoire-lepidemie-de-variole-de-1885\/"},"author":{"name":"Marielle C\u00f4t\u00e9-Gendreau","@id":"https:\/\/www.genealogiequebec.com\/blog\/#\/schema\/person\/b8b832c5baa3faa5d97e5bfb1361edf0"},"headline":"Les registres paroissiaux t\u00e9moins de l\u2019histoire : l\u2019\u00e9pid\u00e9mie de variole de 1885","datePublished":"2020-08-03T22:56:17+00:00","dateModified":"2021-01-26T01:28:39+00:00","mainEntityOfPage":{"@id":"https:\/\/www.genealogiequebec.com\/blog\/2020\/08\/03\/les-registres-paroissiaux-temoins-de-lhistoire-lepidemie-de-variole-de-1885\/"},"wordCount":1194,"publisher":{"@id":"https:\/\/www.genealogiequebec.com\/blog\/#organization"},"image":{"@id":"https:\/\/www.genealogiequebec.com\/blog\/2020\/08\/03\/les-registres-paroissiaux-temoins-de-lhistoire-lepidemie-de-variole-de-1885\/#primaryimage"},"thumbnailUrl":"https:\/\/www.genealogiequebec.com\/blog\/wp-content\/uploads\/2017\/10\/cropped-IGD-large-1.png","articleSection":["Articles"],"inLanguage":"fr-FR"},{"@type":"WebPage","@id":"https:\/\/www.genealogiequebec.com\/blog\/2020\/08\/03\/les-registres-paroissiaux-temoins-de-lhistoire-lepidemie-de-variole-de-1885\/","url":"https:\/\/www.genealogiequebec.com\/blog\/2020\/08\/03\/les-registres-paroissiaux-temoins-de-lhistoire-lepidemie-de-variole-de-1885\/","name":"Les registres paroissiaux t\u00e9moins de l\u2019histoire : l\u2019\u00e9pid\u00e9mie de variole de 1885 - G\u00e9n\u00e9alogie et histoire du Qu\u00e9bec","isPartOf":{"@id":"https:\/\/www.genealogiequebec.com\/blog\/#website"},"primaryImageOfPage":{"@id":"https:\/\/www.genealogiequebec.com\/blog\/2020\/08\/03\/les-registres-paroissiaux-temoins-de-lhistoire-lepidemie-de-variole-de-1885\/#primaryimage"},"image":{"@id":"https:\/\/www.genealogiequebec.com\/blog\/2020\/08\/03\/les-registres-paroissiaux-temoins-de-lhistoire-lepidemie-de-variole-de-1885\/#primaryimage"},"thumbnailUrl":"https:\/\/www.genealogiequebec.com\/blog\/wp-content\/uploads\/2017\/10\/cropped-IGD-large-1.png","datePublished":"2020-08-03T22:56:17+00:00","dateModified":"2021-01-26T01:28:39+00:00","breadcrumb":{"@id":"https:\/\/www.genealogiequebec.com\/blog\/2020\/08\/03\/les-registres-paroissiaux-temoins-de-lhistoire-lepidemie-de-variole-de-1885\/#breadcrumb"},"inLanguage":"fr-FR","potentialAction":[{"@type":"ReadAction","target":["https:\/\/www.genealogiequebec.com\/blog\/2020\/08\/03\/les-registres-paroissiaux-temoins-de-lhistoire-lepidemie-de-variole-de-1885\/"]}]},{"@type":"ImageObject","inLanguage":"fr-FR","@id":"https:\/\/www.genealogiequebec.com\/blog\/2020\/08\/03\/les-registres-paroissiaux-temoins-de-lhistoire-lepidemie-de-variole-de-1885\/#primaryimage","url":"https:\/\/www.genealogiequebec.com\/blog\/wp-content\/uploads\/2017\/10\/cropped-IGD-large-1.png","contentUrl":"https:\/\/www.genealogiequebec.com\/blog\/wp-content\/uploads\/2017\/10\/cropped-IGD-large-1.png","width":762,"height":250},{"@type":"BreadcrumbList","@id":"https:\/\/www.genealogiequebec.com\/blog\/2020\/08\/03\/les-registres-paroissiaux-temoins-de-lhistoire-lepidemie-de-variole-de-1885\/#breadcrumb","itemListElement":[{"@type":"ListItem","position":1,"name":"Accueil","item":"https:\/\/www.genealogiequebec.com\/blog\/"},{"@type":"ListItem","position":2,"name":"Articles","item":"https:\/\/www.genealogiequebec.com\/blog\/category\/articles\/"},{"@type":"ListItem","position":3,"name":"Les registres paroissiaux t\u00e9moins de l\u2019histoire : l\u2019\u00e9pid\u00e9mie de variole de 1885"}]},{"@type":"WebSite","@id":"https:\/\/www.genealogiequebec.com\/blog\/#website","url":"https:\/\/www.genealogiequebec.com\/blog\/","name":"G\u00e9n\u00e9alogie et histoire du Qu\u00e9bec","description":"Le blog de l&#039;institut Drouin","publisher":{"@id":"https:\/\/www.genealogiequebec.com\/blog\/#organization"},"potentialAction":[{"@type":"SearchAction","target":{"@type":"EntryPoint","urlTemplate":"https:\/\/www.genealogiequebec.com\/blog\/?s={search_term_string}"},"query-input":{"@type":"PropertyValueSpecification","valueRequired":true,"valueName":"search_term_string"}}],"inLanguage":"fr-FR"},{"@type":"Organization","@id":"https:\/\/www.genealogiequebec.com\/blog\/#organization","name":"Institut g\u00e9n\u00e9alogique Drouin","url":"https:\/\/www.genealogiequebec.com\/blog\/","logo":{"@type":"ImageObject","inLanguage":"fr-FR","@id":"https:\/\/www.genealogiequebec.com\/blog\/#\/schema\/logo\/image\/","url":"https:\/\/www.genealogiequebec.com\/blog\/wp-content\/uploads\/2019\/11\/IGD-large.png","contentUrl":"https:\/\/www.genealogiequebec.com\/blog\/wp-content\/uploads\/2019\/11\/IGD-large.png","width":1893,"height":621,"caption":"Institut g\u00e9n\u00e9alogique Drouin"},"image":{"@id":"https:\/\/www.genealogiequebec.com\/blog\/#\/schema\/logo\/image\/"},"sameAs":["https:\/\/www.facebook.com\/InstitutDrouin","https:\/\/x.com\/institutdrouin","https:\/\/www.instagram.com\/genealogiequebec\/","https:\/\/www.twitter.com\/institutdrouin"]},{"@type":"Person","@id":"https:\/\/www.genealogiequebec.com\/blog\/#\/schema\/person\/b8b832c5baa3faa5d97e5bfb1361edf0","name":"Marielle C\u00f4t\u00e9-Gendreau","image":{"@type":"ImageObject","inLanguage":"fr-FR","@id":"https:\/\/www.genealogiequebec.com\/blog\/#\/schema\/person\/image\/","url":"https:\/\/secure.gravatar.com\/avatar\/d941a11beac7fdaf9537444eba7999121d83848afc070935b4307c480fa8443a?s=96&d=mm&r=g","contentUrl":"https:\/\/secure.gravatar.com\/avatar\/d941a11beac7fdaf9537444eba7999121d83848afc070935b4307c480fa8443a?s=96&d=mm&r=g","caption":"Marielle C\u00f4t\u00e9-Gendreau"},"url":"https:\/\/www.genealogiequebec.com\/blog\/author\/marielle-cote-gendreau\/"}]}},"_links":{"self":[{"href":"https:\/\/www.genealogiequebec.com\/blog\/wp-json\/wp\/v2\/posts\/1784","targetHints":{"allow":["GET"]}}],"collection":[{"href":"https:\/\/www.genealogiequebec.com\/blog\/wp-json\/wp\/v2\/posts"}],"about":[{"href":"https:\/\/www.genealogiequebec.com\/blog\/wp-json\/wp\/v2\/types\/post"}],"author":[{"embeddable":true,"href":"https:\/\/www.genealogiequebec.com\/blog\/wp-json\/wp\/v2\/users\/3"}],"replies":[{"embeddable":true,"href":"https:\/\/www.genealogiequebec.com\/blog\/wp-json\/wp\/v2\/comments?post=1784"}],"version-history":[{"count":1,"href":"https:\/\/www.genealogiequebec.com\/blog\/wp-json\/wp\/v2\/posts\/1784\/revisions"}],"predecessor-version":[{"id":1785,"href":"https:\/\/www.genealogiequebec.com\/blog\/wp-json\/wp\/v2\/posts\/1784\/revisions\/1785"}],"wp:attachment":[{"href":"https:\/\/www.genealogiequebec.com\/blog\/wp-json\/wp\/v2\/media?parent=1784"}],"wp:term":[{"taxonomy":"category","embeddable":true,"href":"https:\/\/www.genealogiequebec.com\/blog\/wp-json\/wp\/v2\/categories?post=1784"},{"taxonomy":"post_tag","embeddable":true,"href":"https:\/\/www.genealogiequebec.com\/blog\/wp-json\/wp\/v2\/tags?post=1784"}],"curies":[{"name":"wp","href":"https:\/\/api.w.org\/{rel}","templated":true}]}}