{"id":1971,"date":"2020-12-29T16:18:24","date_gmt":"2020-12-29T21:18:24","guid":{"rendered":"https:\/\/www.genealogiequebec.com\/blog\/?p=1971\/"},"modified":"2020-12-29T16:18:24","modified_gmt":"2020-12-29T21:18:24","slug":"plus-de-500-000-nouvelles-fiches-et-images-retrospective-de-lannee-2020","status":"publish","type":"post","link":"https:\/\/www.genealogiequebec.com\/blog\/2020\/12\/29\/plus-de-500-000-nouvelles-fiches-et-images-retrospective-de-lannee-2020\/","title":{"rendered":"Plus de 500 000 nouvelles fiches et images &#8211; R\u00e9trospective de l\u2019ann\u00e9e 2020"},"content":{"rendered":"<p><a href=\"https:\/\/www.genealogiequebec.com\/blog\/wp-content\/uploads\/2019\/11\/IGD-large.png\"><img decoding=\"async\" class=\"alignleft size-full wp-image-1294\" src=\"https:\/\/www.genealogiequebec.com\/blog\/wp-content\/uploads\/2019\/11\/IGD-large.png\" alt=\"\" width=\"1893\" height=\"621\" srcset=\"https:\/\/www.genealogiequebec.com\/blog\/wp-content\/uploads\/2019\/11\/IGD-large.png 1893w, https:\/\/www.genealogiequebec.com\/blog\/wp-content\/uploads\/2019\/11\/IGD-large-300x98.png 300w, https:\/\/www.genealogiequebec.com\/blog\/wp-content\/uploads\/2019\/11\/IGD-large-768x252.png 768w, https:\/\/www.genealogiequebec.com\/blog\/wp-content\/uploads\/2019\/11\/IGD-large-1024x336.png 1024w\" sizes=\"(max-width: 767px) 89vw, (max-width: 1000px) 54vw, (max-width: 1071px) 543px, 580px\" \/><\/a><\/p>\n<p>2020, aussi difficile fut-elle, aura \u00e9t\u00e9 une ann\u00e9e productive pour l&rsquo;Institut Drouin, avec la poursuite de nos efforts de num\u00e9risation, d&rsquo;indexation et de d\u00e9mocratisation des donn\u00e9es historiques et g\u00e9n\u00e9alogiques du Qu\u00e9bec et des environs.<br \/>\nAinsi, ce sont plus de\u00a0<strong>500 000<\/strong>\u00a0nouvelles fiches et images qui ont \u00e9t\u00e9 rendues disponibles sur\u00a0<a href=\"https:\/\/www.genealogiequebec.com\/fr\/lafrance\" target=\"_blank\" rel=\"noopener\">G\u00e9n\u00e9alogie Qu\u00e9bec<\/a>\u00a0au cours de l&rsquo;ann\u00e9e. En voici un aper\u00e7u, outil par outil.<\/p>\n<h1 class=\"null\">Le\u00a0<em>LAFRANCE<\/em><\/h1>\n<p>Apr\u00e8s avoir compl\u00e9t\u00e9 l&rsquo;ajout au\u00a0<em>LAFRANCE\u00a0<\/em>de tous les bapt\u00eames et s\u00e9pultures catholiques du Qu\u00e9bec jusqu&rsquo;en 1861 l&rsquo;ann\u00e9e derni\u00e8re, le focus de nos efforts d&rsquo;indexation s&rsquo;est tourn\u00e9, en 2020, vers les actes BMS de l&rsquo;Ontario, de l&rsquo;Acadie et les bapt\u00eames et s\u00e9pultures protestants du Qu\u00e9bec.<br \/>\nNous avons aussi commenc\u00e9 l&rsquo;indexation des actes paroissiaux portant sur les Autochtones de la province, une t\u00e2che particuli\u00e8rement complexe \u00e9tant donn\u00e9 la vari\u00e9t\u00e9 de noms de famille utilis\u00e9s dans ces actes.<\/p>\n<p><a href=\"https:\/\/mcusercontent.com\/2b0f8252c19c3cd9706a29323\/images\/d09583b5-2bc3-4b87-9c2c-45061212d6dd.jpg\" target=\"_blank\" rel=\"noopener\"><img decoding=\"async\" src=\"https:\/\/mcusercontent.com\/2b0f8252c19c3cd9706a29323\/images\/d09583b5-2bc3-4b87-9c2c-45061212d6dd.jpg\" width=\"564\" height=\"195\" data-file-id=\"1537554\" \/><\/a><br \/>\n<span style=\"font-size: 8pt;\">Acte 6218959,\u00a0<em>LAFRANCE<\/em>,\u00a0<a href=\"https:\/\/www.genealogiequebec.com\/fr\/\" target=\"_blank\" rel=\"noopener\">GenealogieQuebec.com<\/a><\/span><\/p>\n<p>Au total, ce sont\u00a0<strong>60 526<\/strong>\u00a0actes qui ont \u00e9t\u00e9 ajout\u00e9s au LAFRANCE en 2020.<\/p>\n<p><a href=\"https:\/\/www.genealogiequebec.com\/blog\/2017\/10\/01\/le-lafrance\/\" target=\"_blank\" rel=\"noopener\">Plus d\u2019information sur le LAFRANCE<\/a><\/p>\n<p><a href=\"https:\/\/www.genealogiequebec.com\/fr\/lafrance\" target=\"_blank\" rel=\"noopener\">Consulter le LAFRANCE<\/a>\u00a0(abonnement requis)<\/p>\n<h1>Fichier Connolly<\/h1>\n<p><b><\/b><strong>63 356\u00a0<\/strong><span style=\"font-weight: 400;\">bapt\u00eames<\/span><strong>, 51 900\u00a0<\/strong><span style=\"font-weight: 400;\">mariages et\u00a0<\/span><strong>32 418\u00a0<\/strong><span style=\"font-weight: 400;\">s\u00e9pultures ont \u00e9t\u00e9 ajout\u00e9s au\u00a0<\/span><em style=\"font-weight: 400;\">Fichier Connolly<\/em><span style=\"font-weight: 400;\">\u00a0dans sa mise \u00e0 jour annuelle de 2020, ce qui porte le nombre d&rsquo;actes r\u00e9pertori\u00e9s par l&rsquo;outil \u00e0 plus de\u00a0<\/span><strong>6,7 millions<\/strong><span style=\"font-weight: 400;\">.<\/span><br style=\"font-weight: 400;\" \/><br style=\"font-weight: 400;\" \/><a href=\"https:\/\/gallery.mailchimp.com\/2b0f8252c19c3cd9706a29323\/images\/e4e44a48-8345-4281-976b-44a64e282844.png\" target=\"_blank\" rel=\"noopener\"><img decoding=\"async\" class=\"alignnone\" src=\"https:\/\/gallery.mailchimp.com\/2b0f8252c19c3cd9706a29323\/images\/e4e44a48-8345-4281-976b-44a64e282844.png\" alt=\"\" width=\"1841\" height=\"967\" \/><\/a><br style=\"font-weight: 400;\" \/><br style=\"font-weight: 400;\" \/><span style=\"font-weight: 400;\">Le\u00a0<\/span><em style=\"font-weight: 400;\">Fichier Connolly<\/em><span style=\"font-weight: 400;\">\u00a0est un index de bapt\u00eames, mariages et s\u00e9pultures catholiques et protestants provenant principalement du Qu\u00e9bec et couvrant une p\u00e9riode s\u2019\u00e9talant de 1621 \u00e0 2019.<\/span><br style=\"font-weight: 400;\" \/><br style=\"font-weight: 400;\" \/><a href=\"https:\/\/www.genealogiequebec.com\/blog\/2017\/10\/02\/le-fichier-connolly\/\">Plus d\u2019information sur le Fichier Connolly<\/a><br style=\"font-weight: 400;\" \/><br style=\"font-weight: 400;\" \/><a href=\"https:\/\/www.genealogiequebec.com\/membership\/fr\/connolly\">Consulter le Fichier Connolly<\/a><span style=\"font-weight: 400;\">\u00a0(abonnement requis)<\/span><\/p>\n<h1>Collections diverses de l\u2019Institut Drouin<\/h1>\n<p><b><\/b><span style=\"font-weight: 400;\">Sept nouveaux journaux historiques et\u00a0<\/span><strong>5000\u00a0<\/strong><span style=\"font-weight: 400;\">photos de mariage ont \u00e9t\u00e9 ajout\u00e9s aux\u00a0<\/span><em style=\"font-weight: 400;\">Collections diverses de l&rsquo;Institut Drouin<\/em><span style=\"font-weight: 400;\">\u00a0en 2020.<\/span><br style=\"font-weight: 400;\" \/><span style=\"font-weight: 400;\">Les journaux ajout\u00e9s sont les suivants:<\/span><\/p>\n<ul style=\"font-weight: 400;\">\n<li><strong>\u00c9cho d\u2019Iberville\u00a0<\/strong>(1880 \u00e0 1882 et 1919-1920)<\/li>\n<li><strong>La Voix du Peuple\u00a0<\/strong>(1880)<\/li>\n<li><strong>L\u2019Alliance\u00a0<\/strong>(1893 &#8211;\u00a01894)<\/li>\n<li><strong>L\u2019Essor\u00a0<\/strong>(1968 \u00e0 1970)<\/li>\n<li><strong>Le Protectionniste\u00a0<\/strong>(1882 &#8211; 1883)<\/li>\n<li><strong>Le Courrier de St-Jean\u00a0<\/strong>(1887 et 1896 \u00e0 1909)<\/li>\n<li><strong>Le Chesterville Record\u00a0<\/strong>(1894 \u00e0 1939 et 1978)<\/li>\n<\/ul>\n<p><span style=\"font-weight: 400;\">Ceux-ci peuvent \u00eatre consult\u00e9s dans les\u00a0<\/span><em style=\"font-weight: 400;\">Collections diverses<\/em><span style=\"font-weight: 400;\">, sous le dossier\u00a0<\/span><em style=\"font-weight: 400;\">23 &#8211; Journaux anciens.\u00a0<\/em><span style=\"font-weight: 400;\">Les photos de mariage, quant \u00e0 elles, se trouvent sous le dossier<\/span><em style=\"font-weight: 400;\">\u00a026 \u2013 G\u00e9n\u00e9alogie Saint-Laurent \u2013 Cornwall, Ontario.<\/em><\/p>\n<p style=\"font-weight: 400; text-align: center;\">\u00a0\u00a0\u00a0<a href=\"https:\/\/www.genealogiequebec.com\/blog\/wp-content\/uploads\/2020\/12\/91505e06-018a-450f-ae5a-9330c253bb23.jpg\"><img decoding=\"async\" class=\"size-thumbnail wp-image-1976 alignnone\" src=\"https:\/\/www.genealogiequebec.com\/blog\/wp-content\/uploads\/2020\/12\/91505e06-018a-450f-ae5a-9330c253bb23-150x150.jpg\" alt=\"\" width=\"150\" height=\"150\" srcset=\"https:\/\/www.genealogiequebec.com\/blog\/wp-content\/uploads\/2020\/12\/91505e06-018a-450f-ae5a-9330c253bb23-150x150.jpg 150w, https:\/\/www.genealogiequebec.com\/blog\/wp-content\/uploads\/2020\/12\/91505e06-018a-450f-ae5a-9330c253bb23-100x100.jpg 100w\" sizes=\"(max-width: 150px) 100vw, 150px\" \/><\/a> <a href=\"https:\/\/www.genealogiequebec.com\/blog\/wp-content\/uploads\/2020\/12\/843fb37c-2535-4c20-b174-58f07efb9b5c.jpg\"><img decoding=\"async\" class=\"size-thumbnail wp-image-1975 alignnone\" src=\"https:\/\/www.genealogiequebec.com\/blog\/wp-content\/uploads\/2020\/12\/843fb37c-2535-4c20-b174-58f07efb9b5c-150x150.jpg\" alt=\"\" width=\"150\" height=\"150\" srcset=\"https:\/\/www.genealogiequebec.com\/blog\/wp-content\/uploads\/2020\/12\/843fb37c-2535-4c20-b174-58f07efb9b5c-150x150.jpg 150w, https:\/\/www.genealogiequebec.com\/blog\/wp-content\/uploads\/2020\/12\/843fb37c-2535-4c20-b174-58f07efb9b5c-100x100.jpg 100w\" sizes=\"(max-width: 150px) 100vw, 150px\" \/><\/a><a href=\"https:\/\/www.genealogiequebec.com\/blog\/wp-content\/uploads\/2017\/11\/journaux-2-1.jpg\"><img decoding=\"async\" class=\"size-thumbnail wp-image-1575 alignnone\" src=\"https:\/\/www.genealogiequebec.com\/blog\/wp-content\/uploads\/2017\/11\/journaux-2-1-150x150.jpg\" alt=\"\" width=\"150\" height=\"150\" srcset=\"https:\/\/www.genealogiequebec.com\/blog\/wp-content\/uploads\/2017\/11\/journaux-2-1-150x150.jpg 150w, https:\/\/www.genealogiequebec.com\/blog\/wp-content\/uploads\/2017\/11\/journaux-2-1-100x100.jpg 100w\" sizes=\"(max-width: 150px) 100vw, 150px\" \/><\/a><\/p>\n<p><span style=\"font-weight: 400;\">\u00a0<\/span><span style=\"font-weight: 400;\">Les\u00a0<\/span><em style=\"font-weight: 400;\">Collections diverses de l&rsquo;Institut Drouin<\/em><span style=\"font-weight: 400;\">\u00a0contiennent\u00a0un assortiment d\u2019images, de documents, de livres, de photos et de r\u00e9pertoires d\u2019int\u00e9r\u00eat historique et g\u00e9n\u00e9alogique.<\/span><br style=\"font-weight: 400;\" \/><br style=\"font-weight: 400;\" \/><a href=\"https:\/\/www.genealogiequebec.com\/blog\/2017\/11\/30\/collections-diverses-de-linstitut-drouin\/\">Plus d\u2019information sur les Collections diverses de l&rsquo;Institut Drouin<\/a><br style=\"font-weight: 400;\" \/><br style=\"font-weight: 400;\" \/><a href=\"https:\/\/www.genealogiequebec.com\/fr\/infos-collections-diverses\">Consulter les Collections diverses de l&rsquo;Institut Drouin<\/a><span style=\"font-weight: 400;\">\u00a0(abonnement requis)<\/span><\/p>\n<h1>Registres du Fonds Drouin<\/h1>\n<p><strong>26 392<\/strong>\u00a0images de registres paroissiaux ont \u00e9t\u00e9 ajout\u00e9es aux\u00a0<em>Registres du Fonds Drouin<\/em>\u00a0cette ann\u00e9e. Il s&rsquo;agit de la copie religieuse du registre de Notre-Dame-de-Montr\u00e9al, qui se trouve sous le dossier\u00a0<em>Registres paroissiaux 1621-1876\u00a0<\/em>de la\u00a0<em>Collection Drouin,\u00a0<\/em>et de\u00a0<strong>73<\/strong>\u00a0paroisses protestantes de la r\u00e9gion de Montr\u00e9al, cette fois sous le dossier<em>\u00a0Registres non-catholiques 1760-1885.<\/em><\/p>\n<p><a href=\"https:\/\/gallery.mailchimp.com\/2b0f8252c19c3cd9706a29323\/images\/fd297cbc-cd41-4744-9bff-a85cf019894e.jpg\" target=\"_blank\" rel=\"noopener\"><img decoding=\"async\" src=\"https:\/\/gallery.mailchimp.com\/2b0f8252c19c3cd9706a29323\/images\/fd297cbc-cd41-4744-9bff-a85cf019894e.jpg\" width=\"564\" height=\"391\" data-file-id=\"1536609\" \/><\/a><\/p>\n<p>Les\u00a0<em>Registres du Fonds Drouin<\/em>\u00a0contiennent\u00a0<strong>5 208 563<\/strong>\u00a0images de registres paroissiaux provenant du Qu\u00e9bec, de l&rsquo;Ontario, de l&rsquo;Acadie fran\u00e7aise, du Nouveau-Brunswick ainsi que du nord-est des \u00c9tats-Unis.<\/p>\n<p><a href=\"https:\/\/www.genealogiequebec.com\/blog\/2017\/10\/01\/les-registres-du-fonds-drouin\/\" target=\"_blank\" rel=\"noopener\">Plus d\u2019information sur les Registres du Fonds Drouin<\/a><\/p>\n<p><a href=\"https:\/\/www.genealogiequebec.com\/membership\/fr\/fonds-drouin\/REGISTRES\" target=\"_blank\" rel=\"noopener\">Consulter les Registres du Fonds Drouin<\/a>\u00a0(abonnement requis)<\/p>\n<h1 class=\"null\">Section N\u00e9crologe<\/h1>\n<p dir=\"ltr\"><strong>Avis de d\u00e9c\u00e8s internet<\/strong><\/p>\n<p dir=\"ltr\">L\u2019ajout hebdomadaire d&rsquo;avis de d\u00e9c\u00e8s internet\u00a0s&rsquo;est\u00a0poursuivi toute l&rsquo;ann\u00e9e, la collection contenant maintenant plus de\u00a0<strong>2 550 000<\/strong>\u00a0n\u00e9crologies provenant de partout \u00e0 travers le Canada.<\/p>\n<p><a href=\"https:\/\/mcusercontent.com\/2b0f8252c19c3cd9706a29323\/images\/d5fed832-8cb3-4588-9894-c71fea883f3a.jpg\" target=\"_blank\" rel=\"noopener\"><img decoding=\"async\" src=\"https:\/\/mcusercontent.com\/2b0f8252c19c3cd9706a29323\/images\/d5fed832-8cb3-4588-9894-c71fea883f3a.jpg\" width=\"564\" height=\"376\" data-file-id=\"1537566\" \/><\/a><br \/>\nCelles-ci couvrent une p\u00e9riode qui s&rsquo;\u00e9tend de 1999 \u00e0 aujourd&rsquo;hui.<\/p>\n<p dir=\"ltr\"><strong>Avis de d\u00e9c\u00e8s journaux<\/strong><\/p>\n<p dir=\"ltr\"><strong>25 000<\/strong>\u00a0avis de d\u00e9c\u00e8s provenant de journaux qu\u00e9b\u00e9cois ont \u00e9t\u00e9 ajout\u00e9s au site en mai 2020.<\/p>\n<div style=\"text-align: center;\"><a href=\"https:\/\/www.genealogiequebec.com\/blog\/wp-content\/uploads\/2020\/05\/Jacob_Guy_2019_03_28.jpg\"><img decoding=\"async\" src=\"https:\/\/www.genealogiequebec.com\/blog\/wp-content\/uploads\/2020\/05\/Jacob_Guy_2019_03_28-150x150.jpg\" alt=\"\" width=\"150\" height=\"150\" \/><\/a>\u00a0<a href=\"https:\/\/www.genealogiequebec.com\/blog\/wp-content\/uploads\/2020\/05\/Berniquez-Desjardins_Helene_2012_08_24.jpg\"><img decoding=\"async\" src=\"https:\/\/www.genealogiequebec.com\/blog\/wp-content\/uploads\/2020\/05\/Berniquez-Desjardins_Helene_2012_08_24-150x150.jpg\" alt=\"\" width=\"150\" height=\"150\" \/><\/a>\u00a0<a href=\"https:\/\/www.genealogiequebec.com\/blog\/wp-content\/uploads\/2020\/05\/Desjardins_Clement_1985_03_16_a.jpg\"><img decoding=\"async\" src=\"https:\/\/www.genealogiequebec.com\/blog\/wp-content\/uploads\/2020\/05\/Desjardins_Clement_1985_03_16_a-150x150.jpg\" alt=\"\" width=\"150\" height=\"150\" \/><\/a><\/div>\n<p dir=\"ltr\">Ces nouvelles n\u00e9crologies proviennent de partout au Qu\u00e9bec et sont dat\u00e9es, pour la plupart, du 21e si\u00e8cle et plus particuli\u00e8rement de l\u2019ann\u00e9e 2019.<\/p>\n<p dir=\"ltr\"><strong>Pierres tombales<\/strong><\/p>\n<p dir=\"ltr\">Finalement, ce sont quelque\u00a0<strong>98 433<\/strong>\u00a0nouvelles pierres tombales qui ont \u00e9t\u00e9 ajout\u00e9es sur G\u00e9n\u00e9alogie Qu\u00e9bec en 2020.<\/p>\n<div style=\"text-align: center;\"><a href=\"https:\/\/www.genealogiequebec.com\/blog\/wp-content\/uploads\/2020\/12\/2.jpg\"><img decoding=\"async\" src=\"https:\/\/www.genealogiequebec.com\/blog\/wp-content\/uploads\/2020\/12\/2-150x150.jpg\" alt=\"\" width=\"150\" height=\"150\" \/><\/a>\u00a0<a href=\"https:\/\/www.genealogiequebec.com\/blog\/wp-content\/uploads\/2020\/12\/1.jpg\"><img decoding=\"async\" src=\"https:\/\/www.genealogiequebec.com\/blog\/wp-content\/uploads\/2020\/12\/1-150x150.jpg\" alt=\"\" width=\"150\" height=\"150\" \/><\/a>\u00a0<a href=\"https:\/\/www.genealogiequebec.com\/blog\/wp-content\/uploads\/2020\/12\/pierre.jpg\"><img decoding=\"async\" src=\"https:\/\/www.genealogiequebec.com\/blog\/wp-content\/uploads\/2020\/12\/pierre-150x150.jpg\" alt=\"\" width=\"150\" height=\"150\" \/><\/a><\/div>\n<div>La collection contient maintenant plus de\u00a0<strong>710 000<\/strong>\u00a0pierres tombales. Un engin de recherche vous permet de les parcourir\u00a0via les noms et le texte inscrits sur la pierre.<\/div>\n<p><a href=\"https:\/\/www.genealogiequebec.com\/blog\/2017\/10\/02\/la-section-necrologe\/\" target=\"_blank\" rel=\"noopener\">Plus d\u2019information sur la section N\u00e9crologe<\/a><\/p>\n<p><a href=\"https:\/\/www.genealogiequebec.com\/membership\/fr\/newspaper-obituaries\" target=\"_blank\" rel=\"noopener\">Consulter la section N\u00e9crologe<\/a>\u00a0(abonnement requis)<\/p>\n<div>\n<h1><\/h1>\n<h1 class=\"null\">Acadie &#8211; Familles reconstitu\u00e9es<\/h1>\n<div>\n<p>Durant l&rsquo;ann\u00e9e, ce sont<strong>\u00a035 000<\/strong>\u00a0fiches de famille ont \u00e9t\u00e9 ajout\u00e9es \u00e0 l\u2019outil\u00a0<em>Acadie &#8211; Familles reconstitu\u00e9es<\/em>, qui contient\u00a0<strong>130 342<\/strong>\u00a0fiches portant sur des individus acadiens.<\/p>\n<p><a href=\"https:\/\/mcusercontent.com\/2b0f8252c19c3cd9706a29323\/images\/2a1e5142-c78f-40de-984a-525c6f4c3380.png\" target=\"_blank\" rel=\"noopener\"><img decoding=\"async\" src=\"https:\/\/mcusercontent.com\/2b0f8252c19c3cd9706a29323\/images\/2a1e5142-c78f-40de-984a-525c6f4c3380.png\" width=\"564\" height=\"155\" \/><\/a><\/p>\n<p>Les fiches contiennent les noms et pr\u00e9noms des parents, le pr\u00e9nom de l\u2019enfant, les dates de naissance et\/ou bapt\u00eame, de d\u00e9c\u00e8s et\/ou d\u2019inhumation, de mariage\u00a0et la paroisse. Un lien vers l\u2019image du document original est fourni dans la fiche pour les bapt\u00eames, les mariages et les s\u00e9pultures.<\/p>\n<p><a href=\"https:\/\/mcusercontent.com\/2b0f8252c19c3cd9706a29323\/images\/daa77741-f3e7-42cd-96e3-2b85bb722dae.jpg\" target=\"_blank\" rel=\"noopener\"><img decoding=\"async\" src=\"https:\/\/mcusercontent.com\/2b0f8252c19c3cd9706a29323\/images\/daa77741-f3e7-42cd-96e3-2b85bb722dae.jpg\" width=\"564\" height=\"313\" \/><\/a><\/p>\n<p><a href=\"https:\/\/www.genealogiequebec.com\/blog\/2017\/10\/09\/acadie-familles-reconstituees\/\" target=\"_blank\" rel=\"noopener\">Plus d\u2019information sur l&rsquo;outil Acadie &#8211; Familles reconstitu\u00e9es<\/a><\/p>\n<p><a href=\"https:\/\/www.genealogiequebec.com\/membership\/fr\/family-acadie\" target=\"_blank\" rel=\"noopener\">Consulter l&rsquo;outil Acadie &#8211; Familles reconstitu\u00e9es<\/a>\u00a0(abonnement requis)<\/p>\n<p>Consultez toutes ces collections &#8211; et plusieurs autres &#8211; en vous abonnant \u00e0 G\u00e9n\u00e9alogie Qu\u00e9bec d\u00e8s aujourd&rsquo;hui!<\/p>\n<p>&nbsp;<\/p>\n<\/div>\n<\/div>\n<div><\/div>\n<div><a href=\"https:\/\/www.genealogiequebec.com\/fr\/abonnement\"><img decoding=\"async\" class=\"size-full wp-image-1725 aligncenter\" src=\"https:\/\/www.genealogiequebec.com\/blog\/wp-content\/uploads\/2020\/06\/sabonner-contour.png\" alt=\"\" width=\"296\" height=\"63\" \/><\/a><\/div>\n<div><\/div>\n<div>\n<h1><\/h1>\n<h1 class=\"null\">Forum de G\u00e9n\u00e9alogie Qu\u00e9bec<\/h1>\n<p>Vous avez des questions \u00e0 propos de\u00a0<a href=\"https:\/\/www.genealogiequebec.com\/fr\/\" target=\"_blank\" rel=\"noopener\">GenealogieQuebec.com<\/a>,\u00a0<a href=\"https:\/\/www.prdh-igd.com\/fr\/accueil\" target=\"_blank\" rel=\"noopener\">PRDH-IGD.com<\/a>\u00a0ou la g\u00e9n\u00e9alogie en g\u00e9n\u00e9ral? Vous souhaitez partager le r\u00e9sultat de vos recherches avec d\u2019autres passionn\u00e9s de g\u00e9n\u00e9alogie?<\/p>\n<\/div>\n<div><a href=\"https:\/\/www.genealogiequebec.com\/FORUM-FR\/\" target=\"_blank\" rel=\"noopener\"><img decoding=\"async\" src=\"https:\/\/mcusercontent.com\/2b0f8252c19c3cd9706a29323\/images\/327d3271-f1fa-4bc6-8fce-eb807f04400c.png\" width=\"564\" height=\"256\" data-file-id=\"1537370\" \/><\/a><br \/>\nLe forum de G\u00e9n\u00e9alogie Qu\u00e9bec, ouvert plus t\u00f4t cette ann\u00e9e, est pour vous!<br \/>\n<a href=\"https:\/\/www.genealogiequebec.com\/FORUM-FR\/Register\" target=\"_blank\" rel=\"noopener\">Inscrivez-vous<\/a>\u00a0d\u00e8s aujourd\u2019hui; c\u2019est gratuit et ouvert \u00e0 tous!<\/div>\n<div>\n<h1><\/h1>\n<h1>Blog de l&rsquo;Institut Drouin<\/h1>\n<p>Voici les articles publi\u00e9s sur le blog de l&rsquo;Institut Drouin en 2020. \u00c0 ne pas manquer!<\/p>\n<ul>\n<li><a href=\"https:\/\/www.genealogiequebec.com\/blog\/2020\/02\/05\/les-registres-paroissiaux-temoins-de-lhistoire-la-guerre-de-sept-ans-partie-1\/\" target=\"_blank\" rel=\"noopener\">Les registres paroissiaux t\u00e9moins de l\u2019histoire : La guerre de Sept Ans, Partie 1<\/a><\/li>\n<li><a href=\"https:\/\/www.genealogiequebec.com\/blog\/2020\/02\/21\/les-registres-paroissiaux-temoins-de-lhistoire-la-guerre-de-sept-ans-partie-2\/\" target=\"_blank\" rel=\"noopener\">Les registres paroissiaux t\u00e9moins de l\u2019histoire : La guerre de Sept Ans, Partie 2<\/a><\/li>\n<li><a href=\"https:\/\/www.genealogiequebec.com\/blog\/2020\/04\/13\/les-registres-paroissiaux-temoins-de-lhistoire-lepidemie-de-cholera-de-1832-1834\/\" target=\"_blank\" rel=\"noopener\">Les registres paroissiaux t\u00e9moins de l\u2019histoire : L\u2019\u00e9pid\u00e9mie de chol\u00e9ra de 1832-1834<\/a><\/li>\n<li><a href=\"https:\/\/www.genealogiequebec.com\/blog\/2020\/07\/07\/les-registres-paroissiaux-temoins-de-lhistoire-la-variole-aux-temps-de-la-colonie\/\" target=\"_blank\" rel=\"noopener\">Les registres paroissiaux t\u00e9moins de l\u2019histoire : la variole au temps de la colonie<\/a><\/li>\n<li><a href=\"https:\/\/www.genealogiequebec.com\/blog\/2020\/08\/03\/les-registres-paroissiaux-temoins-de-lhistoire-lepidemie-de-variole-de-1885\/\" target=\"_blank\" rel=\"noopener\">Les registres paroissiaux t\u00e9moins de l\u2019histoire : l\u2019\u00e9pid\u00e9mie de variole de 1885<\/a><\/li>\n<li><a href=\"https:\/\/www.genealogiequebec.com\/blog\/2020\/11\/02\/la-trace-des-esclaves-dans-les-registres-de-la-nouvelle-france\/\" target=\"_blank\" rel=\"noopener\">La trace des esclaves dans les registres de la Nouvelle-France<\/a><\/li>\n<\/ul>\n<p>Pour conclure, nous aimerions partager avec vous, en cette p\u00e9riode difficile, nos meilleurs voeux de sant\u00e9, et vous souhaiter une ann\u00e9e 2021 remplie de trouvailles g\u00e9n\u00e9alogiques.<\/p>\n<p>G\u00e9n\u00e9alogiquement v\u00f4tre,<\/p>\n<p>L&rsquo;\u00e9quipe Drouin<\/p>\n<\/div>\n","protected":false},"excerpt":{"rendered":"<p>2020, aussi difficile fut-elle, aura \u00e9t\u00e9 une ann\u00e9e productive pour l&rsquo;Institut Drouin, avec la poursuite de nos efforts de num\u00e9risation, d&rsquo;indexation et de d\u00e9mocratisation des donn\u00e9es historiques et g\u00e9n\u00e9alogiques du Qu\u00e9bec et des environs. Ainsi, ce sont plus de\u00a0500 000\u00a0nouvelles fiches et images qui ont \u00e9t\u00e9 rendues disponibles sur\u00a0G\u00e9n\u00e9alogie Qu\u00e9bec\u00a0au cours de l&rsquo;ann\u00e9e. En voici &hellip; <\/p>\n<p class=\"link-more\"><a href=\"https:\/\/www.genealogiequebec.com\/blog\/2020\/12\/29\/plus-de-500-000-nouvelles-fiches-et-images-retrospective-de-lannee-2020\/\" class=\"more-link\">Continuer la lecture<span class=\"screen-reader-text\"> de &laquo;&nbsp;Plus de 500 000 nouvelles fiches et images &#8211; R\u00e9trospective de l\u2019ann\u00e9e 2020&nbsp;&raquo;<\/span><\/a><\/p>\n","protected":false},"author":1,"featured_media":0,"comment_status":"closed","ping_status":"open","sticky":false,"template":"","format":"standard","meta":{"footnotes":""},"categories":[4],"tags":[],"class_list":["post-1971","post","type-post","status-publish","format-standard","hentry","category-infolettres"],"yoast_head":"<!-- This site is optimized with the Yoast SEO plugin v26.9 - https:\/\/yoast.com\/product\/yoast-seo-wordpress\/ -->\r\n<title>Plus de 500 000 nouvelles fiches et images - R\u00e9trospective de l\u2019ann\u00e9e 2020 - G\u00e9n\u00e9alogie et histoire du Qu\u00e9bec<\/title>\r\n<meta name=\"robots\" content=\"index, follow, max-snippet:-1, max-image-preview:large, max-video-preview:-1\" \/>\r\n<link rel=\"canonical\" href=\"https:\/\/www.genealogiequebec.com\/blog\/2020\/12\/29\/plus-de-500-000-nouvelles-fiches-et-images-retrospective-de-lannee-2020\/\" \/>\r\n<meta property=\"og:locale\" content=\"fr_FR\" \/>\r\n<meta property=\"og:type\" content=\"article\" \/>\r\n<meta property=\"og:title\" content=\"Plus de 500 000 nouvelles fiches et images - R\u00e9trospective de l\u2019ann\u00e9e 2020 - G\u00e9n\u00e9alogie et histoire du Qu\u00e9bec\" \/>\r\n<meta property=\"og:description\" content=\"2020, aussi difficile fut-elle, aura \u00e9t\u00e9 une ann\u00e9e productive pour l&rsquo;Institut Drouin, avec la poursuite de nos efforts de num\u00e9risation, d&rsquo;indexation et de d\u00e9mocratisation des donn\u00e9es historiques et g\u00e9n\u00e9alogiques du Qu\u00e9bec et des environs. Ainsi, ce sont plus de\u00a0500 000\u00a0nouvelles fiches et images qui ont \u00e9t\u00e9 rendues disponibles sur\u00a0G\u00e9n\u00e9alogie Qu\u00e9bec\u00a0au cours de l&rsquo;ann\u00e9e. En voici &hellip; Continuer la lecture de &laquo;&nbsp;Plus de 500 000 nouvelles fiches et images &#8211; R\u00e9trospective de l\u2019ann\u00e9e 2020&nbsp;&raquo;\" \/>\r\n<meta property=\"og:url\" content=\"https:\/\/www.genealogiequebec.com\/blog\/2020\/12\/29\/plus-de-500-000-nouvelles-fiches-et-images-retrospective-de-lannee-2020\/\" \/>\r\n<meta property=\"og:site_name\" content=\"G\u00e9n\u00e9alogie et histoire du Qu\u00e9bec\" \/>\r\n<meta property=\"article:publisher\" content=\"https:\/\/www.facebook.com\/InstitutDrouin\" \/>\r\n<meta property=\"article:published_time\" content=\"2020-12-29T21:18:24+00:00\" \/>\r\n<meta property=\"og:image\" content=\"https:\/\/www.genealogiequebec.com\/blog\/wp-content\/uploads\/2019\/11\/IGD-large.png\" \/>\r\n<meta name=\"author\" content=\"Institut Drouin\" \/>\r\n<meta name=\"twitter:card\" content=\"summary_large_image\" \/>\r\n<meta name=\"twitter:creator\" content=\"@institutdrouin\" \/>\r\n<meta name=\"twitter:site\" content=\"@institutdrouin\" \/>\r\n<meta name=\"twitter:label1\" content=\"\u00c9crit par\" \/>\n\t<meta name=\"twitter:data1\" content=\"Institut Drouin\" \/>\n\t<meta name=\"twitter:label2\" content=\"Dur\u00e9e de lecture estim\u00e9e\" \/>\n\t<meta name=\"twitter:data2\" content=\"5 minutes\" \/>\r\n<script type=\"application\/ld+json\" class=\"yoast-schema-graph\">{\"@context\":\"https:\/\/schema.org\",\"@graph\":[{\"@type\":\"Article\",\"@id\":\"https:\/\/www.genealogiequebec.com\/blog\/2020\/12\/29\/plus-de-500-000-nouvelles-fiches-et-images-retrospective-de-lannee-2020\/#article\",\"isPartOf\":{\"@id\":\"https:\/\/www.genealogiequebec.com\/blog\/2020\/12\/29\/plus-de-500-000-nouvelles-fiches-et-images-retrospective-de-lannee-2020\/\"},\"author\":{\"name\":\"Institut Drouin\",\"@id\":\"https:\/\/www.genealogiequebec.com\/blog\/#\/schema\/person\/f1083726f11d1f2b6ead79ec5850ca06\"},\"headline\":\"Plus de 500 000 nouvelles fiches et images &#8211; R\u00e9trospective de l\u2019ann\u00e9e 2020\",\"datePublished\":\"2020-12-29T21:18:24+00:00\",\"mainEntityOfPage\":{\"@id\":\"https:\/\/www.genealogiequebec.com\/blog\/2020\/12\/29\/plus-de-500-000-nouvelles-fiches-et-images-retrospective-de-lannee-2020\/\"},\"wordCount\":1036,\"publisher\":{\"@id\":\"https:\/\/www.genealogiequebec.com\/blog\/#organization\"},\"image\":{\"@id\":\"https:\/\/www.genealogiequebec.com\/blog\/2020\/12\/29\/plus-de-500-000-nouvelles-fiches-et-images-retrospective-de-lannee-2020\/#primaryimage\"},\"thumbnailUrl\":\"https:\/\/www.genealogiequebec.com\/blog\/wp-content\/uploads\/2019\/11\/IGD-large.png\",\"articleSection\":[\"Infolettres\"],\"inLanguage\":\"fr-FR\"},{\"@type\":\"WebPage\",\"@id\":\"https:\/\/www.genealogiequebec.com\/blog\/2020\/12\/29\/plus-de-500-000-nouvelles-fiches-et-images-retrospective-de-lannee-2020\/\",\"url\":\"https:\/\/www.genealogiequebec.com\/blog\/2020\/12\/29\/plus-de-500-000-nouvelles-fiches-et-images-retrospective-de-lannee-2020\/\",\"name\":\"Plus de 500 000 nouvelles fiches et images - R\u00e9trospective de l\u2019ann\u00e9e 2020 - G\u00e9n\u00e9alogie et histoire du Qu\u00e9bec\",\"isPartOf\":{\"@id\":\"https:\/\/www.genealogiequebec.com\/blog\/#website\"},\"primaryImageOfPage\":{\"@id\":\"https:\/\/www.genealogiequebec.com\/blog\/2020\/12\/29\/plus-de-500-000-nouvelles-fiches-et-images-retrospective-de-lannee-2020\/#primaryimage\"},\"image\":{\"@id\":\"https:\/\/www.genealogiequebec.com\/blog\/2020\/12\/29\/plus-de-500-000-nouvelles-fiches-et-images-retrospective-de-lannee-2020\/#primaryimage\"},\"thumbnailUrl\":\"https:\/\/www.genealogiequebec.com\/blog\/wp-content\/uploads\/2019\/11\/IGD-large.png\",\"datePublished\":\"2020-12-29T21:18:24+00:00\",\"breadcrumb\":{\"@id\":\"https:\/\/www.genealogiequebec.com\/blog\/2020\/12\/29\/plus-de-500-000-nouvelles-fiches-et-images-retrospective-de-lannee-2020\/#breadcrumb\"},\"inLanguage\":\"fr-FR\",\"potentialAction\":[{\"@type\":\"ReadAction\",\"target\":[\"https:\/\/www.genealogiequebec.com\/blog\/2020\/12\/29\/plus-de-500-000-nouvelles-fiches-et-images-retrospective-de-lannee-2020\/\"]}]},{\"@type\":\"ImageObject\",\"inLanguage\":\"fr-FR\",\"@id\":\"https:\/\/www.genealogiequebec.com\/blog\/2020\/12\/29\/plus-de-500-000-nouvelles-fiches-et-images-retrospective-de-lannee-2020\/#primaryimage\",\"url\":\"https:\/\/www.genealogiequebec.com\/blog\/wp-content\/uploads\/2019\/11\/IGD-large.png\",\"contentUrl\":\"https:\/\/www.genealogiequebec.com\/blog\/wp-content\/uploads\/2019\/11\/IGD-large.png\",\"width\":1893,\"height\":621},{\"@type\":\"BreadcrumbList\",\"@id\":\"https:\/\/www.genealogiequebec.com\/blog\/2020\/12\/29\/plus-de-500-000-nouvelles-fiches-et-images-retrospective-de-lannee-2020\/#breadcrumb\",\"itemListElement\":[{\"@type\":\"ListItem\",\"position\":1,\"name\":\"Accueil\",\"item\":\"https:\/\/www.genealogiequebec.com\/blog\/\"},{\"@type\":\"ListItem\",\"position\":2,\"name\":\"Infolettres\",\"item\":\"https:\/\/www.genealogiequebec.com\/blog\/category\/infolettres\/\"},{\"@type\":\"ListItem\",\"position\":3,\"name\":\"Plus de 500 000 nouvelles fiches et images &#8211; R\u00e9trospective de l\u2019ann\u00e9e 2020\"}]},{\"@type\":\"WebSite\",\"@id\":\"https:\/\/www.genealogiequebec.com\/blog\/#website\",\"url\":\"https:\/\/www.genealogiequebec.com\/blog\/\",\"name\":\"G\u00e9n\u00e9alogie et histoire du Qu\u00e9bec\",\"description\":\"Le blog de l&#039;institut Drouin\",\"publisher\":{\"@id\":\"https:\/\/www.genealogiequebec.com\/blog\/#organization\"},\"potentialAction\":[{\"@type\":\"SearchAction\",\"target\":{\"@type\":\"EntryPoint\",\"urlTemplate\":\"https:\/\/www.genealogiequebec.com\/blog\/?s={search_term_string}\"},\"query-input\":{\"@type\":\"PropertyValueSpecification\",\"valueRequired\":true,\"valueName\":\"search_term_string\"}}],\"inLanguage\":\"fr-FR\"},{\"@type\":\"Organization\",\"@id\":\"https:\/\/www.genealogiequebec.com\/blog\/#organization\",\"name\":\"Institut g\u00e9n\u00e9alogique Drouin\",\"url\":\"https:\/\/www.genealogiequebec.com\/blog\/\",\"logo\":{\"@type\":\"ImageObject\",\"inLanguage\":\"fr-FR\",\"@id\":\"https:\/\/www.genealogiequebec.com\/blog\/#\/schema\/logo\/image\/\",\"url\":\"https:\/\/www.genealogiequebec.com\/blog\/wp-content\/uploads\/2019\/11\/IGD-large.png\",\"contentUrl\":\"https:\/\/www.genealogiequebec.com\/blog\/wp-content\/uploads\/2019\/11\/IGD-large.png\",\"width\":1893,\"height\":621,\"caption\":\"Institut g\u00e9n\u00e9alogique Drouin\"},\"image\":{\"@id\":\"https:\/\/www.genealogiequebec.com\/blog\/#\/schema\/logo\/image\/\"},\"sameAs\":[\"https:\/\/www.facebook.com\/InstitutDrouin\",\"https:\/\/x.com\/institutdrouin\",\"https:\/\/www.instagram.com\/genealogiequebec\/\",\"https:\/\/www.twitter.com\/institutdrouin\"]},{\"@type\":\"Person\",\"@id\":\"https:\/\/www.genealogiequebec.com\/blog\/#\/schema\/person\/f1083726f11d1f2b6ead79ec5850ca06\",\"name\":\"Institut Drouin\",\"image\":{\"@type\":\"ImageObject\",\"inLanguage\":\"fr-FR\",\"@id\":\"https:\/\/www.genealogiequebec.com\/blog\/#\/schema\/person\/image\/\",\"url\":\"https:\/\/secure.gravatar.com\/avatar\/8033ce23576b31b989429c1527bd70a807bbbe88e14f28a4bc5d8892d0bc4e54?s=96&d=mm&r=g\",\"contentUrl\":\"https:\/\/secure.gravatar.com\/avatar\/8033ce23576b31b989429c1527bd70a807bbbe88e14f28a4bc5d8892d0bc4e54?s=96&d=mm&r=g\",\"caption\":\"Institut Drouin\"},\"url\":\"https:\/\/www.genealogiequebec.com\/blog\/author\/institutdrouin\/\"}]}<\/script>\r\n<!-- \/ Yoast SEO plugin. -->","yoast_head_json":{"title":"Plus de 500 000 nouvelles fiches et images - R\u00e9trospective de l\u2019ann\u00e9e 2020 - G\u00e9n\u00e9alogie et histoire du Qu\u00e9bec","robots":{"index":"index","follow":"follow","max-snippet":"max-snippet:-1","max-image-preview":"max-image-preview:large","max-video-preview":"max-video-preview:-1"},"canonical":"https:\/\/www.genealogiequebec.com\/blog\/2020\/12\/29\/plus-de-500-000-nouvelles-fiches-et-images-retrospective-de-lannee-2020\/","og_locale":"fr_FR","og_type":"article","og_title":"Plus de 500 000 nouvelles fiches et images - R\u00e9trospective de l\u2019ann\u00e9e 2020 - G\u00e9n\u00e9alogie et histoire du Qu\u00e9bec","og_description":"2020, aussi difficile fut-elle, aura \u00e9t\u00e9 une ann\u00e9e productive pour l&rsquo;Institut Drouin, avec la poursuite de nos efforts de num\u00e9risation, d&rsquo;indexation et de d\u00e9mocratisation des donn\u00e9es historiques et g\u00e9n\u00e9alogiques du Qu\u00e9bec et des environs. Ainsi, ce sont plus de\u00a0500 000\u00a0nouvelles fiches et images qui ont \u00e9t\u00e9 rendues disponibles sur\u00a0G\u00e9n\u00e9alogie Qu\u00e9bec\u00a0au cours de l&rsquo;ann\u00e9e. En voici &hellip; Continuer la lecture de &laquo;&nbsp;Plus de 500 000 nouvelles fiches et images &#8211; R\u00e9trospective de l\u2019ann\u00e9e 2020&nbsp;&raquo;","og_url":"https:\/\/www.genealogiequebec.com\/blog\/2020\/12\/29\/plus-de-500-000-nouvelles-fiches-et-images-retrospective-de-lannee-2020\/","og_site_name":"G\u00e9n\u00e9alogie et histoire du Qu\u00e9bec","article_publisher":"https:\/\/www.facebook.com\/InstitutDrouin","article_published_time":"2020-12-29T21:18:24+00:00","og_image":[{"url":"https:\/\/www.genealogiequebec.com\/blog\/wp-content\/uploads\/2019\/11\/IGD-large.png","type":"","width":"","height":""}],"author":"Institut Drouin","twitter_card":"summary_large_image","twitter_creator":"@institutdrouin","twitter_site":"@institutdrouin","twitter_misc":{"\u00c9crit par":"Institut Drouin","Dur\u00e9e de lecture estim\u00e9e":"5 minutes"},"schema":{"@context":"https:\/\/schema.org","@graph":[{"@type":"Article","@id":"https:\/\/www.genealogiequebec.com\/blog\/2020\/12\/29\/plus-de-500-000-nouvelles-fiches-et-images-retrospective-de-lannee-2020\/#article","isPartOf":{"@id":"https:\/\/www.genealogiequebec.com\/blog\/2020\/12\/29\/plus-de-500-000-nouvelles-fiches-et-images-retrospective-de-lannee-2020\/"},"author":{"name":"Institut Drouin","@id":"https:\/\/www.genealogiequebec.com\/blog\/#\/schema\/person\/f1083726f11d1f2b6ead79ec5850ca06"},"headline":"Plus de 500 000 nouvelles fiches et images &#8211; R\u00e9trospective de l\u2019ann\u00e9e 2020","datePublished":"2020-12-29T21:18:24+00:00","mainEntityOfPage":{"@id":"https:\/\/www.genealogiequebec.com\/blog\/2020\/12\/29\/plus-de-500-000-nouvelles-fiches-et-images-retrospective-de-lannee-2020\/"},"wordCount":1036,"publisher":{"@id":"https:\/\/www.genealogiequebec.com\/blog\/#organization"},"image":{"@id":"https:\/\/www.genealogiequebec.com\/blog\/2020\/12\/29\/plus-de-500-000-nouvelles-fiches-et-images-retrospective-de-lannee-2020\/#primaryimage"},"thumbnailUrl":"https:\/\/www.genealogiequebec.com\/blog\/wp-content\/uploads\/2019\/11\/IGD-large.png","articleSection":["Infolettres"],"inLanguage":"fr-FR"},{"@type":"WebPage","@id":"https:\/\/www.genealogiequebec.com\/blog\/2020\/12\/29\/plus-de-500-000-nouvelles-fiches-et-images-retrospective-de-lannee-2020\/","url":"https:\/\/www.genealogiequebec.com\/blog\/2020\/12\/29\/plus-de-500-000-nouvelles-fiches-et-images-retrospective-de-lannee-2020\/","name":"Plus de 500 000 nouvelles fiches et images - R\u00e9trospective de l\u2019ann\u00e9e 2020 - G\u00e9n\u00e9alogie et histoire du Qu\u00e9bec","isPartOf":{"@id":"https:\/\/www.genealogiequebec.com\/blog\/#website"},"primaryImageOfPage":{"@id":"https:\/\/www.genealogiequebec.com\/blog\/2020\/12\/29\/plus-de-500-000-nouvelles-fiches-et-images-retrospective-de-lannee-2020\/#primaryimage"},"image":{"@id":"https:\/\/www.genealogiequebec.com\/blog\/2020\/12\/29\/plus-de-500-000-nouvelles-fiches-et-images-retrospective-de-lannee-2020\/#primaryimage"},"thumbnailUrl":"https:\/\/www.genealogiequebec.com\/blog\/wp-content\/uploads\/2019\/11\/IGD-large.png","datePublished":"2020-12-29T21:18:24+00:00","breadcrumb":{"@id":"https:\/\/www.genealogiequebec.com\/blog\/2020\/12\/29\/plus-de-500-000-nouvelles-fiches-et-images-retrospective-de-lannee-2020\/#breadcrumb"},"inLanguage":"fr-FR","potentialAction":[{"@type":"ReadAction","target":["https:\/\/www.genealogiequebec.com\/blog\/2020\/12\/29\/plus-de-500-000-nouvelles-fiches-et-images-retrospective-de-lannee-2020\/"]}]},{"@type":"ImageObject","inLanguage":"fr-FR","@id":"https:\/\/www.genealogiequebec.com\/blog\/2020\/12\/29\/plus-de-500-000-nouvelles-fiches-et-images-retrospective-de-lannee-2020\/#primaryimage","url":"https:\/\/www.genealogiequebec.com\/blog\/wp-content\/uploads\/2019\/11\/IGD-large.png","contentUrl":"https:\/\/www.genealogiequebec.com\/blog\/wp-content\/uploads\/2019\/11\/IGD-large.png","width":1893,"height":621},{"@type":"BreadcrumbList","@id":"https:\/\/www.genealogiequebec.com\/blog\/2020\/12\/29\/plus-de-500-000-nouvelles-fiches-et-images-retrospective-de-lannee-2020\/#breadcrumb","itemListElement":[{"@type":"ListItem","position":1,"name":"Accueil","item":"https:\/\/www.genealogiequebec.com\/blog\/"},{"@type":"ListItem","position":2,"name":"Infolettres","item":"https:\/\/www.genealogiequebec.com\/blog\/category\/infolettres\/"},{"@type":"ListItem","position":3,"name":"Plus de 500 000 nouvelles fiches et images &#8211; R\u00e9trospective de l\u2019ann\u00e9e 2020"}]},{"@type":"WebSite","@id":"https:\/\/www.genealogiequebec.com\/blog\/#website","url":"https:\/\/www.genealogiequebec.com\/blog\/","name":"G\u00e9n\u00e9alogie et histoire du Qu\u00e9bec","description":"Le blog de l&#039;institut Drouin","publisher":{"@id":"https:\/\/www.genealogiequebec.com\/blog\/#organization"},"potentialAction":[{"@type":"SearchAction","target":{"@type":"EntryPoint","urlTemplate":"https:\/\/www.genealogiequebec.com\/blog\/?s={search_term_string}"},"query-input":{"@type":"PropertyValueSpecification","valueRequired":true,"valueName":"search_term_string"}}],"inLanguage":"fr-FR"},{"@type":"Organization","@id":"https:\/\/www.genealogiequebec.com\/blog\/#organization","name":"Institut g\u00e9n\u00e9alogique Drouin","url":"https:\/\/www.genealogiequebec.com\/blog\/","logo":{"@type":"ImageObject","inLanguage":"fr-FR","@id":"https:\/\/www.genealogiequebec.com\/blog\/#\/schema\/logo\/image\/","url":"https:\/\/www.genealogiequebec.com\/blog\/wp-content\/uploads\/2019\/11\/IGD-large.png","contentUrl":"https:\/\/www.genealogiequebec.com\/blog\/wp-content\/uploads\/2019\/11\/IGD-large.png","width":1893,"height":621,"caption":"Institut g\u00e9n\u00e9alogique Drouin"},"image":{"@id":"https:\/\/www.genealogiequebec.com\/blog\/#\/schema\/logo\/image\/"},"sameAs":["https:\/\/www.facebook.com\/InstitutDrouin","https:\/\/x.com\/institutdrouin","https:\/\/www.instagram.com\/genealogiequebec\/","https:\/\/www.twitter.com\/institutdrouin"]},{"@type":"Person","@id":"https:\/\/www.genealogiequebec.com\/blog\/#\/schema\/person\/f1083726f11d1f2b6ead79ec5850ca06","name":"Institut Drouin","image":{"@type":"ImageObject","inLanguage":"fr-FR","@id":"https:\/\/www.genealogiequebec.com\/blog\/#\/schema\/person\/image\/","url":"https:\/\/secure.gravatar.com\/avatar\/8033ce23576b31b989429c1527bd70a807bbbe88e14f28a4bc5d8892d0bc4e54?s=96&d=mm&r=g","contentUrl":"https:\/\/secure.gravatar.com\/avatar\/8033ce23576b31b989429c1527bd70a807bbbe88e14f28a4bc5d8892d0bc4e54?s=96&d=mm&r=g","caption":"Institut Drouin"},"url":"https:\/\/www.genealogiequebec.com\/blog\/author\/institutdrouin\/"}]}},"_links":{"self":[{"href":"https:\/\/www.genealogiequebec.com\/blog\/wp-json\/wp\/v2\/posts\/1971","targetHints":{"allow":["GET"]}}],"collection":[{"href":"https:\/\/www.genealogiequebec.com\/blog\/wp-json\/wp\/v2\/posts"}],"about":[{"href":"https:\/\/www.genealogiequebec.com\/blog\/wp-json\/wp\/v2\/types\/post"}],"author":[{"embeddable":true,"href":"https:\/\/www.genealogiequebec.com\/blog\/wp-json\/wp\/v2\/users\/1"}],"replies":[{"embeddable":true,"href":"https:\/\/www.genealogiequebec.com\/blog\/wp-json\/wp\/v2\/comments?post=1971"}],"version-history":[{"count":8,"href":"https:\/\/www.genealogiequebec.com\/blog\/wp-json\/wp\/v2\/posts\/1971\/revisions"}],"predecessor-version":[{"id":1984,"href":"https:\/\/www.genealogiequebec.com\/blog\/wp-json\/wp\/v2\/posts\/1971\/revisions\/1984"}],"wp:attachment":[{"href":"https:\/\/www.genealogiequebec.com\/blog\/wp-json\/wp\/v2\/media?parent=1971"}],"wp:term":[{"taxonomy":"category","embeddable":true,"href":"https:\/\/www.genealogiequebec.com\/blog\/wp-json\/wp\/v2\/categories?post=1971"},{"taxonomy":"post_tag","embeddable":true,"href":"https:\/\/www.genealogiequebec.com\/blog\/wp-json\/wp\/v2\/tags?post=1971"}],"curies":[{"name":"wp","href":"https:\/\/api.w.org\/{rel}","templated":true}]}}