{"id":2056,"date":"2021-03-03T12:13:50","date_gmt":"2021-03-03T17:13:50","guid":{"rendered":"https:\/\/www.genealogiequebec.com\/blog\/?p=2056\/"},"modified":"2021-05-25T15:01:36","modified_gmt":"2021-05-25T19:01:36","slug":"les-femmes-grandes-oubliees-des-arbres-genealogiques-partie-2","status":"publish","type":"post","link":"https:\/\/www.genealogiequebec.com\/blog\/2021\/03\/03\/les-femmes-grandes-oubliees-des-arbres-genealogiques-partie-2\/","title":{"rendered":"Les femmes : grandes oubli\u00e9es des arbres g\u00e9n\u00e9alogiques \u2013 Partie 2"},"content":{"rendered":"<p><img decoding=\"async\" class=\"alignnone size-full wp-image-1294\" src=\"https:\/\/www.genealogiequebec.com\/blog\/wp-content\/uploads\/2019\/11\/IGD-large.png\" alt=\"\" width=\"1893\" height=\"621\" srcset=\"https:\/\/www.genealogiequebec.com\/blog\/wp-content\/uploads\/2019\/11\/IGD-large.png 1893w, https:\/\/www.genealogiequebec.com\/blog\/wp-content\/uploads\/2019\/11\/IGD-large-300x98.png 300w, https:\/\/www.genealogiequebec.com\/blog\/wp-content\/uploads\/2019\/11\/IGD-large-768x252.png 768w, https:\/\/www.genealogiequebec.com\/blog\/wp-content\/uploads\/2019\/11\/IGD-large-1024x336.png 1024w\" sizes=\"(max-width: 767px) 89vw, (max-width: 1000px) 54vw, (max-width: 1071px) 543px, 580px\" \/><\/p>\n<p><span style=\"font-size: 10pt;\">(Cet article est en 3 parties. Cliquez pour consulter: <a href=\"https:\/\/www.genealogiequebec.com\/blog\/2020\/12\/30\/les-femmes-grandes-oubliees-des-arbres-genealogiques-partie-1\/\">Partie 1<\/a>, <a href=\"https:\/\/www.genealogiequebec.com\/blog\/2021\/05\/11\/les-femmes-grandes-oubliees-des-arbres-genealogiques-partie-3\/\">Partie 3<\/a>)<\/span><\/p>\n<p>Dans le <a href=\"https:\/\/www.genealogiequebec.com\/blog\/2020\/12\/30\/les-femmes-grandes-oubliees-des-arbres-genealogiques-partie-1\/\">pr\u00e9c\u00e9dent article<\/a> de cette s\u00e9rie, nous avons d\u00e9termin\u00e9 que les femmes sont souvent invisibilis\u00e9es en g\u00e9n\u00e9alogie, notamment parce que les lign\u00e9es patrilin\u00e9aires sont les plus r\u00e9pandues <span style=\"font-size: 10pt;\">(Jett\u00e9, 1991\u00a0: 110\u00a0; Drouin, 2015)<\/span> et que les femmes sont peu pr\u00e9sentes dans le vocabulaire g\u00e9n\u00e9alogique <span style=\"font-size: 10pt;\">(Cousteau Serdongs, 2008\u00a0: 133)<\/span>. Ce probl\u00e8me est ancr\u00e9 dans l\u2019organisation patriarcale de la soci\u00e9t\u00e9 et dans la reproduction du sexisme dans les pratiques g\u00e9n\u00e9alogiques. Nous nous attarderons maintenant \u00e0 d\u00e9tailler les cons\u00e9quences de cette invisibilisation et \u00e0 comprendre pourquoi cette probl\u00e9matique m\u00e9rite qu\u2019on y accorde notre temps et attention en tant que g\u00e9n\u00e9alogistes.<\/p>\n<p>L\u2019invisibilisation des femmes dans la construction des lign\u00e9es g\u00e9n\u00e9alogiques s\u2019inscrit dans un syst\u00e8me d\u2019invisibilisation et de d\u00e9valorisation de leurs accomplissements ainsi que d\u2019appropriation et de contr\u00f4le de leur travail et de leurs corps. Les cons\u00e9quences sont bien tangibles. Francine Cousteau Serdongs affirme que \u00ab la m\u00e9connaissance de l\u2019histoire des femmes \u00e0 partir des femmes de sa propre lign\u00e9e implique l\u2019impossibilit\u00e9 de s\u2019identifier \u00e0 elles \u00bb <span style=\"font-size: 10pt;\">(2008\u00a0:\u00a0138)<\/span>, l\u2019impossibilit\u00e9 d\u2019identifier aussi, ce qui a forg\u00e9 notre famille et comment le genre a pu y jouer un r\u00f4le. Le patriarcat se reproduit non seulement dans la sph\u00e8re publique, mais aussi dans la sph\u00e8re priv\u00e9e, car les valeurs patriarcales (comme les imp\u00e9ratifs impos\u00e9s aux femmes sur leur apparence ou leurs comportements) sont souvent transmises d\u00e8s leur plus jeune \u00e2ge aux enfants, dans la sph\u00e8re familiale.<\/p>\n<p>Ne pas conna\u00eetre l\u2019histoire des femmes de sa famille\u00a0peut donc nous emp\u00eacher de comprendre comment des traumas g\u00e9n\u00e9rationnels ou des perspectives genr\u00e9es particuli\u00e8res se sont ins\u00e9r\u00e9es dans nos dynamiques et notre culture familiale. Une meilleure compr\u00e9hension de ces ph\u00e9nom\u00e8nes jouerait certainement un r\u00f4le important dans la d\u00e9construction des sch\u00e8mes patriarcaux transmis dans la famille et dans la consolidation d\u2019une solidarit\u00e9 entre femmes <span style=\"font-size: 10pt;\">(Cousteau Serdongs, 2008\u00a0: 138)<\/span>.<\/p>\n<p><a href=\"https:\/\/www.genealogiequebec.com\/blog\/wp-content\/uploads\/2021\/02\/640px-Four_generations_of_a_family.jpg\"><img decoding=\"async\" class=\"alignnone size-full wp-image-2064\" src=\"https:\/\/www.genealogiequebec.com\/blog\/wp-content\/uploads\/2021\/02\/640px-Four_generations_of_a_family.jpg\" alt=\"\" width=\"640\" height=\"447\" srcset=\"https:\/\/www.genealogiequebec.com\/blog\/wp-content\/uploads\/2021\/02\/640px-Four_generations_of_a_family.jpg 640w, https:\/\/www.genealogiequebec.com\/blog\/wp-content\/uploads\/2021\/02\/640px-Four_generations_of_a_family-300x210.jpg 300w\" sizes=\"(max-width: 640px) 100vw, 640px\" \/><\/a><span style=\"font-size: 10pt;\">Quatre g\u00e9n\u00e9rations de femmes en une photo, Wikimedia Commons.<\/span><\/p>\n<p>L\u2019effacement des femmes en g\u00e9n\u00e9alogie a \u00e9galement tendance \u00e0 aller de pair avec leur effacement dans la grande Histoire. Francine Cousteau Serdongs en donne plusieurs exemples <span style=\"font-size: 10pt;\">(2008 : 135-136)<\/span> mentionnant les femmes pr\u00e9sentes sur le bateau la <em>Grande Recrue <\/em>et les \u00e9pouses d\u2019hommes c\u00e9l\u00e8bres comme Charles Le Moyne.<\/p>\n<p><a href=\"https:\/\/www.genealogiequebec.com\/blog\/wp-content\/uploads\/2021\/02\/charles-lemoyne.png\"><img decoding=\"async\" class=\"alignnone size-full wp-image-2065\" src=\"https:\/\/www.genealogiequebec.com\/blog\/wp-content\/uploads\/2021\/02\/charles-lemoyne.png\" alt=\"\" width=\"1892\" height=\"962\" srcset=\"https:\/\/www.genealogiequebec.com\/blog\/wp-content\/uploads\/2021\/02\/charles-lemoyne.png 1892w, https:\/\/www.genealogiequebec.com\/blog\/wp-content\/uploads\/2021\/02\/charles-lemoyne-300x153.png 300w, https:\/\/www.genealogiequebec.com\/blog\/wp-content\/uploads\/2021\/02\/charles-lemoyne-768x390.png 768w, https:\/\/www.genealogiequebec.com\/blog\/wp-content\/uploads\/2021\/02\/charles-lemoyne-1024x521.png 1024w\" sizes=\"(max-width: 767px) 89vw, (max-width: 1000px) 54vw, (max-width: 1071px) 543px, 580px\" \/><\/a><span style=\"font-size: 10pt;\">Mariage de Charles Le Moyne et Catherine Primot le 28 mai 1654 \u00e0 Montr\u00e9al. Source: Acte\u00a047196, LAFRANCE, <a href=\"https:\/\/www.genealogiequebec.com\/fr\/\">GenealogieQuebec.com<\/a><\/span><\/p>\n<p>Cette invisibilisation joue un r\u00f4le certain dans la d\u00e9valorisation du r\u00f4le et du travail des femmes qui se perp\u00e9tue dans notre soci\u00e9t\u00e9 d\u2019aujourd\u2019hui : en effet, si on ne peut pas reconna\u00eetre les r\u00e9alisations f\u00e9minines du pass\u00e9, pourquoi serait-on \u00e0 m\u00eame de le faire pour celles d\u2019aujourd\u2019hui ? Sans compter que, symboliquement, en n\u00e9gligeant les m\u00e8res dans les recherches g\u00e9n\u00e9alogiques, on d\u00e9valorise ce r\u00f4le et on nie leur implication dans la passation de l\u2019h\u00e9ritage, alors que les hommes, de par la simple transmission de leur nom de famille, s\u2019inscrivent tr\u00e8s clairement dans une lign\u00e9e <span style=\"font-size: 10pt;\">(Cousteau Serdongs, 2008 : 132)<\/span>. Francine Cousteau Serdongs dira ainsi : \u00ab \u00c0 la deuxi\u00e8me g\u00e9n\u00e9ration, les femmes sont ignor\u00e9es, pr\u00e9tendument parce qu\u2019elles ne portent plus le m\u00eame nom de famille. Tout se passe comme si les femmes n\u2019avaient pas de descendance et qu\u2019elles ne faisaient qu\u2019aider leur conjoint \u00e0 en avoir une\u00a0\u00bb <span style=\"font-size: 10pt;\">(2008 : 133)<\/span>. On perp\u00e9tue ainsi dans l\u2019imaginaire collectif une longue tradition de conception des femmes uniquement comme \u00ab objets \u00bb et on leur retire leur agentivit\u00e9 <span style=\"font-size: 10pt;\">(Cousteau Serdongs, 2008 : 139-140)<\/span>, alors que dans le concret, les femmes jouaient un r\u00f4le essentiel et actif, dans leurs familles comme dans la soci\u00e9t\u00e9.<\/p>\n<p>Le domaine de la reproduction, l\u2019espace priv\u00e9, a m\u00eame \u00e9t\u00e9 historiquement rel\u00e9gu\u00e9 aux femmes. On a tent\u00e9 de les y enfermer, pour les maintenir hors de l\u2019espace public, des lieux de d\u00e9cision et de pouvoir\u00a0: on retrouve des traces de cette division priv\u00e9\/public depuis l\u2019\u00e9poque de la Gr\u00e8ce antique et malgr\u00e9 les avanc\u00e9es f\u00e9ministes elle est encore, \u00e0 certains \u00e9gards, reproduite aujourd\u2019hui <span style=\"font-size: 10pt;\">(voir Bereni et Revillard, 2009)<\/span>. On les y a enferm\u00e9es, certes, mais on ne les a m\u00eame pas laiss\u00e9es \u00eatre les ma\u00eetresses de ce domaine priv\u00e9, les normes patriarcales s\u2019y infiltrant sans cesse pour contr\u00f4ler comment les femmes accomplissent leur charge de travail. La m\u00e9dicalisation des grossesses et des accouchements, tous les imp\u00e9ratifs sur la fa\u00e7on d\u2019\u00e9lever leurs enfants, d\u2019entretenir leurs maisons, les restrictions entourant l\u2019avortement sont des exemples criants de ce contr\u00f4le et de l\u2019appropriation du travail des femmes (dont celui qu\u2019elles font avec les enfants) par les hommes <span style=\"font-size: 10pt;\">(\u00e0 propos de l\u2019appropriation du travail des femmes, voir Cousteau Serdongs, 2008 : 141-142 ; Guillaumin, 1978)<\/span>.<\/p>\n<p><a href=\"https:\/\/www.genealogiequebec.com\/blog\/wp-content\/uploads\/2021\/02\/vintage-1898388_1280.jpg\"><img decoding=\"async\" class=\"alignnone wp-image-2066 size-full\" src=\"https:\/\/www.genealogiequebec.com\/blog\/wp-content\/uploads\/2021\/02\/vintage-1898388_1280.jpg\" alt=\"\" width=\"1094\" height=\"1280\" srcset=\"https:\/\/www.genealogiequebec.com\/blog\/wp-content\/uploads\/2021\/02\/vintage-1898388_1280.jpg 1094w, https:\/\/www.genealogiequebec.com\/blog\/wp-content\/uploads\/2021\/02\/vintage-1898388_1280-256x300.jpg 256w, https:\/\/www.genealogiequebec.com\/blog\/wp-content\/uploads\/2021\/02\/vintage-1898388_1280-768x899.jpg 768w, https:\/\/www.genealogiequebec.com\/blog\/wp-content\/uploads\/2021\/02\/vintage-1898388_1280-875x1024.jpg 875w\" sizes=\"(max-width: 767px) 89vw, (max-width: 1000px) 54vw, (max-width: 1071px) 543px, 580px\" \/><\/a><span style=\"font-size: 10pt;\">Peinture d&rsquo;une femme faisant la lessive<\/span><\/p>\n<p>Comme s\u2019il ne suffisait pas que la sph\u00e8re priv\u00e9e soit contr\u00f4l\u00e9e par des normes patriarcales, elle a aussi \u00e9t\u00e9 largement d\u00e9valoris\u00e9e <span style=\"font-size: 10pt;\">(voir, entre autres, Robert, 2017)<\/span>. Le fait qu\u2019on a longtemps refus\u00e9 aux femmes la transmission de leur nom de famille \u00e0 leur descendance et qu\u2019on ne leur permet m\u00eame aujourd\u2019hui que tr\u00e8s rarement d\u2019appara\u00eetre de mani\u00e8re pr\u00e9dominante dans les histoires familiales, participe \u00e0 l\u2019appropriation du travail des femmes par les hommes ainsi qu\u2019\u00e0 ce contr\u00f4le patriarcal et \u00e0 cette d\u00e9valorisation de la sph\u00e8re priv\u00e9e.<\/p>\n<p>Ces cons\u00e9quences sont d\u2019autant plus grandes pour les femmes racis\u00e9es, qui se trouvent \u00e0 l\u2019intersection de plusieurs syst\u00e8mes d\u2019oppressions, comme le racisme et le sexisme. Pour les femmes autochtones par exemple, cette invisibilisation de leur r\u00f4le dans l\u2019histoire familiale s\u2019est refl\u00e9t\u00e9e par le retrait du \u00ab statut d\u2019Indien \u00bb de celles qui mariaient un non-autochtone et de leurs enfants, les privant ainsi souvent de l\u2019acc\u00e8s \u00e0 leur communaut\u00e9 ainsi que de certains droits sociaux, culturels et politiques<span style=\"font-size: 10pt;\"> (voir Arnaud, 2014 : 213-217)<\/span>. La loi C-31 adopt\u00e9e en 1985 a permis aux femmes qui avaient perdu leur statut \u00e0 cause d\u2019un mariage avec un allochtone de le regagner\u00a0: toutefois, leurs enfants n\u2019ont acquis qu\u2019un statut non-transmissible, contrairement aux enfants n\u00e9s d\u2019un p\u00e8re autochtone, disposition qui ne sera chang\u00e9e qu\u2019en 2010 <span style=\"font-size: 10pt;\">(Arnaud, 2014\u00a0: 216)<\/span>. Le changement de loi n\u2019a pas non plus suffi \u00e0 faire accepter avec enthousiasme le retour de ces femmes autochtones et de leurs enfants par leurs communaut\u00e9s\u00a0: celles-ci \u00e9taient en manque d\u2019espace et d\u2019argent et ne recevaient aucun support pour accueillir le retour de toutes ces personnes. Les femmes donnaient ainsi l\u2019impression de bousculer l\u2019ordre \u00e9tabli et de forcer la main \u00e0 leurs communaut\u00e9s\u00a0: le travail est donc loin d\u2019\u00eatre termin\u00e9.<\/p>\n<p><a href=\"https:\/\/www.genealogiequebec.com\/blog\/wp-content\/uploads\/2021\/02\/Royal_Tour-_Aboriginal_women_and_children_Vancouver_BC_1901_3294656443.jpg\"><img decoding=\"async\" class=\"alignnone size-full wp-image-2067\" src=\"https:\/\/www.genealogiequebec.com\/blog\/wp-content\/uploads\/2021\/02\/Royal_Tour-_Aboriginal_women_and_children_Vancouver_BC_1901_3294656443.jpg\" alt=\"\" width=\"640\" height=\"457\" srcset=\"https:\/\/www.genealogiequebec.com\/blog\/wp-content\/uploads\/2021\/02\/Royal_Tour-_Aboriginal_women_and_children_Vancouver_BC_1901_3294656443.jpg 640w, https:\/\/www.genealogiequebec.com\/blog\/wp-content\/uploads\/2021\/02\/Royal_Tour-_Aboriginal_women_and_children_Vancouver_BC_1901_3294656443-300x214.jpg 300w\" sizes=\"(max-width: 640px) 100vw, 640px\" \/><\/a><span style=\"font-size: 10pt;\">Femmes autochtones avec leurs enfants, Vancouver, 1901, Wikimedia Commons<\/span><\/p>\n<p><span style=\"font-size: 10pt;\"><em>(Avertissement\u00a0: mention de viol dans le prochain paragraphe.)<\/em><\/span><\/p>\n<p>Cette conception des femmes comme porteuses de la lign\u00e9e des hommes est aussi \u00e0 l\u2019origine d\u2019un contr\u00f4le accru sur le corps des femmes notamment \u00e0 travers des imp\u00e9ratifs et de chastet\u00e9 et de fid\u00e9lit\u00e9 afin de tenter de s\u2019assurer de l\u2019origine paternelle des enfants <span style=\"font-size: 10pt;\">(Knibiehler, 2012)<\/span>. Si on sort un peu du contexte qu\u00e9b\u00e9cois, on peut constater de nombreux exemples dans lesquels le viol a \u00e9t\u00e9 utilis\u00e9 comme une arme de guerre, passant par le corps des femmes pour punir certains peuples en \u00ab salissant leurs lign\u00e9es g\u00e9n\u00e9alogiques \u00bb, les rendant \u00ab impures \u00bb. V\u00e9ronique Nahoum-Grappe dira ainsi, concernant l\u2019ex-Yougoslavie que \u00ab le viol devient une esp\u00e8ce de victoire sur le front de la guerre contre l&rsquo;identit\u00e9 collective de l&rsquo;ennemi, une invasion victorieuse de l&rsquo;espace de sa reproduction \u00bb <span style=\"font-size: 10pt;\">(1996 : 153)<\/span>. Bien que \u00e7a n\u2019ait pas \u00e9t\u00e9 document\u00e9 \u00e0 ma connaissance, il est tr\u00e8s possible que de tels \u00e9v\u00e9nements aient aussi eu lieu lors de la colonisation du Qu\u00e9bec. En 2014, Statistiques Canada rapportait d\u2019ailleurs que les femmes autochtones avaient trois fois plus de chances d\u2019\u00eatre victime d\u2019une agression sexuelle au cours de leur vie qu\u2019une femme non-autochtone <span style=\"font-size: 10pt;\">(Boyce, 2014)<\/span>.<\/p>\n<p>L\u2019effacement des femmes en g\u00e9n\u00e9alogie contribue donc \u00e0 perp\u00e9tuer une culture patriarcale qui invisibilise et d\u00e9valorise les accomplissements des femmes ainsi que les oppressions qu\u2019elles ont v\u00e9cues dans la soci\u00e9t\u00e9 et dans la famille, et qui s\u2019approprie et contr\u00f4le leur travail et leurs corps. Il est donc primordial de trouver des moyens pour rem\u00e9dier \u00e0 cette situation et participer \u00e0 l\u2019\u00e9tablissement d\u2019une soci\u00e9t\u00e9 plus juste \u00e0 travers nos pratiques g\u00e9n\u00e9alogiques\u00a0: ce sera le sujet de mon prochain article.<\/p>\n<p>Audrey Pepin<\/p>\n<p>&nbsp;<\/p>\n<p><strong>Bibliographie<\/strong><\/p>\n<p><span style=\"font-size: 8pt;\">Arnaud, Aur\u00e9lie. (2014). F\u00e9minisme autochtone militant : quel f\u00e9minisme pour quelle militance? <em>Nouvelles pratiques sociales<\/em>, vol. 27, no. 1, p.211-222.<\/span><\/p>\n<p><span style=\"font-size: 8pt;\">Baillargeon, Denyse. Compte-rendu de Yvonne Knibiehler, <em>La virginit\u00e9 f\u00e9minine. Mythes, fantasmes, \u00e9mancipation. <\/em>Paris\u00a0, Odile Jacob, 2012 221 p. <em>Recherches f\u00e9ministes, <\/em>vol. 25, no. 2, p.191-193.<\/span><\/p>\n<p><span style=\"font-size: 8pt;\">Bereni, Laure et Revillard Anne. (2009). La dichotomie \u201cPublic-Priv\u00e9\u00bb \u00e0 l\u2019\u00e9preuve des critiques f\u00e9ministes: de la th\u00e9orie \u00e0 l\u2019action publique. Dans <em>Genre et action publique : la fronti\u00e8re public-priv\u00e9 en questions<\/em>, Muller, P. et S\u00e9nac-Slawinski, R (dir.). Paris : L\u2019Harmattan. p. 27-55.<\/span><\/p>\n<p><span style=\"font-size: 8pt;\">Boyce, Jillian. (2014). <em>La victimisation chez les Autochtones au Canada, 2014<\/em>. Statistiques Canada : <a href=\"https:\/\/www150.statcan.gc.ca\/n1\/pub\/85-002-x\/2016001\/article\/14631-fra.htm\">https:\/\/www150.statcan.gc.ca\/n1\/pub\/85-002-x\/2016001\/article\/14631-fra.htm<\/a><\/span><\/p>\n<p><span style=\"font-size: 8pt;\">Cousteau Serdongs, Francine. (2008). Le Qu\u00e9bec, paradis de la g\u00e9n\u00e9alogie et \u00ab re-p\u00e8re \u00bb du patriarcat : o\u00f9 sont les f\u00e9ministes? De l\u2019importance d\u2019aborder la g\u00e9n\u00e9alogie avec les outils de la r\u00e9flexion f\u00e9ministe. <em>Recherches f\u00e9ministes <\/em>vol. 21, no. 1, p.131-147. <a href=\"https:\/\/doi.org\/10.7202\/018313ar\">https:\/\/doi.org\/10.7202\/018313ar<\/a><\/span><\/p>\n<p><span style=\"font-size: 8pt;\">Drouin, Mathieu. (2015). Patrilin\u00e9aire, mitochondriale et agnatique\u00a0: trois fa\u00e7ons de faire votre g\u00e9n\u00e9alogie! <em>Histoire Canada<\/em>. R\u00e9cup\u00e9r\u00e9 de\u00a0<\/span><span style=\"font-size: 8pt;\"><a href=\"https:\/\/www.histoirecanada.ca\/consulter\/genealogie\/patrilineaire,-mitochondriale-et-agnatique-trois-facons-de-faire-votre-genealogie\">https:\/\/www.histoirecanada.ca\/consulter\/genealogie\/patrilineaire,-mitochondriale-et-agnatique-trois-facons-de-faire-votre-genealogie<\/a>!<\/span><\/p>\n<p><span style=\"font-size: 8pt;\">Guillaumin, Colette. (1978). Pratique du pouvoir et id\u00e9e de nature : 1- L\u2019appropriation\u00a0<\/span><span style=\"font-size: 8pt;\">des femmes. <em>Questions f\u00e9ministes<\/em>, no.2, p.58-74.<\/span><\/p>\n<p><span style=\"font-size: 8pt;\">Jett\u00e9, Ren\u00e9. (1991). <em>Trait\u00e9 de G\u00e9n\u00e9alogie. <\/em>Montr\u00e9al\u00a0: Les Presses de l\u2019Universit\u00e9 de Montr\u00e9al, 716 p.<\/span><\/p>\n<p><span style=\"font-size: 8pt;\">Knibiehler, Yvonne (2012). <em>La virginit\u00e9 f\u00e9minine. Mythes, fantasmes, \u00e9mancipation. <\/em>Paris\u00a0: Odile Jacob, 221 p.<\/span><\/p>\n<p><span style=\"font-size: 8pt;\">Nahoum-Grappe, V\u00e9ronique (1996). Purifier le lien de filiation : Les viols syst\u00e9matiques en ex-Yougoslavie, 1991-1995. <em>Esprit<\/em>, no. 227 (12), p.150-163. <a href=\"https:\/\/www.jstor.org\/stable\/24277272\">https:\/\/www.jstor.org\/stable\/24277272<\/a><\/span><\/p>\n<p><span style=\"font-size: 8pt;\">Robert, Camille. (2017). <em>Toutes les femmes sont d\u2019abord m\u00e9nag\u00e8res. Histoire d\u2019un combat f\u00e9ministe pour la reconnaissance du travail m\u00e9nager.<\/em> Montr\u00e9al : \u00c9ditions Somme toute, Coll. \u00ab \u00e9conomie politique \u00bb, 178 p.<\/span><\/p>\n","protected":false},"excerpt":{"rendered":"<p>(Cet article est en 3 parties. Cliquez pour consulter: Partie 1, Partie 3) Dans le pr\u00e9c\u00e9dent article de cette s\u00e9rie, nous avons d\u00e9termin\u00e9 que les femmes sont souvent invisibilis\u00e9es en g\u00e9n\u00e9alogie, notamment parce que les lign\u00e9es patrilin\u00e9aires sont les plus r\u00e9pandues (Jett\u00e9, 1991\u00a0: 110\u00a0; Drouin, 2015) et que les femmes sont peu pr\u00e9sentes dans le &hellip; <\/p>\n<p class=\"link-more\"><a href=\"https:\/\/www.genealogiequebec.com\/blog\/2021\/03\/03\/les-femmes-grandes-oubliees-des-arbres-genealogiques-partie-2\/\" class=\"more-link\">Continuer la lecture<span class=\"screen-reader-text\"> de &laquo;&nbsp;Les femmes : grandes oubli\u00e9es des arbres g\u00e9n\u00e9alogiques \u2013 Partie 2&nbsp;&raquo;<\/span><\/a><\/p>\n","protected":false},"author":4,"featured_media":0,"comment_status":"closed","ping_status":"open","sticky":false,"template":"","format":"standard","meta":{"footnotes":""},"categories":[2],"tags":[],"class_list":["post-2056","post","type-post","status-publish","format-standard","hentry","category-articles"],"yoast_head":"<!-- This site is optimized with the Yoast SEO plugin v26.9 - https:\/\/yoast.com\/product\/yoast-seo-wordpress\/ -->\r\n<title>Les femmes : grandes oubli\u00e9es des arbres g\u00e9n\u00e9alogiques \u2013 Partie 2 - G\u00e9n\u00e9alogie et histoire du Qu\u00e9bec<\/title>\r\n<meta name=\"robots\" content=\"index, follow, max-snippet:-1, max-image-preview:large, max-video-preview:-1\" \/>\r\n<link rel=\"canonical\" href=\"https:\/\/www.genealogiequebec.com\/blog\/2021\/03\/03\/les-femmes-grandes-oubliees-des-arbres-genealogiques-partie-2\/\" \/>\r\n<meta property=\"og:locale\" content=\"fr_FR\" \/>\r\n<meta property=\"og:type\" content=\"article\" \/>\r\n<meta property=\"og:title\" content=\"Les femmes : grandes oubli\u00e9es des arbres g\u00e9n\u00e9alogiques \u2013 Partie 2 - G\u00e9n\u00e9alogie et histoire du Qu\u00e9bec\" \/>\r\n<meta property=\"og:description\" content=\"(Cet article est en 3 parties. Cliquez pour consulter: Partie 1, Partie 3) Dans le pr\u00e9c\u00e9dent article de cette s\u00e9rie, nous avons d\u00e9termin\u00e9 que les femmes sont souvent invisibilis\u00e9es en g\u00e9n\u00e9alogie, notamment parce que les lign\u00e9es patrilin\u00e9aires sont les plus r\u00e9pandues (Jett\u00e9, 1991\u00a0: 110\u00a0; Drouin, 2015) et que les femmes sont peu pr\u00e9sentes dans le &hellip; Continuer la lecture de &laquo;&nbsp;Les femmes : grandes oubli\u00e9es des arbres g\u00e9n\u00e9alogiques \u2013 Partie 2&nbsp;&raquo;\" \/>\r\n<meta property=\"og:url\" content=\"https:\/\/www.genealogiequebec.com\/blog\/2021\/03\/03\/les-femmes-grandes-oubliees-des-arbres-genealogiques-partie-2\/\" \/>\r\n<meta property=\"og:site_name\" content=\"G\u00e9n\u00e9alogie et histoire du Qu\u00e9bec\" \/>\r\n<meta property=\"article:publisher\" content=\"https:\/\/www.facebook.com\/InstitutDrouin\" \/>\r\n<meta property=\"article:published_time\" content=\"2021-03-03T17:13:50+00:00\" \/>\r\n<meta property=\"article:modified_time\" content=\"2021-05-25T19:01:36+00:00\" \/>\r\n<meta property=\"og:image\" content=\"https:\/\/www.genealogiequebec.com\/blog\/wp-content\/uploads\/2019\/11\/IGD-large.png\" \/>\r\n<meta name=\"author\" content=\"Audrey Pepin\" \/>\r\n<meta name=\"twitter:card\" content=\"summary_large_image\" \/>\r\n<meta name=\"twitter:creator\" content=\"@institutdrouin\" \/>\r\n<meta name=\"twitter:site\" content=\"@institutdrouin\" \/>\r\n<meta name=\"twitter:label1\" content=\"\u00c9crit par\" \/>\n\t<meta name=\"twitter:data1\" content=\"Audrey Pepin\" \/>\n\t<meta name=\"twitter:label2\" content=\"Dur\u00e9e de lecture estim\u00e9e\" \/>\n\t<meta name=\"twitter:data2\" content=\"9 minutes\" \/>\r\n<script type=\"application\/ld+json\" class=\"yoast-schema-graph\">{\"@context\":\"https:\/\/schema.org\",\"@graph\":[{\"@type\":\"Article\",\"@id\":\"https:\/\/www.genealogiequebec.com\/blog\/2021\/03\/03\/les-femmes-grandes-oubliees-des-arbres-genealogiques-partie-2\/#article\",\"isPartOf\":{\"@id\":\"https:\/\/www.genealogiequebec.com\/blog\/2021\/03\/03\/les-femmes-grandes-oubliees-des-arbres-genealogiques-partie-2\/\"},\"author\":{\"name\":\"Audrey Pepin\",\"@id\":\"https:\/\/www.genealogiequebec.com\/blog\/#\/schema\/person\/2a65f5ec6080e351fe68854e5c8b8953\"},\"headline\":\"Les femmes : grandes oubli\u00e9es des arbres g\u00e9n\u00e9alogiques \u2013 Partie 2\",\"datePublished\":\"2021-03-03T17:13:50+00:00\",\"dateModified\":\"2021-05-25T19:01:36+00:00\",\"mainEntityOfPage\":{\"@id\":\"https:\/\/www.genealogiequebec.com\/blog\/2021\/03\/03\/les-femmes-grandes-oubliees-des-arbres-genealogiques-partie-2\/\"},\"wordCount\":1798,\"publisher\":{\"@id\":\"https:\/\/www.genealogiequebec.com\/blog\/#organization\"},\"image\":{\"@id\":\"https:\/\/www.genealogiequebec.com\/blog\/2021\/03\/03\/les-femmes-grandes-oubliees-des-arbres-genealogiques-partie-2\/#primaryimage\"},\"thumbnailUrl\":\"https:\/\/www.genealogiequebec.com\/blog\/wp-content\/uploads\/2019\/11\/IGD-large.png\",\"articleSection\":[\"Articles\"],\"inLanguage\":\"fr-FR\"},{\"@type\":\"WebPage\",\"@id\":\"https:\/\/www.genealogiequebec.com\/blog\/2021\/03\/03\/les-femmes-grandes-oubliees-des-arbres-genealogiques-partie-2\/\",\"url\":\"https:\/\/www.genealogiequebec.com\/blog\/2021\/03\/03\/les-femmes-grandes-oubliees-des-arbres-genealogiques-partie-2\/\",\"name\":\"Les femmes : grandes oubli\u00e9es des arbres g\u00e9n\u00e9alogiques \u2013 Partie 2 - G\u00e9n\u00e9alogie et histoire du Qu\u00e9bec\",\"isPartOf\":{\"@id\":\"https:\/\/www.genealogiequebec.com\/blog\/#website\"},\"primaryImageOfPage\":{\"@id\":\"https:\/\/www.genealogiequebec.com\/blog\/2021\/03\/03\/les-femmes-grandes-oubliees-des-arbres-genealogiques-partie-2\/#primaryimage\"},\"image\":{\"@id\":\"https:\/\/www.genealogiequebec.com\/blog\/2021\/03\/03\/les-femmes-grandes-oubliees-des-arbres-genealogiques-partie-2\/#primaryimage\"},\"thumbnailUrl\":\"https:\/\/www.genealogiequebec.com\/blog\/wp-content\/uploads\/2019\/11\/IGD-large.png\",\"datePublished\":\"2021-03-03T17:13:50+00:00\",\"dateModified\":\"2021-05-25T19:01:36+00:00\",\"breadcrumb\":{\"@id\":\"https:\/\/www.genealogiequebec.com\/blog\/2021\/03\/03\/les-femmes-grandes-oubliees-des-arbres-genealogiques-partie-2\/#breadcrumb\"},\"inLanguage\":\"fr-FR\",\"potentialAction\":[{\"@type\":\"ReadAction\",\"target\":[\"https:\/\/www.genealogiequebec.com\/blog\/2021\/03\/03\/les-femmes-grandes-oubliees-des-arbres-genealogiques-partie-2\/\"]}]},{\"@type\":\"ImageObject\",\"inLanguage\":\"fr-FR\",\"@id\":\"https:\/\/www.genealogiequebec.com\/blog\/2021\/03\/03\/les-femmes-grandes-oubliees-des-arbres-genealogiques-partie-2\/#primaryimage\",\"url\":\"https:\/\/www.genealogiequebec.com\/blog\/wp-content\/uploads\/2019\/11\/IGD-large.png\",\"contentUrl\":\"https:\/\/www.genealogiequebec.com\/blog\/wp-content\/uploads\/2019\/11\/IGD-large.png\",\"width\":1893,\"height\":621},{\"@type\":\"BreadcrumbList\",\"@id\":\"https:\/\/www.genealogiequebec.com\/blog\/2021\/03\/03\/les-femmes-grandes-oubliees-des-arbres-genealogiques-partie-2\/#breadcrumb\",\"itemListElement\":[{\"@type\":\"ListItem\",\"position\":1,\"name\":\"Accueil\",\"item\":\"https:\/\/www.genealogiequebec.com\/blog\/\"},{\"@type\":\"ListItem\",\"position\":2,\"name\":\"Articles\",\"item\":\"https:\/\/www.genealogiequebec.com\/blog\/category\/articles\/\"},{\"@type\":\"ListItem\",\"position\":3,\"name\":\"Les femmes : grandes oubli\u00e9es des arbres g\u00e9n\u00e9alogiques \u2013 Partie 2\"}]},{\"@type\":\"WebSite\",\"@id\":\"https:\/\/www.genealogiequebec.com\/blog\/#website\",\"url\":\"https:\/\/www.genealogiequebec.com\/blog\/\",\"name\":\"G\u00e9n\u00e9alogie et histoire du Qu\u00e9bec\",\"description\":\"Le blog de l&#039;institut Drouin\",\"publisher\":{\"@id\":\"https:\/\/www.genealogiequebec.com\/blog\/#organization\"},\"potentialAction\":[{\"@type\":\"SearchAction\",\"target\":{\"@type\":\"EntryPoint\",\"urlTemplate\":\"https:\/\/www.genealogiequebec.com\/blog\/?s={search_term_string}\"},\"query-input\":{\"@type\":\"PropertyValueSpecification\",\"valueRequired\":true,\"valueName\":\"search_term_string\"}}],\"inLanguage\":\"fr-FR\"},{\"@type\":\"Organization\",\"@id\":\"https:\/\/www.genealogiequebec.com\/blog\/#organization\",\"name\":\"Institut g\u00e9n\u00e9alogique Drouin\",\"url\":\"https:\/\/www.genealogiequebec.com\/blog\/\",\"logo\":{\"@type\":\"ImageObject\",\"inLanguage\":\"fr-FR\",\"@id\":\"https:\/\/www.genealogiequebec.com\/blog\/#\/schema\/logo\/image\/\",\"url\":\"https:\/\/www.genealogiequebec.com\/blog\/wp-content\/uploads\/2019\/11\/IGD-large.png\",\"contentUrl\":\"https:\/\/www.genealogiequebec.com\/blog\/wp-content\/uploads\/2019\/11\/IGD-large.png\",\"width\":1893,\"height\":621,\"caption\":\"Institut g\u00e9n\u00e9alogique Drouin\"},\"image\":{\"@id\":\"https:\/\/www.genealogiequebec.com\/blog\/#\/schema\/logo\/image\/\"},\"sameAs\":[\"https:\/\/www.facebook.com\/InstitutDrouin\",\"https:\/\/x.com\/institutdrouin\",\"https:\/\/www.instagram.com\/genealogiequebec\/\",\"https:\/\/www.twitter.com\/institutdrouin\"]},{\"@type\":\"Person\",\"@id\":\"https:\/\/www.genealogiequebec.com\/blog\/#\/schema\/person\/2a65f5ec6080e351fe68854e5c8b8953\",\"name\":\"Audrey Pepin\",\"image\":{\"@type\":\"ImageObject\",\"inLanguage\":\"fr-FR\",\"@id\":\"https:\/\/www.genealogiequebec.com\/blog\/#\/schema\/person\/image\/\",\"url\":\"https:\/\/secure.gravatar.com\/avatar\/57000fff59769eebb6e80ef324b4ef6dc28a346833c899dfd1bf5a172f8dad24?s=96&d=mm&r=g\",\"contentUrl\":\"https:\/\/secure.gravatar.com\/avatar\/57000fff59769eebb6e80ef324b4ef6dc28a346833c899dfd1bf5a172f8dad24?s=96&d=mm&r=g\",\"caption\":\"Audrey Pepin\"},\"url\":\"https:\/\/www.genealogiequebec.com\/blog\/author\/audrey-pepin\/\"}]}<\/script>\r\n<!-- \/ Yoast SEO plugin. -->","yoast_head_json":{"title":"Les femmes : grandes oubli\u00e9es des arbres g\u00e9n\u00e9alogiques \u2013 Partie 2 - G\u00e9n\u00e9alogie et histoire du Qu\u00e9bec","robots":{"index":"index","follow":"follow","max-snippet":"max-snippet:-1","max-image-preview":"max-image-preview:large","max-video-preview":"max-video-preview:-1"},"canonical":"https:\/\/www.genealogiequebec.com\/blog\/2021\/03\/03\/les-femmes-grandes-oubliees-des-arbres-genealogiques-partie-2\/","og_locale":"fr_FR","og_type":"article","og_title":"Les femmes : grandes oubli\u00e9es des arbres g\u00e9n\u00e9alogiques \u2013 Partie 2 - G\u00e9n\u00e9alogie et histoire du Qu\u00e9bec","og_description":"(Cet article est en 3 parties. Cliquez pour consulter: Partie 1, Partie 3) Dans le pr\u00e9c\u00e9dent article de cette s\u00e9rie, nous avons d\u00e9termin\u00e9 que les femmes sont souvent invisibilis\u00e9es en g\u00e9n\u00e9alogie, notamment parce que les lign\u00e9es patrilin\u00e9aires sont les plus r\u00e9pandues (Jett\u00e9, 1991\u00a0: 110\u00a0; Drouin, 2015) et que les femmes sont peu pr\u00e9sentes dans le &hellip; Continuer la lecture de &laquo;&nbsp;Les femmes : grandes oubli\u00e9es des arbres g\u00e9n\u00e9alogiques \u2013 Partie 2&nbsp;&raquo;","og_url":"https:\/\/www.genealogiequebec.com\/blog\/2021\/03\/03\/les-femmes-grandes-oubliees-des-arbres-genealogiques-partie-2\/","og_site_name":"G\u00e9n\u00e9alogie et histoire du Qu\u00e9bec","article_publisher":"https:\/\/www.facebook.com\/InstitutDrouin","article_published_time":"2021-03-03T17:13:50+00:00","article_modified_time":"2021-05-25T19:01:36+00:00","og_image":[{"url":"https:\/\/www.genealogiequebec.com\/blog\/wp-content\/uploads\/2019\/11\/IGD-large.png","type":"","width":"","height":""}],"author":"Audrey Pepin","twitter_card":"summary_large_image","twitter_creator":"@institutdrouin","twitter_site":"@institutdrouin","twitter_misc":{"\u00c9crit par":"Audrey Pepin","Dur\u00e9e de lecture estim\u00e9e":"9 minutes"},"schema":{"@context":"https:\/\/schema.org","@graph":[{"@type":"Article","@id":"https:\/\/www.genealogiequebec.com\/blog\/2021\/03\/03\/les-femmes-grandes-oubliees-des-arbres-genealogiques-partie-2\/#article","isPartOf":{"@id":"https:\/\/www.genealogiequebec.com\/blog\/2021\/03\/03\/les-femmes-grandes-oubliees-des-arbres-genealogiques-partie-2\/"},"author":{"name":"Audrey Pepin","@id":"https:\/\/www.genealogiequebec.com\/blog\/#\/schema\/person\/2a65f5ec6080e351fe68854e5c8b8953"},"headline":"Les femmes : grandes oubli\u00e9es des arbres g\u00e9n\u00e9alogiques \u2013 Partie 2","datePublished":"2021-03-03T17:13:50+00:00","dateModified":"2021-05-25T19:01:36+00:00","mainEntityOfPage":{"@id":"https:\/\/www.genealogiequebec.com\/blog\/2021\/03\/03\/les-femmes-grandes-oubliees-des-arbres-genealogiques-partie-2\/"},"wordCount":1798,"publisher":{"@id":"https:\/\/www.genealogiequebec.com\/blog\/#organization"},"image":{"@id":"https:\/\/www.genealogiequebec.com\/blog\/2021\/03\/03\/les-femmes-grandes-oubliees-des-arbres-genealogiques-partie-2\/#primaryimage"},"thumbnailUrl":"https:\/\/www.genealogiequebec.com\/blog\/wp-content\/uploads\/2019\/11\/IGD-large.png","articleSection":["Articles"],"inLanguage":"fr-FR"},{"@type":"WebPage","@id":"https:\/\/www.genealogiequebec.com\/blog\/2021\/03\/03\/les-femmes-grandes-oubliees-des-arbres-genealogiques-partie-2\/","url":"https:\/\/www.genealogiequebec.com\/blog\/2021\/03\/03\/les-femmes-grandes-oubliees-des-arbres-genealogiques-partie-2\/","name":"Les femmes : grandes oubli\u00e9es des arbres g\u00e9n\u00e9alogiques \u2013 Partie 2 - G\u00e9n\u00e9alogie et histoire du Qu\u00e9bec","isPartOf":{"@id":"https:\/\/www.genealogiequebec.com\/blog\/#website"},"primaryImageOfPage":{"@id":"https:\/\/www.genealogiequebec.com\/blog\/2021\/03\/03\/les-femmes-grandes-oubliees-des-arbres-genealogiques-partie-2\/#primaryimage"},"image":{"@id":"https:\/\/www.genealogiequebec.com\/blog\/2021\/03\/03\/les-femmes-grandes-oubliees-des-arbres-genealogiques-partie-2\/#primaryimage"},"thumbnailUrl":"https:\/\/www.genealogiequebec.com\/blog\/wp-content\/uploads\/2019\/11\/IGD-large.png","datePublished":"2021-03-03T17:13:50+00:00","dateModified":"2021-05-25T19:01:36+00:00","breadcrumb":{"@id":"https:\/\/www.genealogiequebec.com\/blog\/2021\/03\/03\/les-femmes-grandes-oubliees-des-arbres-genealogiques-partie-2\/#breadcrumb"},"inLanguage":"fr-FR","potentialAction":[{"@type":"ReadAction","target":["https:\/\/www.genealogiequebec.com\/blog\/2021\/03\/03\/les-femmes-grandes-oubliees-des-arbres-genealogiques-partie-2\/"]}]},{"@type":"ImageObject","inLanguage":"fr-FR","@id":"https:\/\/www.genealogiequebec.com\/blog\/2021\/03\/03\/les-femmes-grandes-oubliees-des-arbres-genealogiques-partie-2\/#primaryimage","url":"https:\/\/www.genealogiequebec.com\/blog\/wp-content\/uploads\/2019\/11\/IGD-large.png","contentUrl":"https:\/\/www.genealogiequebec.com\/blog\/wp-content\/uploads\/2019\/11\/IGD-large.png","width":1893,"height":621},{"@type":"BreadcrumbList","@id":"https:\/\/www.genealogiequebec.com\/blog\/2021\/03\/03\/les-femmes-grandes-oubliees-des-arbres-genealogiques-partie-2\/#breadcrumb","itemListElement":[{"@type":"ListItem","position":1,"name":"Accueil","item":"https:\/\/www.genealogiequebec.com\/blog\/"},{"@type":"ListItem","position":2,"name":"Articles","item":"https:\/\/www.genealogiequebec.com\/blog\/category\/articles\/"},{"@type":"ListItem","position":3,"name":"Les femmes : grandes oubli\u00e9es des arbres g\u00e9n\u00e9alogiques \u2013 Partie 2"}]},{"@type":"WebSite","@id":"https:\/\/www.genealogiequebec.com\/blog\/#website","url":"https:\/\/www.genealogiequebec.com\/blog\/","name":"G\u00e9n\u00e9alogie et histoire du Qu\u00e9bec","description":"Le blog de l&#039;institut Drouin","publisher":{"@id":"https:\/\/www.genealogiequebec.com\/blog\/#organization"},"potentialAction":[{"@type":"SearchAction","target":{"@type":"EntryPoint","urlTemplate":"https:\/\/www.genealogiequebec.com\/blog\/?s={search_term_string}"},"query-input":{"@type":"PropertyValueSpecification","valueRequired":true,"valueName":"search_term_string"}}],"inLanguage":"fr-FR"},{"@type":"Organization","@id":"https:\/\/www.genealogiequebec.com\/blog\/#organization","name":"Institut g\u00e9n\u00e9alogique Drouin","url":"https:\/\/www.genealogiequebec.com\/blog\/","logo":{"@type":"ImageObject","inLanguage":"fr-FR","@id":"https:\/\/www.genealogiequebec.com\/blog\/#\/schema\/logo\/image\/","url":"https:\/\/www.genealogiequebec.com\/blog\/wp-content\/uploads\/2019\/11\/IGD-large.png","contentUrl":"https:\/\/www.genealogiequebec.com\/blog\/wp-content\/uploads\/2019\/11\/IGD-large.png","width":1893,"height":621,"caption":"Institut g\u00e9n\u00e9alogique Drouin"},"image":{"@id":"https:\/\/www.genealogiequebec.com\/blog\/#\/schema\/logo\/image\/"},"sameAs":["https:\/\/www.facebook.com\/InstitutDrouin","https:\/\/x.com\/institutdrouin","https:\/\/www.instagram.com\/genealogiequebec\/","https:\/\/www.twitter.com\/institutdrouin"]},{"@type":"Person","@id":"https:\/\/www.genealogiequebec.com\/blog\/#\/schema\/person\/2a65f5ec6080e351fe68854e5c8b8953","name":"Audrey Pepin","image":{"@type":"ImageObject","inLanguage":"fr-FR","@id":"https:\/\/www.genealogiequebec.com\/blog\/#\/schema\/person\/image\/","url":"https:\/\/secure.gravatar.com\/avatar\/57000fff59769eebb6e80ef324b4ef6dc28a346833c899dfd1bf5a172f8dad24?s=96&d=mm&r=g","contentUrl":"https:\/\/secure.gravatar.com\/avatar\/57000fff59769eebb6e80ef324b4ef6dc28a346833c899dfd1bf5a172f8dad24?s=96&d=mm&r=g","caption":"Audrey Pepin"},"url":"https:\/\/www.genealogiequebec.com\/blog\/author\/audrey-pepin\/"}]}},"_links":{"self":[{"href":"https:\/\/www.genealogiequebec.com\/blog\/wp-json\/wp\/v2\/posts\/2056","targetHints":{"allow":["GET"]}}],"collection":[{"href":"https:\/\/www.genealogiequebec.com\/blog\/wp-json\/wp\/v2\/posts"}],"about":[{"href":"https:\/\/www.genealogiequebec.com\/blog\/wp-json\/wp\/v2\/types\/post"}],"author":[{"embeddable":true,"href":"https:\/\/www.genealogiequebec.com\/blog\/wp-json\/wp\/v2\/users\/4"}],"replies":[{"embeddable":true,"href":"https:\/\/www.genealogiequebec.com\/blog\/wp-json\/wp\/v2\/comments?post=2056"}],"version-history":[{"count":15,"href":"https:\/\/www.genealogiequebec.com\/blog\/wp-json\/wp\/v2\/posts\/2056\/revisions"}],"predecessor-version":[{"id":2433,"href":"https:\/\/www.genealogiequebec.com\/blog\/wp-json\/wp\/v2\/posts\/2056\/revisions\/2433"}],"wp:attachment":[{"href":"https:\/\/www.genealogiequebec.com\/blog\/wp-json\/wp\/v2\/media?parent=2056"}],"wp:term":[{"taxonomy":"category","embeddable":true,"href":"https:\/\/www.genealogiequebec.com\/blog\/wp-json\/wp\/v2\/categories?post=2056"},{"taxonomy":"post_tag","embeddable":true,"href":"https:\/\/www.genealogiequebec.com\/blog\/wp-json\/wp\/v2\/tags?post=2056"}],"curies":[{"name":"wp","href":"https:\/\/api.w.org\/{rel}","templated":true}]}}