{"id":2344,"date":"2021-05-03T14:15:24","date_gmt":"2021-05-03T18:15:24","guid":{"rendered":"https:\/\/www.genealogiequebec.com\/blog\/?p=2344\/"},"modified":"2021-05-03T14:15:24","modified_gmt":"2021-05-03T18:15:24","slug":"mise-a-jour-de-la-section-necrologe-sur-genealogie-quebec","status":"publish","type":"post","link":"https:\/\/www.genealogiequebec.com\/blog\/2021\/05\/03\/mise-a-jour-de-la-section-necrologe-sur-genealogie-quebec\/","title":{"rendered":"Mise \u00e0 jour de la section N\u00e9crologe sur G\u00e9n\u00e9alogie Qu\u00e9bec"},"content":{"rendered":"<p><img decoding=\"async\" class=\"size-full wp-image-763 alignnone\" src=\"https:\/\/www.genealogiequebec.com\/blog\/wp-content\/uploads\/2018\/08\/GenealogieQuebecPNGmedium.png\" alt=\"\" width=\"799\" height=\"301\" srcset=\"https:\/\/www.genealogiequebec.com\/blog\/wp-content\/uploads\/2018\/08\/GenealogieQuebecPNGmedium.png 799w, https:\/\/www.genealogiequebec.com\/blog\/wp-content\/uploads\/2018\/08\/GenealogieQuebecPNGmedium-300x113.png 300w, https:\/\/www.genealogiequebec.com\/blog\/wp-content\/uploads\/2018\/08\/GenealogieQuebecPNGmedium-768x289.png 768w\" sizes=\"(max-width: 767px) 89vw, (max-width: 1000px) 54vw, (max-width: 1071px) 543px, 580px\" \/>Les ajouts se poursuivent sur\u00a0<a href=\"https:\/\/www.genealogiequebec.com\/fr\/\" target=\"_blank\" rel=\"noopener\">G\u00e9n\u00e9alogie Qu\u00e9bec<\/a>! Cette fois dans la section N\u00e9crologe, qui regroupe tous les avis de d\u00e9c\u00e8s, cartes mortuaires et pierres tombales disponibles sur le site.<\/p>\n<h1 class=\"null\">Cartes mortuaires<\/h1>\n<p><strong>5 350<\/strong>\u00a0cartes mortuaires ont \u00e9t\u00e9 ajout\u00e9es dans la section du m\u00eame nom, qui contient maintenant un total de\u00a0<strong>97 802<\/strong>\u00a0cartes.<br \/>\nCet outil vous permet de rechercher une carte par nom ou pr\u00e9nom du d\u00e9funt ainsi que par la date de d\u00e9c\u00e8s.<\/p>\n<p><a href=\"https:\/\/mcusercontent.com\/2b0f8252c19c3cd9706a29323\/images\/1a205424-a6e6-4e86-b7db-6280bb0fbc0c.png\" target=\"_blank\" rel=\"noopener\"><img decoding=\"async\" src=\"https:\/\/mcusercontent.com\/2b0f8252c19c3cd9706a29323\/images\/1a205424-a6e6-4e86-b7db-6280bb0fbc0c.png\" width=\"564\" height=\"452\" data-file-id=\"1537734\" \/><\/a><\/p>\n<p>La plupart de ces cartes portent sur des individus d\u00e9c\u00e9d\u00e9s au Qu\u00e9bec entre 1860 et aujourd&rsquo;hui.<br \/>\nVous pouvez consulter cet outil avec un\u00a0<a href=\"https:\/\/www.genealogiequebec.com\/fr\/subscription\" target=\"_blank\" rel=\"noopener\">abonnement<\/a>\u00a0\u00e0 G\u00e9n\u00e9alogie Qu\u00e9bec\u00a0<a href=\"https:\/\/www.genealogiequebec.com\/membership\/fr\/cartes-mortuaires\" target=\"_blank\" rel=\"noopener\">\u00e0 cette adresse<\/a>.<\/p>\n<h1 class=\"null\">Avis de d\u00e9c\u00e8s internet<\/h1>\n<p>Le cap des\u00a0<strong>2 600 000<\/strong>\u00a0avis de d\u00e9c\u00e8s est sur le point d&rsquo;\u00eatre franchi dans la section\u00a0<em>Avis de d\u00e9c\u00e8s internet.<\/em><em>\u00a0<\/em>Comme son nom l&rsquo;indique, cette section contient des n\u00e9crologies provenant de diverses sources en ligne et couvre l&rsquo;enti\u00e8ret\u00e9 du Canada de 1999 \u00e0 aujourd&rsquo;hui.<\/p>\n<p><a href=\"https:\/\/mcusercontent.com\/2b0f8252c19c3cd9706a29323\/images\/0b06d56b-dd70-4a91-ac58-8d7d72e9a6d7.png\" target=\"_blank\" rel=\"noopener\"><img decoding=\"async\" src=\"https:\/\/mcusercontent.com\/2b0f8252c19c3cd9706a29323\/images\/0b06d56b-dd70-4a91-ac58-8d7d72e9a6d7.png\" width=\"564\" height=\"693\" data-file-id=\"1537742\" \/><\/a><\/p>\n<p>Cette collection est mise \u00e0 jour de mani\u00e8re mensuelle et est \u00e9quip\u00e9e d&rsquo;un engin de recherche vous permettant de parcourir les n\u00e9crologies par nom, date, ou via le texte de la notice.<\/p>\n<p><a href=\"https:\/\/mcusercontent.com\/2b0f8252c19c3cd9706a29323\/images\/47d2186b-871f-4a6b-bc09-ee59c9202960.png\" target=\"_blank\" rel=\"noopener\"><img decoding=\"async\" src=\"https:\/\/mcusercontent.com\/2b0f8252c19c3cd9706a29323\/images\/47d2186b-871f-4a6b-bc09-ee59c9202960.png\" width=\"564\" height=\"498\" data-file-id=\"1537738\" \/><\/a><\/p>\n<p>Ces documents peuvent \u00eatre consult\u00e9s dans la section N\u00e9crologe, ou vous trouverez aussi, en plus des cartes mortuaires et des avis de d\u00e9c\u00e8s internet,\u00a0<strong>710<\/strong>\u00a0<strong>000<\/strong>\u00a0photos de pierres tombales index\u00e9es et\u00a0<strong>1<\/strong>\u00a0<strong>250<\/strong>\u00a0<strong>000<\/strong>\u00a0n\u00e9crologies provenant de journaux du Qu\u00e9bec et de l&rsquo;Ontario.<br \/>\nPour plus d&rsquo;information \u00e0 propos de la section N\u00e9crologe, vous pouvez consulter le\u00a0<a href=\"https:\/\/www.genealogiequebec.com\/blog\/2017\/10\/02\/la-section-necrologe\/\" target=\"_blank\" rel=\"noopener\">blog de l&rsquo;Institut Drouin<\/a>.<\/p>\n<p>Abonnez-vous \u00e0 G\u00e9n\u00e9alogie Qu\u00e9bec afin d&rsquo;avoir acc\u00e8s \u00e0 la section N\u00e9crologe ainsi qu&rsquo;\u00e0 14 autres outils totalisant pr\u00e8s de\u00a0<strong>47 millions<\/strong>\u00a0d&rsquo;images et de fiches!<\/p>\n<p><a href=\"https:\/\/www.genealogiequebec.com\/fr\/subscription\"><img decoding=\"async\" class=\"aligncenter size-full wp-image-1725\" src=\"https:\/\/www.genealogiequebec.com\/blog\/wp-content\/uploads\/2020\/06\/sabonner-contour.png\" alt=\"\" width=\"296\" height=\"63\" \/><\/a><\/p>\n<p>G\u00e9n\u00e9alogiquement v\u00f4tre,<\/p>\n<p>L&rsquo;\u00e9quipe Drouin<\/p>\n","protected":false},"excerpt":{"rendered":"<p>Les ajouts se poursuivent sur\u00a0G\u00e9n\u00e9alogie Qu\u00e9bec! Cette fois dans la section N\u00e9crologe, qui regroupe tous les avis de d\u00e9c\u00e8s, cartes mortuaires et pierres tombales disponibles sur le site. Cartes mortuaires 5 350\u00a0cartes mortuaires ont \u00e9t\u00e9 ajout\u00e9es dans la section du m\u00eame nom, qui contient maintenant un total de\u00a097 802\u00a0cartes. Cet outil vous permet de rechercher &hellip; <\/p>\n<p class=\"link-more\"><a href=\"https:\/\/www.genealogiequebec.com\/blog\/2021\/05\/03\/mise-a-jour-de-la-section-necrologe-sur-genealogie-quebec\/\" class=\"more-link\">Continuer la lecture<span class=\"screen-reader-text\"> de &laquo;&nbsp;Mise \u00e0 jour de la section N\u00e9crologe sur G\u00e9n\u00e9alogie Qu\u00e9bec&nbsp;&raquo;<\/span><\/a><\/p>\n","protected":false},"author":1,"featured_media":0,"comment_status":"closed","ping_status":"open","sticky":false,"template":"","format":"standard","meta":{"footnotes":""},"categories":[4],"tags":[],"class_list":["post-2344","post","type-post","status-publish","format-standard","hentry","category-infolettres"],"yoast_head":"<!-- This site is optimized with the Yoast SEO plugin v26.9 - https:\/\/yoast.com\/product\/yoast-seo-wordpress\/ -->\r\n<title>Mise \u00e0 jour de la section N\u00e9crologe sur G\u00e9n\u00e9alogie Qu\u00e9bec - G\u00e9n\u00e9alogie et histoire du Qu\u00e9bec<\/title>\r\n<meta name=\"robots\" content=\"index, follow, max-snippet:-1, max-image-preview:large, max-video-preview:-1\" \/>\r\n<link rel=\"canonical\" href=\"https:\/\/www.genealogiequebec.com\/blog\/2021\/05\/03\/mise-a-jour-de-la-section-necrologe-sur-genealogie-quebec\/\" \/>\r\n<meta property=\"og:locale\" content=\"fr_FR\" \/>\r\n<meta property=\"og:type\" content=\"article\" \/>\r\n<meta property=\"og:title\" content=\"Mise \u00e0 jour de la section N\u00e9crologe sur G\u00e9n\u00e9alogie Qu\u00e9bec - G\u00e9n\u00e9alogie et histoire du Qu\u00e9bec\" \/>\r\n<meta property=\"og:description\" content=\"Les ajouts se poursuivent sur\u00a0G\u00e9n\u00e9alogie Qu\u00e9bec! Cette fois dans la section N\u00e9crologe, qui regroupe tous les avis de d\u00e9c\u00e8s, cartes mortuaires et pierres tombales disponibles sur le site. Cartes mortuaires 5 350\u00a0cartes mortuaires ont \u00e9t\u00e9 ajout\u00e9es dans la section du m\u00eame nom, qui contient maintenant un total de\u00a097 802\u00a0cartes. Cet outil vous permet de rechercher &hellip; Continuer la lecture de &laquo;&nbsp;Mise \u00e0 jour de la section N\u00e9crologe sur G\u00e9n\u00e9alogie Qu\u00e9bec&nbsp;&raquo;\" \/>\r\n<meta property=\"og:url\" content=\"https:\/\/www.genealogiequebec.com\/blog\/2021\/05\/03\/mise-a-jour-de-la-section-necrologe-sur-genealogie-quebec\/\" \/>\r\n<meta property=\"og:site_name\" content=\"G\u00e9n\u00e9alogie et histoire du Qu\u00e9bec\" \/>\r\n<meta property=\"article:publisher\" content=\"https:\/\/www.facebook.com\/InstitutDrouin\" \/>\r\n<meta property=\"article:published_time\" content=\"2021-05-03T18:15:24+00:00\" \/>\r\n<meta property=\"og:image\" content=\"https:\/\/www.genealogiequebec.com\/blog\/wp-content\/uploads\/2018\/08\/GenealogieQuebecPNGmedium.png\" \/>\r\n<meta name=\"author\" content=\"Institut Drouin\" \/>\r\n<meta name=\"twitter:card\" content=\"summary_large_image\" \/>\r\n<meta name=\"twitter:creator\" content=\"@institutdrouin\" \/>\r\n<meta name=\"twitter:site\" content=\"@institutdrouin\" \/>\r\n<meta name=\"twitter:label1\" content=\"\u00c9crit par\" \/>\n\t<meta name=\"twitter:data1\" content=\"Institut Drouin\" \/>\n\t<meta name=\"twitter:label2\" content=\"Dur\u00e9e de lecture estim\u00e9e\" \/>\n\t<meta name=\"twitter:data2\" content=\"2 minutes\" \/>\r\n<script type=\"application\/ld+json\" class=\"yoast-schema-graph\">{\"@context\":\"https:\/\/schema.org\",\"@graph\":[{\"@type\":\"Article\",\"@id\":\"https:\/\/www.genealogiequebec.com\/blog\/2021\/05\/03\/mise-a-jour-de-la-section-necrologe-sur-genealogie-quebec\/#article\",\"isPartOf\":{\"@id\":\"https:\/\/www.genealogiequebec.com\/blog\/2021\/05\/03\/mise-a-jour-de-la-section-necrologe-sur-genealogie-quebec\/\"},\"author\":{\"name\":\"Institut Drouin\",\"@id\":\"https:\/\/www.genealogiequebec.com\/blog\/#\/schema\/person\/f1083726f11d1f2b6ead79ec5850ca06\"},\"headline\":\"Mise \u00e0 jour de la section N\u00e9crologe sur G\u00e9n\u00e9alogie Qu\u00e9bec\",\"datePublished\":\"2021-05-03T18:15:24+00:00\",\"mainEntityOfPage\":{\"@id\":\"https:\/\/www.genealogiequebec.com\/blog\/2021\/05\/03\/mise-a-jour-de-la-section-necrologe-sur-genealogie-quebec\/\"},\"wordCount\":315,\"publisher\":{\"@id\":\"https:\/\/www.genealogiequebec.com\/blog\/#organization\"},\"image\":{\"@id\":\"https:\/\/www.genealogiequebec.com\/blog\/2021\/05\/03\/mise-a-jour-de-la-section-necrologe-sur-genealogie-quebec\/#primaryimage\"},\"thumbnailUrl\":\"https:\/\/www.genealogiequebec.com\/blog\/wp-content\/uploads\/2018\/08\/GenealogieQuebecPNGmedium.png\",\"articleSection\":[\"Infolettres\"],\"inLanguage\":\"fr-FR\"},{\"@type\":\"WebPage\",\"@id\":\"https:\/\/www.genealogiequebec.com\/blog\/2021\/05\/03\/mise-a-jour-de-la-section-necrologe-sur-genealogie-quebec\/\",\"url\":\"https:\/\/www.genealogiequebec.com\/blog\/2021\/05\/03\/mise-a-jour-de-la-section-necrologe-sur-genealogie-quebec\/\",\"name\":\"Mise \u00e0 jour de la section N\u00e9crologe sur G\u00e9n\u00e9alogie Qu\u00e9bec - G\u00e9n\u00e9alogie et histoire du Qu\u00e9bec\",\"isPartOf\":{\"@id\":\"https:\/\/www.genealogiequebec.com\/blog\/#website\"},\"primaryImageOfPage\":{\"@id\":\"https:\/\/www.genealogiequebec.com\/blog\/2021\/05\/03\/mise-a-jour-de-la-section-necrologe-sur-genealogie-quebec\/#primaryimage\"},\"image\":{\"@id\":\"https:\/\/www.genealogiequebec.com\/blog\/2021\/05\/03\/mise-a-jour-de-la-section-necrologe-sur-genealogie-quebec\/#primaryimage\"},\"thumbnailUrl\":\"https:\/\/www.genealogiequebec.com\/blog\/wp-content\/uploads\/2018\/08\/GenealogieQuebecPNGmedium.png\",\"datePublished\":\"2021-05-03T18:15:24+00:00\",\"breadcrumb\":{\"@id\":\"https:\/\/www.genealogiequebec.com\/blog\/2021\/05\/03\/mise-a-jour-de-la-section-necrologe-sur-genealogie-quebec\/#breadcrumb\"},\"inLanguage\":\"fr-FR\",\"potentialAction\":[{\"@type\":\"ReadAction\",\"target\":[\"https:\/\/www.genealogiequebec.com\/blog\/2021\/05\/03\/mise-a-jour-de-la-section-necrologe-sur-genealogie-quebec\/\"]}]},{\"@type\":\"ImageObject\",\"inLanguage\":\"fr-FR\",\"@id\":\"https:\/\/www.genealogiequebec.com\/blog\/2021\/05\/03\/mise-a-jour-de-la-section-necrologe-sur-genealogie-quebec\/#primaryimage\",\"url\":\"https:\/\/www.genealogiequebec.com\/blog\/wp-content\/uploads\/2018\/08\/GenealogieQuebecPNGmedium.png\",\"contentUrl\":\"https:\/\/www.genealogiequebec.com\/blog\/wp-content\/uploads\/2018\/08\/GenealogieQuebecPNGmedium.png\",\"width\":799,\"height\":301},{\"@type\":\"BreadcrumbList\",\"@id\":\"https:\/\/www.genealogiequebec.com\/blog\/2021\/05\/03\/mise-a-jour-de-la-section-necrologe-sur-genealogie-quebec\/#breadcrumb\",\"itemListElement\":[{\"@type\":\"ListItem\",\"position\":1,\"name\":\"Accueil\",\"item\":\"https:\/\/www.genealogiequebec.com\/blog\/\"},{\"@type\":\"ListItem\",\"position\":2,\"name\":\"Infolettres\",\"item\":\"https:\/\/www.genealogiequebec.com\/blog\/category\/infolettres\/\"},{\"@type\":\"ListItem\",\"position\":3,\"name\":\"Mise \u00e0 jour de la section N\u00e9crologe sur G\u00e9n\u00e9alogie Qu\u00e9bec\"}]},{\"@type\":\"WebSite\",\"@id\":\"https:\/\/www.genealogiequebec.com\/blog\/#website\",\"url\":\"https:\/\/www.genealogiequebec.com\/blog\/\",\"name\":\"G\u00e9n\u00e9alogie et histoire du Qu\u00e9bec\",\"description\":\"Le blog de l&#039;institut Drouin\",\"publisher\":{\"@id\":\"https:\/\/www.genealogiequebec.com\/blog\/#organization\"},\"potentialAction\":[{\"@type\":\"SearchAction\",\"target\":{\"@type\":\"EntryPoint\",\"urlTemplate\":\"https:\/\/www.genealogiequebec.com\/blog\/?s={search_term_string}\"},\"query-input\":{\"@type\":\"PropertyValueSpecification\",\"valueRequired\":true,\"valueName\":\"search_term_string\"}}],\"inLanguage\":\"fr-FR\"},{\"@type\":\"Organization\",\"@id\":\"https:\/\/www.genealogiequebec.com\/blog\/#organization\",\"name\":\"Institut g\u00e9n\u00e9alogique Drouin\",\"url\":\"https:\/\/www.genealogiequebec.com\/blog\/\",\"logo\":{\"@type\":\"ImageObject\",\"inLanguage\":\"fr-FR\",\"@id\":\"https:\/\/www.genealogiequebec.com\/blog\/#\/schema\/logo\/image\/\",\"url\":\"https:\/\/www.genealogiequebec.com\/blog\/wp-content\/uploads\/2019\/11\/IGD-large.png\",\"contentUrl\":\"https:\/\/www.genealogiequebec.com\/blog\/wp-content\/uploads\/2019\/11\/IGD-large.png\",\"width\":1893,\"height\":621,\"caption\":\"Institut g\u00e9n\u00e9alogique Drouin\"},\"image\":{\"@id\":\"https:\/\/www.genealogiequebec.com\/blog\/#\/schema\/logo\/image\/\"},\"sameAs\":[\"https:\/\/www.facebook.com\/InstitutDrouin\",\"https:\/\/x.com\/institutdrouin\",\"https:\/\/www.instagram.com\/genealogiequebec\/\",\"https:\/\/www.twitter.com\/institutdrouin\"]},{\"@type\":\"Person\",\"@id\":\"https:\/\/www.genealogiequebec.com\/blog\/#\/schema\/person\/f1083726f11d1f2b6ead79ec5850ca06\",\"name\":\"Institut Drouin\",\"image\":{\"@type\":\"ImageObject\",\"inLanguage\":\"fr-FR\",\"@id\":\"https:\/\/www.genealogiequebec.com\/blog\/#\/schema\/person\/image\/\",\"url\":\"https:\/\/secure.gravatar.com\/avatar\/8033ce23576b31b989429c1527bd70a807bbbe88e14f28a4bc5d8892d0bc4e54?s=96&d=mm&r=g\",\"contentUrl\":\"https:\/\/secure.gravatar.com\/avatar\/8033ce23576b31b989429c1527bd70a807bbbe88e14f28a4bc5d8892d0bc4e54?s=96&d=mm&r=g\",\"caption\":\"Institut Drouin\"},\"url\":\"https:\/\/www.genealogiequebec.com\/blog\/author\/institutdrouin\/\"}]}<\/script>\r\n<!-- \/ Yoast SEO plugin. -->","yoast_head_json":{"title":"Mise \u00e0 jour de la section N\u00e9crologe sur G\u00e9n\u00e9alogie Qu\u00e9bec - G\u00e9n\u00e9alogie et histoire du Qu\u00e9bec","robots":{"index":"index","follow":"follow","max-snippet":"max-snippet:-1","max-image-preview":"max-image-preview:large","max-video-preview":"max-video-preview:-1"},"canonical":"https:\/\/www.genealogiequebec.com\/blog\/2021\/05\/03\/mise-a-jour-de-la-section-necrologe-sur-genealogie-quebec\/","og_locale":"fr_FR","og_type":"article","og_title":"Mise \u00e0 jour de la section N\u00e9crologe sur G\u00e9n\u00e9alogie Qu\u00e9bec - G\u00e9n\u00e9alogie et histoire du Qu\u00e9bec","og_description":"Les ajouts se poursuivent sur\u00a0G\u00e9n\u00e9alogie Qu\u00e9bec! Cette fois dans la section N\u00e9crologe, qui regroupe tous les avis de d\u00e9c\u00e8s, cartes mortuaires et pierres tombales disponibles sur le site. Cartes mortuaires 5 350\u00a0cartes mortuaires ont \u00e9t\u00e9 ajout\u00e9es dans la section du m\u00eame nom, qui contient maintenant un total de\u00a097 802\u00a0cartes. Cet outil vous permet de rechercher &hellip; Continuer la lecture de &laquo;&nbsp;Mise \u00e0 jour de la section N\u00e9crologe sur G\u00e9n\u00e9alogie Qu\u00e9bec&nbsp;&raquo;","og_url":"https:\/\/www.genealogiequebec.com\/blog\/2021\/05\/03\/mise-a-jour-de-la-section-necrologe-sur-genealogie-quebec\/","og_site_name":"G\u00e9n\u00e9alogie et histoire du Qu\u00e9bec","article_publisher":"https:\/\/www.facebook.com\/InstitutDrouin","article_published_time":"2021-05-03T18:15:24+00:00","og_image":[{"url":"https:\/\/www.genealogiequebec.com\/blog\/wp-content\/uploads\/2018\/08\/GenealogieQuebecPNGmedium.png","type":"","width":"","height":""}],"author":"Institut Drouin","twitter_card":"summary_large_image","twitter_creator":"@institutdrouin","twitter_site":"@institutdrouin","twitter_misc":{"\u00c9crit par":"Institut Drouin","Dur\u00e9e de lecture estim\u00e9e":"2 minutes"},"schema":{"@context":"https:\/\/schema.org","@graph":[{"@type":"Article","@id":"https:\/\/www.genealogiequebec.com\/blog\/2021\/05\/03\/mise-a-jour-de-la-section-necrologe-sur-genealogie-quebec\/#article","isPartOf":{"@id":"https:\/\/www.genealogiequebec.com\/blog\/2021\/05\/03\/mise-a-jour-de-la-section-necrologe-sur-genealogie-quebec\/"},"author":{"name":"Institut Drouin","@id":"https:\/\/www.genealogiequebec.com\/blog\/#\/schema\/person\/f1083726f11d1f2b6ead79ec5850ca06"},"headline":"Mise \u00e0 jour de la section N\u00e9crologe sur G\u00e9n\u00e9alogie Qu\u00e9bec","datePublished":"2021-05-03T18:15:24+00:00","mainEntityOfPage":{"@id":"https:\/\/www.genealogiequebec.com\/blog\/2021\/05\/03\/mise-a-jour-de-la-section-necrologe-sur-genealogie-quebec\/"},"wordCount":315,"publisher":{"@id":"https:\/\/www.genealogiequebec.com\/blog\/#organization"},"image":{"@id":"https:\/\/www.genealogiequebec.com\/blog\/2021\/05\/03\/mise-a-jour-de-la-section-necrologe-sur-genealogie-quebec\/#primaryimage"},"thumbnailUrl":"https:\/\/www.genealogiequebec.com\/blog\/wp-content\/uploads\/2018\/08\/GenealogieQuebecPNGmedium.png","articleSection":["Infolettres"],"inLanguage":"fr-FR"},{"@type":"WebPage","@id":"https:\/\/www.genealogiequebec.com\/blog\/2021\/05\/03\/mise-a-jour-de-la-section-necrologe-sur-genealogie-quebec\/","url":"https:\/\/www.genealogiequebec.com\/blog\/2021\/05\/03\/mise-a-jour-de-la-section-necrologe-sur-genealogie-quebec\/","name":"Mise \u00e0 jour de la section N\u00e9crologe sur G\u00e9n\u00e9alogie Qu\u00e9bec - G\u00e9n\u00e9alogie et histoire du Qu\u00e9bec","isPartOf":{"@id":"https:\/\/www.genealogiequebec.com\/blog\/#website"},"primaryImageOfPage":{"@id":"https:\/\/www.genealogiequebec.com\/blog\/2021\/05\/03\/mise-a-jour-de-la-section-necrologe-sur-genealogie-quebec\/#primaryimage"},"image":{"@id":"https:\/\/www.genealogiequebec.com\/blog\/2021\/05\/03\/mise-a-jour-de-la-section-necrologe-sur-genealogie-quebec\/#primaryimage"},"thumbnailUrl":"https:\/\/www.genealogiequebec.com\/blog\/wp-content\/uploads\/2018\/08\/GenealogieQuebecPNGmedium.png","datePublished":"2021-05-03T18:15:24+00:00","breadcrumb":{"@id":"https:\/\/www.genealogiequebec.com\/blog\/2021\/05\/03\/mise-a-jour-de-la-section-necrologe-sur-genealogie-quebec\/#breadcrumb"},"inLanguage":"fr-FR","potentialAction":[{"@type":"ReadAction","target":["https:\/\/www.genealogiequebec.com\/blog\/2021\/05\/03\/mise-a-jour-de-la-section-necrologe-sur-genealogie-quebec\/"]}]},{"@type":"ImageObject","inLanguage":"fr-FR","@id":"https:\/\/www.genealogiequebec.com\/blog\/2021\/05\/03\/mise-a-jour-de-la-section-necrologe-sur-genealogie-quebec\/#primaryimage","url":"https:\/\/www.genealogiequebec.com\/blog\/wp-content\/uploads\/2018\/08\/GenealogieQuebecPNGmedium.png","contentUrl":"https:\/\/www.genealogiequebec.com\/blog\/wp-content\/uploads\/2018\/08\/GenealogieQuebecPNGmedium.png","width":799,"height":301},{"@type":"BreadcrumbList","@id":"https:\/\/www.genealogiequebec.com\/blog\/2021\/05\/03\/mise-a-jour-de-la-section-necrologe-sur-genealogie-quebec\/#breadcrumb","itemListElement":[{"@type":"ListItem","position":1,"name":"Accueil","item":"https:\/\/www.genealogiequebec.com\/blog\/"},{"@type":"ListItem","position":2,"name":"Infolettres","item":"https:\/\/www.genealogiequebec.com\/blog\/category\/infolettres\/"},{"@type":"ListItem","position":3,"name":"Mise \u00e0 jour de la section N\u00e9crologe sur G\u00e9n\u00e9alogie Qu\u00e9bec"}]},{"@type":"WebSite","@id":"https:\/\/www.genealogiequebec.com\/blog\/#website","url":"https:\/\/www.genealogiequebec.com\/blog\/","name":"G\u00e9n\u00e9alogie et histoire du Qu\u00e9bec","description":"Le blog de l&#039;institut Drouin","publisher":{"@id":"https:\/\/www.genealogiequebec.com\/blog\/#organization"},"potentialAction":[{"@type":"SearchAction","target":{"@type":"EntryPoint","urlTemplate":"https:\/\/www.genealogiequebec.com\/blog\/?s={search_term_string}"},"query-input":{"@type":"PropertyValueSpecification","valueRequired":true,"valueName":"search_term_string"}}],"inLanguage":"fr-FR"},{"@type":"Organization","@id":"https:\/\/www.genealogiequebec.com\/blog\/#organization","name":"Institut g\u00e9n\u00e9alogique Drouin","url":"https:\/\/www.genealogiequebec.com\/blog\/","logo":{"@type":"ImageObject","inLanguage":"fr-FR","@id":"https:\/\/www.genealogiequebec.com\/blog\/#\/schema\/logo\/image\/","url":"https:\/\/www.genealogiequebec.com\/blog\/wp-content\/uploads\/2019\/11\/IGD-large.png","contentUrl":"https:\/\/www.genealogiequebec.com\/blog\/wp-content\/uploads\/2019\/11\/IGD-large.png","width":1893,"height":621,"caption":"Institut g\u00e9n\u00e9alogique Drouin"},"image":{"@id":"https:\/\/www.genealogiequebec.com\/blog\/#\/schema\/logo\/image\/"},"sameAs":["https:\/\/www.facebook.com\/InstitutDrouin","https:\/\/x.com\/institutdrouin","https:\/\/www.instagram.com\/genealogiequebec\/","https:\/\/www.twitter.com\/institutdrouin"]},{"@type":"Person","@id":"https:\/\/www.genealogiequebec.com\/blog\/#\/schema\/person\/f1083726f11d1f2b6ead79ec5850ca06","name":"Institut Drouin","image":{"@type":"ImageObject","inLanguage":"fr-FR","@id":"https:\/\/www.genealogiequebec.com\/blog\/#\/schema\/person\/image\/","url":"https:\/\/secure.gravatar.com\/avatar\/8033ce23576b31b989429c1527bd70a807bbbe88e14f28a4bc5d8892d0bc4e54?s=96&d=mm&r=g","contentUrl":"https:\/\/secure.gravatar.com\/avatar\/8033ce23576b31b989429c1527bd70a807bbbe88e14f28a4bc5d8892d0bc4e54?s=96&d=mm&r=g","caption":"Institut Drouin"},"url":"https:\/\/www.genealogiequebec.com\/blog\/author\/institutdrouin\/"}]}},"_links":{"self":[{"href":"https:\/\/www.genealogiequebec.com\/blog\/wp-json\/wp\/v2\/posts\/2344","targetHints":{"allow":["GET"]}}],"collection":[{"href":"https:\/\/www.genealogiequebec.com\/blog\/wp-json\/wp\/v2\/posts"}],"about":[{"href":"https:\/\/www.genealogiequebec.com\/blog\/wp-json\/wp\/v2\/types\/post"}],"author":[{"embeddable":true,"href":"https:\/\/www.genealogiequebec.com\/blog\/wp-json\/wp\/v2\/users\/1"}],"replies":[{"embeddable":true,"href":"https:\/\/www.genealogiequebec.com\/blog\/wp-json\/wp\/v2\/comments?post=2344"}],"version-history":[{"count":4,"href":"https:\/\/www.genealogiequebec.com\/blog\/wp-json\/wp\/v2\/posts\/2344\/revisions"}],"predecessor-version":[{"id":2350,"href":"https:\/\/www.genealogiequebec.com\/blog\/wp-json\/wp\/v2\/posts\/2344\/revisions\/2350"}],"wp:attachment":[{"href":"https:\/\/www.genealogiequebec.com\/blog\/wp-json\/wp\/v2\/media?parent=2344"}],"wp:term":[{"taxonomy":"category","embeddable":true,"href":"https:\/\/www.genealogiequebec.com\/blog\/wp-json\/wp\/v2\/categories?post=2344"},{"taxonomy":"post_tag","embeddable":true,"href":"https:\/\/www.genealogiequebec.com\/blog\/wp-json\/wp\/v2\/tags?post=2344"}],"curies":[{"name":"wp","href":"https:\/\/api.w.org\/{rel}","templated":true}]}}