{"id":24,"date":"2017-09-18T19:07:29","date_gmt":"2017-09-18T17:07:29","guid":{"rendered":"https:\/\/www.genealogiequebec.com\/blog\/?p=24"},"modified":"2017-09-18T19:07:29","modified_gmt":"2017-09-18T17:07:29","slug":"enfant-adopte-retrouver-ses-racines-est-il-possible","status":"publish","type":"post","link":"https:\/\/www.genealogiequebec.com\/blog\/2017\/09\/18\/enfant-adopte-retrouver-ses-racines-est-il-possible\/","title":{"rendered":"Enfant adopt\u00e9: retrouver ses racines est-il possible?"},"content":{"rendered":"<p><span style=\"font-weight: 400;\">La qu\u00eate des origines est un besoin ressenti par de nombreux \u00eatres humains. Il est tout \u00e0 fait sain de vouloir comprendre d&rsquo;o\u00f9 l&rsquo;on vient. Dans le cas d&rsquo;une personne adopt\u00e9e, cette inclinaison est encore plus forte. Car m\u00eame lorsqu&rsquo;on a \u00e9t\u00e9 adopt\u00e9 par une famille aimante, il reste \u00e0 retracer plusieurs morceaux du casse-t\u00eate pour savoir qui l&rsquo;on est et d&rsquo;o\u00f9 l&rsquo;on vient.<\/span><\/p>\n<p><span style=\"font-weight: 400;\">La g\u00e9n\u00e9alogie d&rsquo;une personne adopt\u00e9e peut lui servir \u00e0 mieux comprendre son histoire, mais aussi \u00e0 conna\u00eetre ses pr\u00e9dispositions g\u00e9n\u00e9tiques. Il y a donc plusieurs raisons pour lesquelles celle-ci pourrait vouloir retrouver ses racines familiales biologiques.<\/span><\/p>\n<h3><span style=\"font-weight: 400;\">Anc\u00eatres d&rsquo;une personne adopt\u00e9e: comment les retracer?<\/span><\/h3>\n<p><span style=\"font-weight: 400;\">On a tous en t\u00eate des \u00e9missions de retrouvailles et des documentaires o\u00f9 une personne adopt\u00e9e trouve des informations sur sa famille biologique. Ces portraits illustrent des parcours assez compliqu\u00e9s, mais qui finissent g\u00e9n\u00e9ralement par porter fruit. La plupart des personnes adopt\u00e9es ont acc\u00e8s \u00e0 quelques documents de base, ceux qui ont \u00e9t\u00e9 remis \u00e0 leur famille d&rsquo;adoption. Ces papiers peuvent leur \u00eatre utiles mais bien souvent, cela ne repr\u00e9sente que la base des informations n\u00e9cessaires pour aller plus loin.<\/span><\/p>\n<p><span style=\"font-weight: 400;\">Il faut aussi savoir que chaque cas est diff\u00e9rent. Certaines personnes adopt\u00e9es ont gard\u00e9 contact avec leurs parents biologiques alors que d&rsquo;autres n&rsquo;ont m\u00eame pas id\u00e9e du nom de ceux-ci. \u00c9videmment, plus il y a d&rsquo;information et de liens qui demeurent, plus la recherche sera simplifi\u00e9e.<\/span><\/p>\n<p><span style=\"font-weight: 400;\">De surcro\u00eet, il est important de faire une distinction entre les personnes adopt\u00e9es au Qu\u00e9bec et celles qui proviennent d&rsquo;un pays \u00e9tranger. En effet, les d\u00e9marches sont bien diff\u00e9rentes pour ceux qui sont n\u00e9s ici que pour ceux qui sont arriv\u00e9s d&rsquo;un autre pays.<\/span><\/p>\n<h3><span style=\"font-weight: 400;\">Retrouver ses anc\u00eatres lorsqu&rsquo;on a \u00e9t\u00e9 adopt\u00e9 au Qu\u00e9bec<\/span><\/h3>\n<p><span style=\"font-weight: 400;\">Pour question de proximit\u00e9, il peut \u00eatre plus facile de retracer la g\u00e9n\u00e9alogie de la famille biologique d&rsquo;une personne adoptive lorsque celle-ci est n\u00e9e au Qu\u00e9bec. Cependant, il y a de gros b\u00e9mols \u00e0 cette affirmation car pendant longtemps, les associations et orphelinats qui s&rsquo;occupaient des adoptions remettaient peu d\u2019informations pr\u00e9cises permettant d&rsquo;identifier les parents. <\/span><\/p>\n<p><span style=\"font-weight: 400;\">Les parents biologiques ont aussi le droit de signer un refus pour rencontrer et renouer avec les enfants qu&rsquo;ils ont mis en adoption. Ces deux faits peuvent donc mettre des b\u00e2tons dans les roues des personnes dans cette situation qui souhaite renouer avec leurs origines.<\/span><\/p>\n<p><span style=\"font-weight: 400;\">Les lois sont en train de changer afin de faciliter la mise en contact des personnes adopt\u00e9es avec leurs parents biologiques. Il faut donc rester \u00e0 l&rsquo;aff\u00fbt de ces modifications pour conna\u00eetre la marche \u00e0 suivre lors du contact initial. En g\u00e9n\u00e9ral, tout est question de consentement et d&rsquo;ouverture de part et d&rsquo;autre. Le Centre jeunesse de la r\u00e9gion o\u00f9 a eu lieu l&rsquo;adoption pourra contribuer \u00e0 la recherche de renseignements et guider la personne dans sa qu\u00eate.<\/span><\/p>\n<p><span style=\"font-weight: 400;\">Une fois que la personne a acc\u00e8s \u00e0 plus d&rsquo;information, ou si c&rsquo;\u00e9tait d\u00e9j\u00e0 le cas \u00e0 la base, il est possible de consulter des registres disponibles en ligne. Ces registres permettent de construire un arbre g\u00e9n\u00e9alogique en consultant les actes de mariage, de naissance et de d\u00e9c\u00e8s. Les soci\u00e9t\u00e9s d\u2019histoire r\u00e9gionales peuvent aussi \u00eatre des endroits tr\u00e8s utiles pour trouver des archives contenant de l\u2019information de cette nature.<\/span><\/p>\n<p><span style=\"font-weight: 400;\">Finalement, ceux qui pr\u00e9f\u00e8rent confier le travail \u00e0 quelqu\u2019un d\u2019autre pourront faire appel \u00e0 un sp\u00e9cialiste de la g\u00e9n\u00e9alogie qui puisera dans des documents et saura exactement o\u00f9 et comment faire les recherches.<\/span><\/p>\n<h3><span style=\"font-weight: 400;\">Retrouver ses anc\u00eatres lorsqu&rsquo;on a \u00e9t\u00e9 adopt\u00e9 \u00e0 l&rsquo;international<\/span><\/h3>\n<p><span style=\"font-weight: 400;\">Pour toute adoption provenant d&rsquo;un autre pays, il faut aller voir aupr\u00e8s du Secr\u00e9tariat \u00e0 l&rsquo;adoption internationale (SAI). Cet organisme offre aussi des services pour les gens adopt\u00e9s au Qu\u00e9bec, par exemple, pour demander un sommaire des ant\u00e9c\u00e9dents sociobiologiques, qui contient quelques renseignements, dont la date de naissance, les circonstances de l&rsquo;adoption et quelques informations de base au sujet des parents. \u00a0Toutefois c&rsquo;est pour les d\u00e9marches effectu\u00e9es vers l&rsquo;\u00e9tranger que l&rsquo;organisme peut s&rsquo;av\u00e9rer particuli\u00e8rement utile.<\/span><\/p>\n<p><span style=\"font-weight: 400;\">Les employ\u00e9s du SAI sont en mesure d&rsquo;\u00e9tablir des contacts avec les autorit\u00e9s \u00e9trang\u00e8res afin de voir s&rsquo;il est possible d&rsquo;acc\u00e9der \u00e0 des informations sur la g\u00e9n\u00e9alogie de l&rsquo;enfant adopt\u00e9. De l\u00e0, ils remettent les informations \u00e0 la personne qui en fait la demande. Cependant, il arrive que cette requ\u00eate soit sans r\u00e9sultats car certains pays ont des lois qui interdisent les retrouvailles, ne tiennent pas de registre ou ne sont pas en mesure de fournir les informations souhait\u00e9es. Encore une fois, c&rsquo;est du cas par cas et il faut savoir g\u00e9rer ses attentes.<\/span><\/p>\n","protected":false},"excerpt":{"rendered":"<p>La qu\u00eate des origines est un besoin ressenti par de nombreux \u00eatres humains. Il est tout \u00e0 fait sain de vouloir comprendre d&rsquo;o\u00f9 l&rsquo;on vient. Dans le cas d&rsquo;une personne adopt\u00e9e, cette inclinaison est encore plus forte. Car m\u00eame lorsqu&rsquo;on a \u00e9t\u00e9 adopt\u00e9 par une famille aimante, il reste \u00e0 retracer plusieurs morceaux du casse-t\u00eate &hellip; <\/p>\n<p class=\"link-more\"><a href=\"https:\/\/www.genealogiequebec.com\/blog\/2017\/09\/18\/enfant-adopte-retrouver-ses-racines-est-il-possible\/\" class=\"more-link\">Continuer la lecture<span class=\"screen-reader-text\"> de &laquo;&nbsp;Enfant adopt\u00e9: retrouver ses racines est-il possible?&nbsp;&raquo;<\/span><\/a><\/p>\n","protected":false},"author":1,"featured_media":0,"comment_status":"open","ping_status":"open","sticky":false,"template":"","format":"standard","meta":{"footnotes":""},"categories":[2],"tags":[],"class_list":["post-24","post","type-post","status-publish","format-standard","hentry","category-articles"],"yoast_head":"<!-- This site is optimized with the Yoast SEO plugin v26.9 - https:\/\/yoast.com\/product\/yoast-seo-wordpress\/ -->\r\n<title>Enfant adopt\u00e9: retrouver ses racines est-il possible? - G\u00e9n\u00e9alogie et histoire du Qu\u00e9bec<\/title>\r\n<meta name=\"robots\" content=\"index, follow, max-snippet:-1, max-image-preview:large, max-video-preview:-1\" \/>\r\n<link rel=\"canonical\" href=\"https:\/\/www.genealogiequebec.com\/blog\/2017\/09\/18\/enfant-adopte-retrouver-ses-racines-est-il-possible\/\" \/>\r\n<meta property=\"og:locale\" content=\"fr_FR\" \/>\r\n<meta property=\"og:type\" content=\"article\" \/>\r\n<meta property=\"og:title\" content=\"Enfant adopt\u00e9: retrouver ses racines est-il possible? - G\u00e9n\u00e9alogie et histoire du Qu\u00e9bec\" \/>\r\n<meta property=\"og:description\" content=\"La qu\u00eate des origines est un besoin ressenti par de nombreux \u00eatres humains. Il est tout \u00e0 fait sain de vouloir comprendre d&rsquo;o\u00f9 l&rsquo;on vient. Dans le cas d&rsquo;une personne adopt\u00e9e, cette inclinaison est encore plus forte. Car m\u00eame lorsqu&rsquo;on a \u00e9t\u00e9 adopt\u00e9 par une famille aimante, il reste \u00e0 retracer plusieurs morceaux du casse-t\u00eate &hellip; Continuer la lecture de &laquo;&nbsp;Enfant adopt\u00e9: retrouver ses racines est-il possible?&nbsp;&raquo;\" \/>\r\n<meta property=\"og:url\" content=\"https:\/\/www.genealogiequebec.com\/blog\/2017\/09\/18\/enfant-adopte-retrouver-ses-racines-est-il-possible\/\" \/>\r\n<meta property=\"og:site_name\" content=\"G\u00e9n\u00e9alogie et histoire du Qu\u00e9bec\" \/>\r\n<meta property=\"article:publisher\" content=\"https:\/\/www.facebook.com\/InstitutDrouin\" \/>\r\n<meta property=\"article:published_time\" content=\"2017-09-18T17:07:29+00:00\" \/>\r\n<meta property=\"og:image\" content=\"https:\/\/www.genealogiequebec.com\/blog\/wp-content\/uploads\/2023\/01\/FML_0164-1r-2-scaled-e1674751638114.jpg\" \/>\r\n\t<meta property=\"og:image:width\" content=\"2560\" \/>\r\n\t<meta property=\"og:image:height\" content=\"1862\" \/>\r\n\t<meta property=\"og:image:type\" content=\"image\/jpeg\" \/>\r\n<meta name=\"author\" content=\"Institut Drouin\" \/>\r\n<meta name=\"twitter:card\" content=\"summary_large_image\" \/>\r\n<meta name=\"twitter:creator\" content=\"@institutdrouin\" \/>\r\n<meta name=\"twitter:site\" content=\"@institutdrouin\" \/>\r\n<meta name=\"twitter:label1\" content=\"\u00c9crit par\" \/>\n\t<meta name=\"twitter:data1\" content=\"Institut Drouin\" \/>\n\t<meta name=\"twitter:label2\" content=\"Dur\u00e9e de lecture estim\u00e9e\" \/>\n\t<meta name=\"twitter:data2\" content=\"4 minutes\" \/>\r\n<script type=\"application\/ld+json\" class=\"yoast-schema-graph\">{\"@context\":\"https:\/\/schema.org\",\"@graph\":[{\"@type\":\"Article\",\"@id\":\"https:\/\/www.genealogiequebec.com\/blog\/2017\/09\/18\/enfant-adopte-retrouver-ses-racines-est-il-possible\/#article\",\"isPartOf\":{\"@id\":\"https:\/\/www.genealogiequebec.com\/blog\/2017\/09\/18\/enfant-adopte-retrouver-ses-racines-est-il-possible\/\"},\"author\":{\"name\":\"Institut Drouin\",\"@id\":\"https:\/\/www.genealogiequebec.com\/blog\/#\/schema\/person\/f1083726f11d1f2b6ead79ec5850ca06\"},\"headline\":\"Enfant adopt\u00e9: retrouver ses racines est-il possible?\",\"datePublished\":\"2017-09-18T17:07:29+00:00\",\"mainEntityOfPage\":{\"@id\":\"https:\/\/www.genealogiequebec.com\/blog\/2017\/09\/18\/enfant-adopte-retrouver-ses-racines-est-il-possible\/\"},\"wordCount\":827,\"commentCount\":0,\"publisher\":{\"@id\":\"https:\/\/www.genealogiequebec.com\/blog\/#organization\"},\"articleSection\":[\"Articles\"],\"inLanguage\":\"fr-FR\",\"potentialAction\":[{\"@type\":\"CommentAction\",\"name\":\"Comment\",\"target\":[\"https:\/\/www.genealogiequebec.com\/blog\/2017\/09\/18\/enfant-adopte-retrouver-ses-racines-est-il-possible\/#respond\"]}]},{\"@type\":\"WebPage\",\"@id\":\"https:\/\/www.genealogiequebec.com\/blog\/2017\/09\/18\/enfant-adopte-retrouver-ses-racines-est-il-possible\/\",\"url\":\"https:\/\/www.genealogiequebec.com\/blog\/2017\/09\/18\/enfant-adopte-retrouver-ses-racines-est-il-possible\/\",\"name\":\"Enfant adopt\u00e9: retrouver ses racines est-il possible? - G\u00e9n\u00e9alogie et histoire du Qu\u00e9bec\",\"isPartOf\":{\"@id\":\"https:\/\/www.genealogiequebec.com\/blog\/#website\"},\"datePublished\":\"2017-09-18T17:07:29+00:00\",\"breadcrumb\":{\"@id\":\"https:\/\/www.genealogiequebec.com\/blog\/2017\/09\/18\/enfant-adopte-retrouver-ses-racines-est-il-possible\/#breadcrumb\"},\"inLanguage\":\"fr-FR\",\"potentialAction\":[{\"@type\":\"ReadAction\",\"target\":[\"https:\/\/www.genealogiequebec.com\/blog\/2017\/09\/18\/enfant-adopte-retrouver-ses-racines-est-il-possible\/\"]}]},{\"@type\":\"BreadcrumbList\",\"@id\":\"https:\/\/www.genealogiequebec.com\/blog\/2017\/09\/18\/enfant-adopte-retrouver-ses-racines-est-il-possible\/#breadcrumb\",\"itemListElement\":[{\"@type\":\"ListItem\",\"position\":1,\"name\":\"Accueil\",\"item\":\"https:\/\/www.genealogiequebec.com\/blog\/\"},{\"@type\":\"ListItem\",\"position\":2,\"name\":\"Articles\",\"item\":\"https:\/\/www.genealogiequebec.com\/blog\/category\/articles\/\"},{\"@type\":\"ListItem\",\"position\":3,\"name\":\"Enfant adopt\u00e9: retrouver ses racines est-il possible?\"}]},{\"@type\":\"WebSite\",\"@id\":\"https:\/\/www.genealogiequebec.com\/blog\/#website\",\"url\":\"https:\/\/www.genealogiequebec.com\/blog\/\",\"name\":\"G\u00e9n\u00e9alogie et histoire du Qu\u00e9bec\",\"description\":\"Le blog de l&#039;institut Drouin\",\"publisher\":{\"@id\":\"https:\/\/www.genealogiequebec.com\/blog\/#organization\"},\"potentialAction\":[{\"@type\":\"SearchAction\",\"target\":{\"@type\":\"EntryPoint\",\"urlTemplate\":\"https:\/\/www.genealogiequebec.com\/blog\/?s={search_term_string}\"},\"query-input\":{\"@type\":\"PropertyValueSpecification\",\"valueRequired\":true,\"valueName\":\"search_term_string\"}}],\"inLanguage\":\"fr-FR\"},{\"@type\":\"Organization\",\"@id\":\"https:\/\/www.genealogiequebec.com\/blog\/#organization\",\"name\":\"Institut g\u00e9n\u00e9alogique Drouin\",\"url\":\"https:\/\/www.genealogiequebec.com\/blog\/\",\"logo\":{\"@type\":\"ImageObject\",\"inLanguage\":\"fr-FR\",\"@id\":\"https:\/\/www.genealogiequebec.com\/blog\/#\/schema\/logo\/image\/\",\"url\":\"https:\/\/www.genealogiequebec.com\/blog\/wp-content\/uploads\/2019\/11\/IGD-large.png\",\"contentUrl\":\"https:\/\/www.genealogiequebec.com\/blog\/wp-content\/uploads\/2019\/11\/IGD-large.png\",\"width\":1893,\"height\":621,\"caption\":\"Institut g\u00e9n\u00e9alogique Drouin\"},\"image\":{\"@id\":\"https:\/\/www.genealogiequebec.com\/blog\/#\/schema\/logo\/image\/\"},\"sameAs\":[\"https:\/\/www.facebook.com\/InstitutDrouin\",\"https:\/\/x.com\/institutdrouin\",\"https:\/\/www.instagram.com\/genealogiequebec\/\",\"https:\/\/www.twitter.com\/institutdrouin\"]},{\"@type\":\"Person\",\"@id\":\"https:\/\/www.genealogiequebec.com\/blog\/#\/schema\/person\/f1083726f11d1f2b6ead79ec5850ca06\",\"name\":\"Institut Drouin\",\"image\":{\"@type\":\"ImageObject\",\"inLanguage\":\"fr-FR\",\"@id\":\"https:\/\/www.genealogiequebec.com\/blog\/#\/schema\/person\/image\/\",\"url\":\"https:\/\/secure.gravatar.com\/avatar\/8033ce23576b31b989429c1527bd70a807bbbe88e14f28a4bc5d8892d0bc4e54?s=96&d=mm&r=g\",\"contentUrl\":\"https:\/\/secure.gravatar.com\/avatar\/8033ce23576b31b989429c1527bd70a807bbbe88e14f28a4bc5d8892d0bc4e54?s=96&d=mm&r=g\",\"caption\":\"Institut Drouin\"},\"url\":\"https:\/\/www.genealogiequebec.com\/blog\/author\/institutdrouin\/\"}]}<\/script>\r\n<!-- \/ Yoast SEO plugin. -->","yoast_head_json":{"title":"Enfant adopt\u00e9: retrouver ses racines est-il possible? - G\u00e9n\u00e9alogie et histoire du Qu\u00e9bec","robots":{"index":"index","follow":"follow","max-snippet":"max-snippet:-1","max-image-preview":"max-image-preview:large","max-video-preview":"max-video-preview:-1"},"canonical":"https:\/\/www.genealogiequebec.com\/blog\/2017\/09\/18\/enfant-adopte-retrouver-ses-racines-est-il-possible\/","og_locale":"fr_FR","og_type":"article","og_title":"Enfant adopt\u00e9: retrouver ses racines est-il possible? - G\u00e9n\u00e9alogie et histoire du Qu\u00e9bec","og_description":"La qu\u00eate des origines est un besoin ressenti par de nombreux \u00eatres humains. Il est tout \u00e0 fait sain de vouloir comprendre d&rsquo;o\u00f9 l&rsquo;on vient. Dans le cas d&rsquo;une personne adopt\u00e9e, cette inclinaison est encore plus forte. Car m\u00eame lorsqu&rsquo;on a \u00e9t\u00e9 adopt\u00e9 par une famille aimante, il reste \u00e0 retracer plusieurs morceaux du casse-t\u00eate &hellip; Continuer la lecture de &laquo;&nbsp;Enfant adopt\u00e9: retrouver ses racines est-il possible?&nbsp;&raquo;","og_url":"https:\/\/www.genealogiequebec.com\/blog\/2017\/09\/18\/enfant-adopte-retrouver-ses-racines-est-il-possible\/","og_site_name":"G\u00e9n\u00e9alogie et histoire du Qu\u00e9bec","article_publisher":"https:\/\/www.facebook.com\/InstitutDrouin","article_published_time":"2017-09-18T17:07:29+00:00","og_image":[{"width":2560,"height":1862,"url":"https:\/\/www.genealogiequebec.com\/blog\/wp-content\/uploads\/2023\/01\/FML_0164-1r-2-scaled-e1674751638114.jpg","type":"image\/jpeg"}],"author":"Institut Drouin","twitter_card":"summary_large_image","twitter_creator":"@institutdrouin","twitter_site":"@institutdrouin","twitter_misc":{"\u00c9crit par":"Institut Drouin","Dur\u00e9e de lecture estim\u00e9e":"4 minutes"},"schema":{"@context":"https:\/\/schema.org","@graph":[{"@type":"Article","@id":"https:\/\/www.genealogiequebec.com\/blog\/2017\/09\/18\/enfant-adopte-retrouver-ses-racines-est-il-possible\/#article","isPartOf":{"@id":"https:\/\/www.genealogiequebec.com\/blog\/2017\/09\/18\/enfant-adopte-retrouver-ses-racines-est-il-possible\/"},"author":{"name":"Institut Drouin","@id":"https:\/\/www.genealogiequebec.com\/blog\/#\/schema\/person\/f1083726f11d1f2b6ead79ec5850ca06"},"headline":"Enfant adopt\u00e9: retrouver ses racines est-il possible?","datePublished":"2017-09-18T17:07:29+00:00","mainEntityOfPage":{"@id":"https:\/\/www.genealogiequebec.com\/blog\/2017\/09\/18\/enfant-adopte-retrouver-ses-racines-est-il-possible\/"},"wordCount":827,"commentCount":0,"publisher":{"@id":"https:\/\/www.genealogiequebec.com\/blog\/#organization"},"articleSection":["Articles"],"inLanguage":"fr-FR","potentialAction":[{"@type":"CommentAction","name":"Comment","target":["https:\/\/www.genealogiequebec.com\/blog\/2017\/09\/18\/enfant-adopte-retrouver-ses-racines-est-il-possible\/#respond"]}]},{"@type":"WebPage","@id":"https:\/\/www.genealogiequebec.com\/blog\/2017\/09\/18\/enfant-adopte-retrouver-ses-racines-est-il-possible\/","url":"https:\/\/www.genealogiequebec.com\/blog\/2017\/09\/18\/enfant-adopte-retrouver-ses-racines-est-il-possible\/","name":"Enfant adopt\u00e9: retrouver ses racines est-il possible? - G\u00e9n\u00e9alogie et histoire du Qu\u00e9bec","isPartOf":{"@id":"https:\/\/www.genealogiequebec.com\/blog\/#website"},"datePublished":"2017-09-18T17:07:29+00:00","breadcrumb":{"@id":"https:\/\/www.genealogiequebec.com\/blog\/2017\/09\/18\/enfant-adopte-retrouver-ses-racines-est-il-possible\/#breadcrumb"},"inLanguage":"fr-FR","potentialAction":[{"@type":"ReadAction","target":["https:\/\/www.genealogiequebec.com\/blog\/2017\/09\/18\/enfant-adopte-retrouver-ses-racines-est-il-possible\/"]}]},{"@type":"BreadcrumbList","@id":"https:\/\/www.genealogiequebec.com\/blog\/2017\/09\/18\/enfant-adopte-retrouver-ses-racines-est-il-possible\/#breadcrumb","itemListElement":[{"@type":"ListItem","position":1,"name":"Accueil","item":"https:\/\/www.genealogiequebec.com\/blog\/"},{"@type":"ListItem","position":2,"name":"Articles","item":"https:\/\/www.genealogiequebec.com\/blog\/category\/articles\/"},{"@type":"ListItem","position":3,"name":"Enfant adopt\u00e9: retrouver ses racines est-il possible?"}]},{"@type":"WebSite","@id":"https:\/\/www.genealogiequebec.com\/blog\/#website","url":"https:\/\/www.genealogiequebec.com\/blog\/","name":"G\u00e9n\u00e9alogie et histoire du Qu\u00e9bec","description":"Le blog de l&#039;institut Drouin","publisher":{"@id":"https:\/\/www.genealogiequebec.com\/blog\/#organization"},"potentialAction":[{"@type":"SearchAction","target":{"@type":"EntryPoint","urlTemplate":"https:\/\/www.genealogiequebec.com\/blog\/?s={search_term_string}"},"query-input":{"@type":"PropertyValueSpecification","valueRequired":true,"valueName":"search_term_string"}}],"inLanguage":"fr-FR"},{"@type":"Organization","@id":"https:\/\/www.genealogiequebec.com\/blog\/#organization","name":"Institut g\u00e9n\u00e9alogique Drouin","url":"https:\/\/www.genealogiequebec.com\/blog\/","logo":{"@type":"ImageObject","inLanguage":"fr-FR","@id":"https:\/\/www.genealogiequebec.com\/blog\/#\/schema\/logo\/image\/","url":"https:\/\/www.genealogiequebec.com\/blog\/wp-content\/uploads\/2019\/11\/IGD-large.png","contentUrl":"https:\/\/www.genealogiequebec.com\/blog\/wp-content\/uploads\/2019\/11\/IGD-large.png","width":1893,"height":621,"caption":"Institut g\u00e9n\u00e9alogique Drouin"},"image":{"@id":"https:\/\/www.genealogiequebec.com\/blog\/#\/schema\/logo\/image\/"},"sameAs":["https:\/\/www.facebook.com\/InstitutDrouin","https:\/\/x.com\/institutdrouin","https:\/\/www.instagram.com\/genealogiequebec\/","https:\/\/www.twitter.com\/institutdrouin"]},{"@type":"Person","@id":"https:\/\/www.genealogiequebec.com\/blog\/#\/schema\/person\/f1083726f11d1f2b6ead79ec5850ca06","name":"Institut Drouin","image":{"@type":"ImageObject","inLanguage":"fr-FR","@id":"https:\/\/www.genealogiequebec.com\/blog\/#\/schema\/person\/image\/","url":"https:\/\/secure.gravatar.com\/avatar\/8033ce23576b31b989429c1527bd70a807bbbe88e14f28a4bc5d8892d0bc4e54?s=96&d=mm&r=g","contentUrl":"https:\/\/secure.gravatar.com\/avatar\/8033ce23576b31b989429c1527bd70a807bbbe88e14f28a4bc5d8892d0bc4e54?s=96&d=mm&r=g","caption":"Institut Drouin"},"url":"https:\/\/www.genealogiequebec.com\/blog\/author\/institutdrouin\/"}]}},"_links":{"self":[{"href":"https:\/\/www.genealogiequebec.com\/blog\/wp-json\/wp\/v2\/posts\/24","targetHints":{"allow":["GET"]}}],"collection":[{"href":"https:\/\/www.genealogiequebec.com\/blog\/wp-json\/wp\/v2\/posts"}],"about":[{"href":"https:\/\/www.genealogiequebec.com\/blog\/wp-json\/wp\/v2\/types\/post"}],"author":[{"embeddable":true,"href":"https:\/\/www.genealogiequebec.com\/blog\/wp-json\/wp\/v2\/users\/1"}],"replies":[{"embeddable":true,"href":"https:\/\/www.genealogiequebec.com\/blog\/wp-json\/wp\/v2\/comments?post=24"}],"version-history":[{"count":1,"href":"https:\/\/www.genealogiequebec.com\/blog\/wp-json\/wp\/v2\/posts\/24\/revisions"}],"predecessor-version":[{"id":25,"href":"https:\/\/www.genealogiequebec.com\/blog\/wp-json\/wp\/v2\/posts\/24\/revisions\/25"}],"wp:attachment":[{"href":"https:\/\/www.genealogiequebec.com\/blog\/wp-json\/wp\/v2\/media?parent=24"}],"wp:term":[{"taxonomy":"category","embeddable":true,"href":"https:\/\/www.genealogiequebec.com\/blog\/wp-json\/wp\/v2\/categories?post=24"},{"taxonomy":"post_tag","embeddable":true,"href":"https:\/\/www.genealogiequebec.com\/blog\/wp-json\/wp\/v2\/tags?post=24"}],"curies":[{"name":"wp","href":"https:\/\/api.w.org\/{rel}","templated":true}]}}