{"id":329,"date":"2017-11-16T00:54:05","date_gmt":"2017-11-16T05:54:05","guid":{"rendered":"https:\/\/www.genealogiequebec.com\/blog\/?p=329\/"},"modified":"2017-11-16T00:54:05","modified_gmt":"2017-11-16T05:54:05","slug":"origines-des-ancetres-lecon-dhistoire-sur-les-familles-fondatrices","status":"publish","type":"post","link":"https:\/\/www.genealogiequebec.com\/blog\/2017\/11\/16\/origines-des-ancetres-lecon-dhistoire-sur-les-familles-fondatrices\/","title":{"rendered":"Origines des anc\u00eatres : le\u00e7on d&rsquo;histoire sur les familles fondatrices"},"content":{"rendered":"<div align=\"justify\">\n<p><span style=\"font-weight: 400;\">Chaque \u00eatre humain est le maillon d&rsquo;un vaste r\u00e9seau qui repr\u00e9sente la population de la plan\u00e8te, au pr\u00e9sent et au pass\u00e9. Si l&rsquo;on regarde vers l&rsquo;arri\u00e8re pour \u00e9tudier l&rsquo;origine de nos anc\u00eatres, on remonte ce r\u00e9seau complexe mais fascinant, et on d\u00e9couvre en chemin des \u00e9l\u00e9ments d&rsquo;histoire tr\u00e8s int\u00e9ressants. Par exemple, il est possible de trouver qui faisait partie des familles fondatrices du Qu\u00e9bec et des villes et villages \u00e9tablis partout dans la province.<\/span><span style=\"font-weight: 400;\">Cette recherche permet de mieux comprendre pourquoi les personnes se sont \u00e9tablies \u00e0 certains endroits, et quels r\u00f4les elles ont eu dans le d\u00e9veloppement \u00e9conomique et strat\u00e9gique de la province.<\/span><\/p>\n<h3><span style=\"font-weight: 400;\">Les familles fondatrices venues de Nouvelle-France<\/span><\/h3>\n<p><span style=\"font-weight: 400;\">Les premi\u00e8res familles fondatrices de l&rsquo;histoire du Qu\u00e9bec sont celles des colons qui sont rest\u00e9s en Nouvelle-France suite \u00e0 plusieurs tentatives de colonisation. Durant les premiers voyages, les colons avaient \u00e9t\u00e9 syst\u00e9matiquement rapatri\u00e9s suite \u00e0 des probl\u00e8mes tels que la maladie ou le manque de pr\u00e9paration face \u00e0 l&rsquo;hiver. C&rsquo;est enfin vers 1608 que les familles fondatrices viennent s&rsquo;\u00e9tablir de fa\u00e7on plus permanente.<\/span><\/p>\n<p><span style=\"font-weight: 400;\">La plus c\u00e9l\u00e8bre de ces familles est celle de Louis H\u00e9bert, qui s&rsquo;est install\u00e9 avec femme et enfants en 1617. C&rsquo;est \u00e0 Qu\u00e9bec que ceux-ci d\u00e9cident de s&rsquo;\u00e9tablir, seulement quelques ann\u00e9es apr\u00e8s la fondation de cette ville par Samuel de Champlain. Louis H\u00e9bert et sa famille se sont fortement enracin\u00e9s dans la r\u00e9gion, prenant au s\u00e9rieux leur r\u00f4le crucial parmi les premiers habitants permanents de la Nouvelle-France. En 1626, ils se voient m\u00eame confier la seigneurie Saint-Joseph.<\/span><\/p>\n<h3><span style=\"font-weight: 400;\">Les premiers villages du Qu\u00e9bec et leurs familles fondatrices <\/span><\/h3>\n<p><span style=\"font-weight: 400;\">D&rsquo;autres familles ont suivi, entre autres gr\u00e2ce aux efforts de Robert Giffard et de la Compagnie des Cent-Associ\u00e9s. Giffard, lui-m\u00eame fondateur de la ville de Beauport, retourne plusieurs fois en France pour convaincre des familles de le suivre vers la nouvelle colonie. Celles-ci, qui sont peu nombreuses mais d\u00e9cid\u00e9es \u00e0 rester, s&rsquo;installent alors en Nouvelle-France et participent \u00e0 la population croissante.<\/span><\/p>\n<p><span style=\"font-weight: 400;\">Plus le nombre de familles augmente, plus l&rsquo;exploration des terres se poursuit, avec la cr\u00e9ation de nouvelles seigneuries. D&rsquo;autres paroisses voient le jour, peupl\u00e9es et organis\u00e9es par les familles fondatrices. La ville de Qu\u00e9bec et ses environs se d\u00e9veloppent peu \u00e0 peu, et d&rsquo;autres secteurs comme ceux de Trois-Rivi\u00e8res et Montr\u00e9al accueillent aussi de nouvelles familles et sont officiellement fond\u00e9s, respectivement en 1634 et en 1642.<\/span><\/p>\n<h3><span style=\"font-weight: 400;\">\u00c0 la d\u00e9couverte de nos anc\u00eatres : mieux saisir le r\u00f4le des familles fondatrices <\/span><\/h3>\n<p><span style=\"font-weight: 400;\">Lors d&rsquo;une recherche g\u00e9n\u00e9alogique, il n&rsquo;est pas rare d&rsquo;apprendre que certaines branches familiales se sont form\u00e9es lors de la cr\u00e9ation d&rsquo;une nouvelle ville ou d&rsquo;un village. Le but de la colonisation \u00e9tant entre autres de peupler le territoire, les familles avaient avantage \u00e0 obtenir des terres \u00e0 exploiter et \u00e0 se regrouper avec d&rsquo;autres voisins pour former une communaut\u00e9, qui \u00e9tait aussi souvent bas\u00e9e sur les liens avec l&rsquo;\u00e9glise.<\/span><\/p>\n<p><span style=\"font-weight: 400;\">Plusieurs villes et municipalit\u00e9s du Qu\u00e9bec c\u00e9l\u00e8brent encore leurs familles fondatrices. Par exemple, dans le cadre du 375e anniversaire de Sorel-Tracy, une grande f\u00eate a \u00e9t\u00e9 organis\u00e9e pour rendre hommage \u00e0 ces familles pionni\u00e8res dont les noms ornent toujours plusieurs lieux publics de la ville. D&rsquo;autres endroits, comme Repentigny, mettent un point d&rsquo;honneur lors des f\u00eates annuelles de la ville \u00e0 comm\u00e9morer ces personnes qui sont venues habiter de nouvelles terres, avec tout le travail et l&rsquo;ambition que cela implique.<\/span><\/p>\n<p><span style=\"font-weight: 400;\">L&rsquo;\u00e9tude des familles fondatrices permet de mieux comprendre l&rsquo;\u00e9volution et l&rsquo;histoire de la province de Qu\u00e9bec, ainsi que celle de ces nombreuses municipalit\u00e9s. Au quotidien, c&rsquo;est souvent la toponymie des villes qui nous le rappelle, obligeant un devoir de m\u00e9moire. Les recherches g\u00e9n\u00e9alogiques, ainsi que celles faites aupr\u00e8s des soci\u00e9t\u00e9s d&rsquo;histoire des r\u00e9gions et municipalit\u00e9 de la province permettent d&rsquo;en savoir davantage sur ces personnes et les raisons qui ont fait en sorte qu&rsquo;elles s&rsquo;\u00e9tablissent \u00e0 cet endroit.<\/span><\/p>\n<\/div>\n","protected":false},"excerpt":{"rendered":"<p>Chaque \u00eatre humain est le maillon d&rsquo;un vaste r\u00e9seau qui repr\u00e9sente la population de la plan\u00e8te, au pr\u00e9sent et au pass\u00e9. Si l&rsquo;on regarde vers l&rsquo;arri\u00e8re pour \u00e9tudier l&rsquo;origine de nos anc\u00eatres, on remonte ce r\u00e9seau complexe mais fascinant, et on d\u00e9couvre en chemin des \u00e9l\u00e9ments d&rsquo;histoire tr\u00e8s int\u00e9ressants. Par exemple, il est possible de &hellip; <\/p>\n<p class=\"link-more\"><a href=\"https:\/\/www.genealogiequebec.com\/blog\/2017\/11\/16\/origines-des-ancetres-lecon-dhistoire-sur-les-familles-fondatrices\/\" class=\"more-link\">Continuer la lecture<span class=\"screen-reader-text\"> de &laquo;&nbsp;Origines des anc\u00eatres : le\u00e7on d&rsquo;histoire sur les familles fondatrices&nbsp;&raquo;<\/span><\/a><\/p>\n","protected":false},"author":1,"featured_media":0,"comment_status":"open","ping_status":"open","sticky":false,"template":"","format":"standard","meta":{"footnotes":""},"categories":[2],"tags":[],"class_list":["post-329","post","type-post","status-publish","format-standard","hentry","category-articles"],"yoast_head":"<!-- This site is optimized with the Yoast SEO plugin v26.9 - https:\/\/yoast.com\/product\/yoast-seo-wordpress\/ -->\r\n<title>Origines des anc\u00eatres : le\u00e7on d&#039;histoire sur les familles fondatrices - G\u00e9n\u00e9alogie et histoire du Qu\u00e9bec<\/title>\r\n<meta name=\"robots\" content=\"index, follow, max-snippet:-1, max-image-preview:large, max-video-preview:-1\" \/>\r\n<link rel=\"canonical\" href=\"https:\/\/www.genealogiequebec.com\/blog\/2017\/11\/16\/origines-des-ancetres-lecon-dhistoire-sur-les-familles-fondatrices\/\" \/>\r\n<meta property=\"og:locale\" content=\"fr_FR\" \/>\r\n<meta property=\"og:type\" content=\"article\" \/>\r\n<meta property=\"og:title\" content=\"Origines des anc\u00eatres : le\u00e7on d&#039;histoire sur les familles fondatrices - G\u00e9n\u00e9alogie et histoire du Qu\u00e9bec\" \/>\r\n<meta property=\"og:description\" content=\"Chaque \u00eatre humain est le maillon d&rsquo;un vaste r\u00e9seau qui repr\u00e9sente la population de la plan\u00e8te, au pr\u00e9sent et au pass\u00e9. Si l&rsquo;on regarde vers l&rsquo;arri\u00e8re pour \u00e9tudier l&rsquo;origine de nos anc\u00eatres, on remonte ce r\u00e9seau complexe mais fascinant, et on d\u00e9couvre en chemin des \u00e9l\u00e9ments d&rsquo;histoire tr\u00e8s int\u00e9ressants. Par exemple, il est possible de &hellip; Continuer la lecture de &laquo;&nbsp;Origines des anc\u00eatres : le\u00e7on d&rsquo;histoire sur les familles fondatrices&nbsp;&raquo;\" \/>\r\n<meta property=\"og:url\" content=\"https:\/\/www.genealogiequebec.com\/blog\/2017\/11\/16\/origines-des-ancetres-lecon-dhistoire-sur-les-familles-fondatrices\/\" \/>\r\n<meta property=\"og:site_name\" content=\"G\u00e9n\u00e9alogie et histoire du Qu\u00e9bec\" \/>\r\n<meta property=\"article:publisher\" content=\"https:\/\/www.facebook.com\/InstitutDrouin\" \/>\r\n<meta property=\"article:published_time\" content=\"2017-11-16T05:54:05+00:00\" \/>\r\n<meta property=\"og:image\" content=\"https:\/\/www.genealogiequebec.com\/blog\/wp-content\/uploads\/2023\/01\/FML_0164-1r-2-scaled-e1674751638114.jpg\" \/>\r\n\t<meta property=\"og:image:width\" content=\"2560\" \/>\r\n\t<meta property=\"og:image:height\" content=\"1862\" \/>\r\n\t<meta property=\"og:image:type\" content=\"image\/jpeg\" \/>\r\n<meta name=\"author\" content=\"Institut Drouin\" \/>\r\n<meta name=\"twitter:card\" content=\"summary_large_image\" \/>\r\n<meta name=\"twitter:creator\" content=\"@institutdrouin\" \/>\r\n<meta name=\"twitter:site\" content=\"@institutdrouin\" \/>\r\n<meta name=\"twitter:label1\" content=\"\u00c9crit par\" \/>\n\t<meta name=\"twitter:data1\" content=\"Institut Drouin\" \/>\n\t<meta name=\"twitter:label2\" content=\"Dur\u00e9e de lecture estim\u00e9e\" \/>\n\t<meta name=\"twitter:data2\" content=\"4 minutes\" \/>\r\n<script type=\"application\/ld+json\" class=\"yoast-schema-graph\">{\"@context\":\"https:\/\/schema.org\",\"@graph\":[{\"@type\":\"Article\",\"@id\":\"https:\/\/www.genealogiequebec.com\/blog\/2017\/11\/16\/origines-des-ancetres-lecon-dhistoire-sur-les-familles-fondatrices\/#article\",\"isPartOf\":{\"@id\":\"https:\/\/www.genealogiequebec.com\/blog\/2017\/11\/16\/origines-des-ancetres-lecon-dhistoire-sur-les-familles-fondatrices\/\"},\"author\":{\"name\":\"Institut Drouin\",\"@id\":\"https:\/\/www.genealogiequebec.com\/blog\/#\/schema\/person\/f1083726f11d1f2b6ead79ec5850ca06\"},\"headline\":\"Origines des anc\u00eatres : le\u00e7on d&rsquo;histoire sur les familles fondatrices\",\"datePublished\":\"2017-11-16T05:54:05+00:00\",\"mainEntityOfPage\":{\"@id\":\"https:\/\/www.genealogiequebec.com\/blog\/2017\/11\/16\/origines-des-ancetres-lecon-dhistoire-sur-les-familles-fondatrices\/\"},\"wordCount\":699,\"commentCount\":0,\"publisher\":{\"@id\":\"https:\/\/www.genealogiequebec.com\/blog\/#organization\"},\"articleSection\":[\"Articles\"],\"inLanguage\":\"fr-FR\",\"potentialAction\":[{\"@type\":\"CommentAction\",\"name\":\"Comment\",\"target\":[\"https:\/\/www.genealogiequebec.com\/blog\/2017\/11\/16\/origines-des-ancetres-lecon-dhistoire-sur-les-familles-fondatrices\/#respond\"]}]},{\"@type\":\"WebPage\",\"@id\":\"https:\/\/www.genealogiequebec.com\/blog\/2017\/11\/16\/origines-des-ancetres-lecon-dhistoire-sur-les-familles-fondatrices\/\",\"url\":\"https:\/\/www.genealogiequebec.com\/blog\/2017\/11\/16\/origines-des-ancetres-lecon-dhistoire-sur-les-familles-fondatrices\/\",\"name\":\"Origines des anc\u00eatres : le\u00e7on d'histoire sur les familles fondatrices - G\u00e9n\u00e9alogie et histoire du Qu\u00e9bec\",\"isPartOf\":{\"@id\":\"https:\/\/www.genealogiequebec.com\/blog\/#website\"},\"datePublished\":\"2017-11-16T05:54:05+00:00\",\"breadcrumb\":{\"@id\":\"https:\/\/www.genealogiequebec.com\/blog\/2017\/11\/16\/origines-des-ancetres-lecon-dhistoire-sur-les-familles-fondatrices\/#breadcrumb\"},\"inLanguage\":\"fr-FR\",\"potentialAction\":[{\"@type\":\"ReadAction\",\"target\":[\"https:\/\/www.genealogiequebec.com\/blog\/2017\/11\/16\/origines-des-ancetres-lecon-dhistoire-sur-les-familles-fondatrices\/\"]}]},{\"@type\":\"BreadcrumbList\",\"@id\":\"https:\/\/www.genealogiequebec.com\/blog\/2017\/11\/16\/origines-des-ancetres-lecon-dhistoire-sur-les-familles-fondatrices\/#breadcrumb\",\"itemListElement\":[{\"@type\":\"ListItem\",\"position\":1,\"name\":\"Accueil\",\"item\":\"https:\/\/www.genealogiequebec.com\/blog\/\"},{\"@type\":\"ListItem\",\"position\":2,\"name\":\"Articles\",\"item\":\"https:\/\/www.genealogiequebec.com\/blog\/category\/articles\/\"},{\"@type\":\"ListItem\",\"position\":3,\"name\":\"Origines des anc\u00eatres : le\u00e7on d&rsquo;histoire sur les familles fondatrices\"}]},{\"@type\":\"WebSite\",\"@id\":\"https:\/\/www.genealogiequebec.com\/blog\/#website\",\"url\":\"https:\/\/www.genealogiequebec.com\/blog\/\",\"name\":\"G\u00e9n\u00e9alogie et histoire du Qu\u00e9bec\",\"description\":\"Le blog de l&#039;institut Drouin\",\"publisher\":{\"@id\":\"https:\/\/www.genealogiequebec.com\/blog\/#organization\"},\"potentialAction\":[{\"@type\":\"SearchAction\",\"target\":{\"@type\":\"EntryPoint\",\"urlTemplate\":\"https:\/\/www.genealogiequebec.com\/blog\/?s={search_term_string}\"},\"query-input\":{\"@type\":\"PropertyValueSpecification\",\"valueRequired\":true,\"valueName\":\"search_term_string\"}}],\"inLanguage\":\"fr-FR\"},{\"@type\":\"Organization\",\"@id\":\"https:\/\/www.genealogiequebec.com\/blog\/#organization\",\"name\":\"Institut g\u00e9n\u00e9alogique Drouin\",\"url\":\"https:\/\/www.genealogiequebec.com\/blog\/\",\"logo\":{\"@type\":\"ImageObject\",\"inLanguage\":\"fr-FR\",\"@id\":\"https:\/\/www.genealogiequebec.com\/blog\/#\/schema\/logo\/image\/\",\"url\":\"https:\/\/www.genealogiequebec.com\/blog\/wp-content\/uploads\/2019\/11\/IGD-large.png\",\"contentUrl\":\"https:\/\/www.genealogiequebec.com\/blog\/wp-content\/uploads\/2019\/11\/IGD-large.png\",\"width\":1893,\"height\":621,\"caption\":\"Institut g\u00e9n\u00e9alogique Drouin\"},\"image\":{\"@id\":\"https:\/\/www.genealogiequebec.com\/blog\/#\/schema\/logo\/image\/\"},\"sameAs\":[\"https:\/\/www.facebook.com\/InstitutDrouin\",\"https:\/\/x.com\/institutdrouin\",\"https:\/\/www.instagram.com\/genealogiequebec\/\",\"https:\/\/www.twitter.com\/institutdrouin\"]},{\"@type\":\"Person\",\"@id\":\"https:\/\/www.genealogiequebec.com\/blog\/#\/schema\/person\/f1083726f11d1f2b6ead79ec5850ca06\",\"name\":\"Institut Drouin\",\"image\":{\"@type\":\"ImageObject\",\"inLanguage\":\"fr-FR\",\"@id\":\"https:\/\/www.genealogiequebec.com\/blog\/#\/schema\/person\/image\/\",\"url\":\"https:\/\/secure.gravatar.com\/avatar\/8033ce23576b31b989429c1527bd70a807bbbe88e14f28a4bc5d8892d0bc4e54?s=96&d=mm&r=g\",\"contentUrl\":\"https:\/\/secure.gravatar.com\/avatar\/8033ce23576b31b989429c1527bd70a807bbbe88e14f28a4bc5d8892d0bc4e54?s=96&d=mm&r=g\",\"caption\":\"Institut Drouin\"},\"url\":\"https:\/\/www.genealogiequebec.com\/blog\/author\/institutdrouin\/\"}]}<\/script>\r\n<!-- \/ Yoast SEO plugin. -->","yoast_head_json":{"title":"Origines des anc\u00eatres : le\u00e7on d'histoire sur les familles fondatrices - G\u00e9n\u00e9alogie et histoire du Qu\u00e9bec","robots":{"index":"index","follow":"follow","max-snippet":"max-snippet:-1","max-image-preview":"max-image-preview:large","max-video-preview":"max-video-preview:-1"},"canonical":"https:\/\/www.genealogiequebec.com\/blog\/2017\/11\/16\/origines-des-ancetres-lecon-dhistoire-sur-les-familles-fondatrices\/","og_locale":"fr_FR","og_type":"article","og_title":"Origines des anc\u00eatres : le\u00e7on d'histoire sur les familles fondatrices - G\u00e9n\u00e9alogie et histoire du Qu\u00e9bec","og_description":"Chaque \u00eatre humain est le maillon d&rsquo;un vaste r\u00e9seau qui repr\u00e9sente la population de la plan\u00e8te, au pr\u00e9sent et au pass\u00e9. Si l&rsquo;on regarde vers l&rsquo;arri\u00e8re pour \u00e9tudier l&rsquo;origine de nos anc\u00eatres, on remonte ce r\u00e9seau complexe mais fascinant, et on d\u00e9couvre en chemin des \u00e9l\u00e9ments d&rsquo;histoire tr\u00e8s int\u00e9ressants. Par exemple, il est possible de &hellip; Continuer la lecture de &laquo;&nbsp;Origines des anc\u00eatres : le\u00e7on d&rsquo;histoire sur les familles fondatrices&nbsp;&raquo;","og_url":"https:\/\/www.genealogiequebec.com\/blog\/2017\/11\/16\/origines-des-ancetres-lecon-dhistoire-sur-les-familles-fondatrices\/","og_site_name":"G\u00e9n\u00e9alogie et histoire du Qu\u00e9bec","article_publisher":"https:\/\/www.facebook.com\/InstitutDrouin","article_published_time":"2017-11-16T05:54:05+00:00","og_image":[{"width":2560,"height":1862,"url":"https:\/\/www.genealogiequebec.com\/blog\/wp-content\/uploads\/2023\/01\/FML_0164-1r-2-scaled-e1674751638114.jpg","type":"image\/jpeg"}],"author":"Institut Drouin","twitter_card":"summary_large_image","twitter_creator":"@institutdrouin","twitter_site":"@institutdrouin","twitter_misc":{"\u00c9crit par":"Institut Drouin","Dur\u00e9e de lecture estim\u00e9e":"4 minutes"},"schema":{"@context":"https:\/\/schema.org","@graph":[{"@type":"Article","@id":"https:\/\/www.genealogiequebec.com\/blog\/2017\/11\/16\/origines-des-ancetres-lecon-dhistoire-sur-les-familles-fondatrices\/#article","isPartOf":{"@id":"https:\/\/www.genealogiequebec.com\/blog\/2017\/11\/16\/origines-des-ancetres-lecon-dhistoire-sur-les-familles-fondatrices\/"},"author":{"name":"Institut Drouin","@id":"https:\/\/www.genealogiequebec.com\/blog\/#\/schema\/person\/f1083726f11d1f2b6ead79ec5850ca06"},"headline":"Origines des anc\u00eatres : le\u00e7on d&rsquo;histoire sur les familles fondatrices","datePublished":"2017-11-16T05:54:05+00:00","mainEntityOfPage":{"@id":"https:\/\/www.genealogiequebec.com\/blog\/2017\/11\/16\/origines-des-ancetres-lecon-dhistoire-sur-les-familles-fondatrices\/"},"wordCount":699,"commentCount":0,"publisher":{"@id":"https:\/\/www.genealogiequebec.com\/blog\/#organization"},"articleSection":["Articles"],"inLanguage":"fr-FR","potentialAction":[{"@type":"CommentAction","name":"Comment","target":["https:\/\/www.genealogiequebec.com\/blog\/2017\/11\/16\/origines-des-ancetres-lecon-dhistoire-sur-les-familles-fondatrices\/#respond"]}]},{"@type":"WebPage","@id":"https:\/\/www.genealogiequebec.com\/blog\/2017\/11\/16\/origines-des-ancetres-lecon-dhistoire-sur-les-familles-fondatrices\/","url":"https:\/\/www.genealogiequebec.com\/blog\/2017\/11\/16\/origines-des-ancetres-lecon-dhistoire-sur-les-familles-fondatrices\/","name":"Origines des anc\u00eatres : le\u00e7on d'histoire sur les familles fondatrices - G\u00e9n\u00e9alogie et histoire du Qu\u00e9bec","isPartOf":{"@id":"https:\/\/www.genealogiequebec.com\/blog\/#website"},"datePublished":"2017-11-16T05:54:05+00:00","breadcrumb":{"@id":"https:\/\/www.genealogiequebec.com\/blog\/2017\/11\/16\/origines-des-ancetres-lecon-dhistoire-sur-les-familles-fondatrices\/#breadcrumb"},"inLanguage":"fr-FR","potentialAction":[{"@type":"ReadAction","target":["https:\/\/www.genealogiequebec.com\/blog\/2017\/11\/16\/origines-des-ancetres-lecon-dhistoire-sur-les-familles-fondatrices\/"]}]},{"@type":"BreadcrumbList","@id":"https:\/\/www.genealogiequebec.com\/blog\/2017\/11\/16\/origines-des-ancetres-lecon-dhistoire-sur-les-familles-fondatrices\/#breadcrumb","itemListElement":[{"@type":"ListItem","position":1,"name":"Accueil","item":"https:\/\/www.genealogiequebec.com\/blog\/"},{"@type":"ListItem","position":2,"name":"Articles","item":"https:\/\/www.genealogiequebec.com\/blog\/category\/articles\/"},{"@type":"ListItem","position":3,"name":"Origines des anc\u00eatres : le\u00e7on d&rsquo;histoire sur les familles fondatrices"}]},{"@type":"WebSite","@id":"https:\/\/www.genealogiequebec.com\/blog\/#website","url":"https:\/\/www.genealogiequebec.com\/blog\/","name":"G\u00e9n\u00e9alogie et histoire du Qu\u00e9bec","description":"Le blog de l&#039;institut Drouin","publisher":{"@id":"https:\/\/www.genealogiequebec.com\/blog\/#organization"},"potentialAction":[{"@type":"SearchAction","target":{"@type":"EntryPoint","urlTemplate":"https:\/\/www.genealogiequebec.com\/blog\/?s={search_term_string}"},"query-input":{"@type":"PropertyValueSpecification","valueRequired":true,"valueName":"search_term_string"}}],"inLanguage":"fr-FR"},{"@type":"Organization","@id":"https:\/\/www.genealogiequebec.com\/blog\/#organization","name":"Institut g\u00e9n\u00e9alogique Drouin","url":"https:\/\/www.genealogiequebec.com\/blog\/","logo":{"@type":"ImageObject","inLanguage":"fr-FR","@id":"https:\/\/www.genealogiequebec.com\/blog\/#\/schema\/logo\/image\/","url":"https:\/\/www.genealogiequebec.com\/blog\/wp-content\/uploads\/2019\/11\/IGD-large.png","contentUrl":"https:\/\/www.genealogiequebec.com\/blog\/wp-content\/uploads\/2019\/11\/IGD-large.png","width":1893,"height":621,"caption":"Institut g\u00e9n\u00e9alogique Drouin"},"image":{"@id":"https:\/\/www.genealogiequebec.com\/blog\/#\/schema\/logo\/image\/"},"sameAs":["https:\/\/www.facebook.com\/InstitutDrouin","https:\/\/x.com\/institutdrouin","https:\/\/www.instagram.com\/genealogiequebec\/","https:\/\/www.twitter.com\/institutdrouin"]},{"@type":"Person","@id":"https:\/\/www.genealogiequebec.com\/blog\/#\/schema\/person\/f1083726f11d1f2b6ead79ec5850ca06","name":"Institut Drouin","image":{"@type":"ImageObject","inLanguage":"fr-FR","@id":"https:\/\/www.genealogiequebec.com\/blog\/#\/schema\/person\/image\/","url":"https:\/\/secure.gravatar.com\/avatar\/8033ce23576b31b989429c1527bd70a807bbbe88e14f28a4bc5d8892d0bc4e54?s=96&d=mm&r=g","contentUrl":"https:\/\/secure.gravatar.com\/avatar\/8033ce23576b31b989429c1527bd70a807bbbe88e14f28a4bc5d8892d0bc4e54?s=96&d=mm&r=g","caption":"Institut Drouin"},"url":"https:\/\/www.genealogiequebec.com\/blog\/author\/institutdrouin\/"}]}},"_links":{"self":[{"href":"https:\/\/www.genealogiequebec.com\/blog\/wp-json\/wp\/v2\/posts\/329","targetHints":{"allow":["GET"]}}],"collection":[{"href":"https:\/\/www.genealogiequebec.com\/blog\/wp-json\/wp\/v2\/posts"}],"about":[{"href":"https:\/\/www.genealogiequebec.com\/blog\/wp-json\/wp\/v2\/types\/post"}],"author":[{"embeddable":true,"href":"https:\/\/www.genealogiequebec.com\/blog\/wp-json\/wp\/v2\/users\/1"}],"replies":[{"embeddable":true,"href":"https:\/\/www.genealogiequebec.com\/blog\/wp-json\/wp\/v2\/comments?post=329"}],"version-history":[{"count":1,"href":"https:\/\/www.genealogiequebec.com\/blog\/wp-json\/wp\/v2\/posts\/329\/revisions"}],"predecessor-version":[{"id":330,"href":"https:\/\/www.genealogiequebec.com\/blog\/wp-json\/wp\/v2\/posts\/329\/revisions\/330"}],"wp:attachment":[{"href":"https:\/\/www.genealogiequebec.com\/blog\/wp-json\/wp\/v2\/media?parent=329"}],"wp:term":[{"taxonomy":"category","embeddable":true,"href":"https:\/\/www.genealogiequebec.com\/blog\/wp-json\/wp\/v2\/categories?post=329"},{"taxonomy":"post_tag","embeddable":true,"href":"https:\/\/www.genealogiequebec.com\/blog\/wp-json\/wp\/v2\/tags?post=329"}],"curies":[{"name":"wp","href":"https:\/\/api.w.org\/{rel}","templated":true}]}}