{"id":4416,"date":"2023-03-08T13:50:36","date_gmt":"2023-03-08T18:50:36","guid":{"rendered":"https:\/\/www.genealogiequebec.com\/blog\/?p=4416\/"},"modified":"2023-03-08T14:02:21","modified_gmt":"2023-03-08T19:02:21","slug":"renumerisation-des-registres-paroissiaux-sur-genealogie-quebec-2","status":"publish","type":"post","link":"https:\/\/www.genealogiequebec.com\/blog\/2023\/03\/08\/renumerisation-des-registres-paroissiaux-sur-genealogie-quebec-2\/","title":{"rendered":"Renum\u00e9risation des registres paroissiaux sur G\u00e9n\u00e9alogie Qu\u00e9bec"},"content":{"rendered":"\n<figure class=\"wp-block-image size-large is-resized\"><img decoding=\"async\" src=\"https:\/\/www.genealogiequebec.com\/blog\/wp-content\/uploads\/2021\/07\/IGD-large-1024x336.png\" alt=\"\" class=\"wp-image-2661\" width=\"393\" height=\"129\"\/><\/figure>\n\n\n\n<p><strong>135 000<\/strong>&nbsp;images provenant des registres de 158 paroisses catholiques et protestantes du Qu\u00e9bec ont \u00e9t\u00e9 renum\u00e9ris\u00e9es sur&nbsp;<a href=\"https:\/\/www.genealogiequebec.com\/fr\/\" target=\"_blank\" rel=\"noreferrer noopener\">G\u00e9n\u00e9alogie Qu\u00e9bec<\/a>, dans le but d&rsquo;en am\u00e9liorer la qualit\u00e9 et la lisibilit\u00e9.<\/p>\n\n\n\n<p>Plus d&rsquo;<strong>un million<\/strong>&nbsp;d&rsquo;images de la&nbsp;<em>collection Drouin<\/em>&nbsp;ont \u00e9t\u00e9 renum\u00e9ris\u00e9es au cours des derni\u00e8res ann\u00e9es.<\/p>\n\n\n\n<figure class=\"wp-block-gallery columns-2 is-cropped wp-block-gallery-2 is-layout-flex wp-block-gallery-is-layout-flex\"><ul class=\"blocks-gallery-grid\"><li class=\"blocks-gallery-item\"><figure><a href=\"https:\/\/www.genealogiequebec.com\/blog\/wp-content\/uploads\/2022\/05\/Hull-avant-apres-titre-FR.png\"><img decoding=\"async\" width=\"1024\" height=\"790\" src=\"https:\/\/www.genealogiequebec.com\/blog\/wp-content\/uploads\/2022\/05\/Hull-avant-apres-titre-FR-1024x790.png\" alt=\"\" data-id=\"3538\" data-full-url=\"https:\/\/www.genealogiequebec.com\/blog\/wp-content\/uploads\/2022\/05\/Hull-avant-apres-titre-FR.png\" data-link=\"https:\/\/www.genealogiequebec.com\/blog\/2022\/05\/09\/renumerisation-des-registres-paroissiaux-sur-genealogie-quebec\/hull-avant-apres-titre-fr\/\" class=\"wp-image-3538\" srcset=\"https:\/\/www.genealogiequebec.com\/blog\/wp-content\/uploads\/2022\/05\/Hull-avant-apres-titre-FR-1024x790.png 1024w, https:\/\/www.genealogiequebec.com\/blog\/wp-content\/uploads\/2022\/05\/Hull-avant-apres-titre-FR-300x231.png 300w, https:\/\/www.genealogiequebec.com\/blog\/wp-content\/uploads\/2022\/05\/Hull-avant-apres-titre-FR-768x592.png 768w, https:\/\/www.genealogiequebec.com\/blog\/wp-content\/uploads\/2022\/05\/Hull-avant-apres-titre-FR-1536x1184.png 1536w, https:\/\/www.genealogiequebec.com\/blog\/wp-content\/uploads\/2022\/05\/Hull-avant-apres-titre-FR.png 2048w\" sizes=\"(max-width: 767px) 89vw, (max-width: 1000px) 54vw, (max-width: 1071px) 543px, 580px\" \/><\/a><\/figure><\/li><li class=\"blocks-gallery-item\"><figure><a href=\"https:\/\/www.genealogiequebec.com\/blog\/wp-content\/uploads\/2022\/05\/StRegis-avant-apres-titre-FR.png\"><img decoding=\"async\" width=\"1024\" height=\"827\" src=\"https:\/\/www.genealogiequebec.com\/blog\/wp-content\/uploads\/2022\/05\/StRegis-avant-apres-titre-FR-1024x827.png\" alt=\"\" data-id=\"3539\" data-full-url=\"https:\/\/www.genealogiequebec.com\/blog\/wp-content\/uploads\/2022\/05\/StRegis-avant-apres-titre-FR.png\" data-link=\"https:\/\/www.genealogiequebec.com\/blog\/2022\/05\/09\/renumerisation-des-registres-paroissiaux-sur-genealogie-quebec\/stregis-avant-apres-titre-fr\/\" class=\"wp-image-3539\" srcset=\"https:\/\/www.genealogiequebec.com\/blog\/wp-content\/uploads\/2022\/05\/StRegis-avant-apres-titre-FR-1024x827.png 1024w, https:\/\/www.genealogiequebec.com\/blog\/wp-content\/uploads\/2022\/05\/StRegis-avant-apres-titre-FR-300x242.png 300w, https:\/\/www.genealogiequebec.com\/blog\/wp-content\/uploads\/2022\/05\/StRegis-avant-apres-titre-FR-768x620.png 768w, https:\/\/www.genealogiequebec.com\/blog\/wp-content\/uploads\/2022\/05\/StRegis-avant-apres-titre-FR-1536x1241.png 1536w, https:\/\/www.genealogiequebec.com\/blog\/wp-content\/uploads\/2022\/05\/StRegis-avant-apres-titre-FR.png 2003w\" sizes=\"(max-width: 767px) 89vw, (max-width: 1000px) 54vw, (max-width: 1071px) 543px, 580px\" \/><\/a><\/figure><\/li><\/ul><figcaption class=\"blocks-gallery-caption\">Images renum\u00e9ris\u00e9es.<br>Source: Registres du Fonds Drouin,\u00a0<a href=\"https:\/\/www.genealogiequebec.com\/fr\/\" target=\"_blank\" rel=\"noreferrer noopener\">GenealogieQuebec.com<\/a><\/figcaption><\/figure>\n\n\n\n<p><\/p>\n\n\n\n<p>La r\u00e9solution de ces nouvelles images est de deux \u00e0 trois fois plus \u00e9lev\u00e9e que celle de la copie initiale, ce qui assure une lisibilit\u00e9 in\u00e9gal\u00e9e.<\/p>\n\n\n\n<p>Consultez&nbsp;<strong>tous les registres paroissiaux du Qu\u00e9bec<\/strong>&nbsp;ainsi que des millions d&rsquo;autres documents historiques en vous abonnant \u00e0 G\u00e9n\u00e9alogie Qu\u00e9bec d\u00e8s aujourd&rsquo;hui!<\/p>\n\n\n\n<div class=\"wp-block-image\"><figure class=\"aligncenter size-full\"><a href=\"https:\/\/www.genealogiequebec.com\/fr\/abonnement\"><img decoding=\"async\" width=\"296\" height=\"63\" src=\"https:\/\/www.genealogiequebec.com\/blog\/wp-content\/uploads\/2020\/06\/sabonner-contour.png\" alt=\"\" class=\"wp-image-1725\"\/><\/a><\/figure><\/div>\n\n\n\n<h2 class=\"wp-block-heading\">Les Registres du Fonds Drouin<\/h2>\n\n\n\n<p>Les&nbsp;<em>Registres du Fonds Drouin<\/em>, aussi appel\u00e9s \u201c<em>collection Drouin<\/em>\u201d, sont une collection d\u2019images de registres paroissiaux (bapt\u00eames, mariages et s\u00e9pultures) couvrant l&rsquo;enti\u00e8ret\u00e9 du Qu\u00e9bec et de l\u2019Acadie fran\u00e7aise ainsi qu\u2019une partie de l\u2019Ontario, du Nouveau-Brunswick et du Nord-Est des \u00c9tats-Unis, de l&rsquo;ouverture des registres paroissiaux jusqu&rsquo;aux ann\u00e9es 1940 et parfois 1960.<\/p>\n\n\n\n<p>Vous pouvez les consulter avec un abonnement \u00e0 G\u00e9n\u00e9alogie Qu\u00e9bec&nbsp;<a href=\"https:\/\/www.genealogiequebec.com\/fr\/outils\/registres-drouin\" target=\"_blank\" rel=\"noreferrer noopener\">\u00e0 cette adresse<\/a>.<\/p>\n\n\n\n<p>L&rsquo;outil&nbsp;<em>LAFRANCE<\/em>,&nbsp;aussi disponible aux abonn\u00e9s de G\u00e9n\u00e9alogie Qu\u00e9bec, est un engin de recherche vous permettant d&rsquo;explorer ces registres paroissiaux en cherchant par le nom du ou des individus mentionn\u00e9s dans les actes.<\/p>\n\n\n\n<figure class=\"wp-block-gallery columns-2 is-cropped wp-block-gallery-3 is-layout-flex wp-block-gallery-is-layout-flex\"><ul class=\"blocks-gallery-grid\"><li class=\"blocks-gallery-item\"><figure><a href=\"https:\/\/www.genealogiequebec.com\/blog\/wp-content\/uploads\/2023\/03\/recherche-lafrance-genealogie-quebec-e1678301080600.png\"><img decoding=\"async\" width=\"1024\" height=\"457\" src=\"https:\/\/www.genealogiequebec.com\/blog\/wp-content\/uploads\/2023\/03\/recherche-lafrance-genealogie-quebec-e1678301080600-1024x457.png\" alt=\"\" data-id=\"4418\" data-full-url=\"https:\/\/www.genealogiequebec.com\/blog\/wp-content\/uploads\/2023\/03\/recherche-lafrance-genealogie-quebec-e1678301080600.png\" data-link=\"https:\/\/www.genealogiequebec.com\/blog\/?attachment_id=4418\" class=\"wp-image-4418\" srcset=\"https:\/\/www.genealogiequebec.com\/blog\/wp-content\/uploads\/2023\/03\/recherche-lafrance-genealogie-quebec-e1678301080600-1024x457.png 1024w, https:\/\/www.genealogiequebec.com\/blog\/wp-content\/uploads\/2023\/03\/recherche-lafrance-genealogie-quebec-e1678301080600-300x134.png 300w, https:\/\/www.genealogiequebec.com\/blog\/wp-content\/uploads\/2023\/03\/recherche-lafrance-genealogie-quebec-e1678301080600-768x343.png 768w, https:\/\/www.genealogiequebec.com\/blog\/wp-content\/uploads\/2023\/03\/recherche-lafrance-genealogie-quebec-e1678301080600-1536x685.png 1536w, https:\/\/www.genealogiequebec.com\/blog\/wp-content\/uploads\/2023\/03\/recherche-lafrance-genealogie-quebec-e1678301080600.png 1860w\" sizes=\"(max-width: 767px) 89vw, (max-width: 1000px) 54vw, (max-width: 1071px) 543px, 580px\" \/><\/a><\/figure><\/li><li class=\"blocks-gallery-item\"><figure><a href=\"https:\/\/www.genealogiequebec.com\/blog\/wp-content\/uploads\/2023\/03\/bapteme-louis-desjardins-genealogie-quebec-e1678301065197.jpg\"><img decoding=\"async\" width=\"1024\" height=\"499\" src=\"https:\/\/www.genealogiequebec.com\/blog\/wp-content\/uploads\/2023\/03\/bapteme-louis-desjardins-genealogie-quebec-e1678301065197-1024x499.jpg\" alt=\"\" data-id=\"4417\" data-full-url=\"https:\/\/www.genealogiequebec.com\/blog\/wp-content\/uploads\/2023\/03\/bapteme-louis-desjardins-genealogie-quebec-e1678301065197.jpg\" data-link=\"https:\/\/www.genealogiequebec.com\/blog\/?attachment_id=4417\" class=\"wp-image-4417\" srcset=\"https:\/\/www.genealogiequebec.com\/blog\/wp-content\/uploads\/2023\/03\/bapteme-louis-desjardins-genealogie-quebec-e1678301065197-1024x499.jpg 1024w, https:\/\/www.genealogiequebec.com\/blog\/wp-content\/uploads\/2023\/03\/bapteme-louis-desjardins-genealogie-quebec-e1678301065197-300x146.jpg 300w, https:\/\/www.genealogiequebec.com\/blog\/wp-content\/uploads\/2023\/03\/bapteme-louis-desjardins-genealogie-quebec-e1678301065197-768x374.jpg 768w, https:\/\/www.genealogiequebec.com\/blog\/wp-content\/uploads\/2023\/03\/bapteme-louis-desjardins-genealogie-quebec-e1678301065197-1536x748.jpg 1536w, https:\/\/www.genealogiequebec.com\/blog\/wp-content\/uploads\/2023\/03\/bapteme-louis-desjardins-genealogie-quebec-e1678301065197.jpg 1921w\" sizes=\"(max-width: 767px) 89vw, (max-width: 1000px) 54vw, (max-width: 1071px) 543px, 580px\" \/><\/a><\/figure><\/li><\/ul><figcaption class=\"blocks-gallery-caption\">Exemple d&rsquo;une recherche dans l&rsquo;outil&nbsp;<em>LAFRANCE<\/em>&nbsp;de GenealogieQuebec.com<\/figcaption><\/figure>\n\n\n\n<p><\/p>\n\n\n\n<p>Vous pouvez consulter le&nbsp;<em>LAFRANCE<\/em>&nbsp;<a href=\"https:\/\/www.genealogiequebec.com\/fr\/outils\/lafrance\" target=\"_blank\" rel=\"noreferrer noopener\">\u00e0 cette adresse<\/a>.<\/p>\n\n\n\n<h2 class=\"wp-block-heading\">Liste des paroisses renum\u00e9ris\u00e9es<\/h2>\n\n\n\n<p>Voici la liste des paroisses dont le registre a \u00e9t\u00e9 renum\u00e9ris\u00e9 lors de cette mise.<\/p>\n\n\n\n<figure class=\"wp-block-table is-style-stripes\"><table><tbody><tr><td>Arthabaska (Missions)<\/td><td>Caughnawaga (United Church)<\/td><td>Delson (United Church)<\/td><\/tr><tr><td>Dorion<\/td><td>Drummondville (St-Fr\u00e9d\u00e9ric)<\/td><td>Durham-Sud (St-Fulgence)<\/td><\/tr><tr><td>East Broughton<\/td><td>Frampton (St-\u00c9douard)<\/td><td>Greenfield Park (United Church)<\/td><\/tr><tr><td>Hampstead (United Church)<\/td><td>Hudson (United Church)<\/td><td>Lac-Etchemin<\/td><\/tr><tr><td>Lachine (S\u0153urs Ste-Anne)<\/td><td>Lachine (United Church Grace)<\/td><td>Lachine (United Church Saint Andrew)<\/td><\/tr><tr><td>Lac-M\u00e9gantic (Ste-Agn\u00e8s)<\/td><td>Lambton (St-Vital)<\/td><td>Longueuil (United Church Gardenville)<\/td><\/tr><tr><td>McMasterville (United Church)<\/td><td>Montr\u00e9al (Aide \u00e0 la Femme)<\/td><td>Montr\u00e9al (Anglican, Christ Church)<\/td><\/tr><tr><td>Montr\u00e9al (Assistance Maternelle)<\/td><td>Montr\u00e9al (Basilique Notre-Dame)<\/td><td>Montr\u00e9al (Cimeti\u00e8re de l&rsquo;Est)<\/td><\/tr><tr><td>Montr\u00e9al (Congr\u00e9gation Notre-Dame)<\/td><td>Montr\u00e9al (Couvent des Franciscains)<\/td><td>Montr\u00e9al (Cr\u00e8che de la Mis\u00e9ricorde &amp; Hospice de la Maternit\u00e9)<\/td><\/tr><tr><td>Montr\u00e9al (Holy Cross)<\/td><td>Montr\u00e9al (H\u00f4pital Notre-Dame)<\/td><td>Montr\u00e9al (H\u00f4pital Ste-Justine)<\/td><\/tr><tr><td>Montr\u00e9al (H\u00f4pital Ste-Justine)<\/td><td>Montr\u00e9al (H\u00f4pital St-Luc)<\/td><td>Montr\u00e9al (Longue-Pointe, St-Fran\u00e7ois-d&rsquo;Assise)<\/td><\/tr><tr><td>Montr\u00e9al (Monast\u00e8re des Carm\u00e9lites)<\/td><td>Montr\u00e9al (Monast\u00e8re du Bon-Pasteur)<\/td><td>Montr\u00e9al (Saint Anthony of Padua)<\/td><\/tr><tr><td>Montr\u00e9al (St-Bernard)<\/td><td>Montr\u00e9al (St-Charles)<\/td><td>Montr\u00e9al (Ste-Jeanne-d&rsquo;Arc)<\/td><\/tr><tr><td>Montr\u00e9al (Ste-Marguerite-Marie)<\/td><td>Montr\u00e9al (Ste-Th\u00e9r\u00e8se-de-l&rsquo;Enfant-J\u00e9sus)<\/td><td>Montr\u00e9al (St-Jean-Baptiste-Vianney)<\/td><\/tr><tr><td>Montr\u00e9al (St-Louis-de-Gonzague)<\/td><td>Montr\u00e9al (St-Sauveur)<\/td><td>Montr\u00e9al (Tr\u00e8s-Ste-Trinit\u00e9)<\/td><\/tr><tr><td>Montr\u00e9al (United Church All Nation)<\/td><td>Montr\u00e9al (United Church Calvary)<\/td><td>Montr\u00e9al (United Church Calvin Westminster)<\/td><\/tr><tr><td>Montr\u00e9al (United Church Centenary)<\/td><td>Montr\u00e9al (United Church Central)<\/td><td>Montr\u00e9al (United Church Chalmers)<\/td><\/tr><tr><td>Montr\u00e9al (United Church Chinese Montreal)<\/td><td>Montr\u00e9al (United Church City Mission)<\/td><td>Montr\u00e9al (United Church C\u00f4te-des-Neiges)<\/td><\/tr><tr><td>Montr\u00e9al (United Church Crystal Springs)<\/td><td>Montr\u00e9al (United Church Dominion Douglas)<\/td><td>Montr\u00e9al (United Church Emmanuel)<\/td><\/tr><tr><td>Montr\u00e9al (United Church Erskine &amp; American)<\/td><td>Montr\u00e9al (United Church French Saint John)<\/td><td>Montr\u00e9al (United Church French Sauveur)<\/td><\/tr><tr><td>Montr\u00e9al (United Church French Summerlea)<\/td><td>Montr\u00e9al (United Church Hospital Mission)<\/td><td>Montr\u00e9al (United Church Hungarian)<\/td><\/tr><tr><td>Montr\u00e9al (United Church Inspector Mission)<\/td><td>Montr\u00e9al (United Church Italian of the Redeemer)<\/td><td>Montr\u00e9al (United Church La Croix)<\/td><\/tr><tr><td>Montr\u00e9al (United Church Livingstone)<\/td><td>Montr\u00e9al (United Church Main Memorial)<\/td><td>Montr\u00e9al (United Church Mount Royal)<\/td><\/tr><tr><td>Montr\u00e9al (United Church Mountain Street)<\/td><td>Montr\u00e9al (United Church North End)<\/td><td>Montr\u00e9al (United Church Norwood)<\/td><\/tr><tr><td>Montr\u00e9al (United Church Port de Montr\u00e9al)<\/td><td>Montr\u00e9al (United Church Private Chapel)<\/td><td>Montr\u00e9al (United Church Rockfield)<\/td><\/tr><tr><td>Montr\u00e9al (United Church Rosedale)<\/td><td>Montr\u00e9al (United Church Saint Columba House)<\/td><td>Montr\u00e9al (United Church Saint Cuthbert)<\/td><\/tr><tr><td>Montr\u00e9al (United Church Saint Georges)<\/td><td>Montr\u00e9al (United Church Saint Giles)<\/td><td>Montr\u00e9al (United Church Saint Giles)<\/td><\/tr><tr><td>Montr\u00e9al (United Church Saint James)<\/td><td>Montr\u00e9al (United Church Saint Luke)<\/td><td>Montr\u00e9al (United Church Saint Mark)<\/td><\/tr><tr><td>Montr\u00e9al (United Church Shaw Memorial)<\/td><td>Montr\u00e9al (United Church Westminster Central)<\/td><td>Montr\u00e9al, Rosemont (United Church Central)<\/td><\/tr><tr><td>Montr\u00e9al, Rosemont (United Church First)<\/td><td>Montr\u00e9al-Est (St-Octave)<\/td><td>Montr\u00e9al-Est (United Church)<\/td><\/tr><tr><td>Montr\u00e9al-Nord (Ste-Gertrude)<\/td><td>Montr\u00e9al-Nord (St-Vital)<\/td><td>Montr\u00e9al-Sud (United Church)<\/td><\/tr><tr><td>Montr\u00e9al-West (United Church)<\/td><td>Mont-Royal (United Church First)<\/td><td>Pointe-aux-Trembles (Cr\u00e8che St-Fran\u00e7ois-d&rsquo;Assise)<\/td><\/tr><tr><td>Pointe-aux-Trembles (Filles Consolatrices du Divin C\u0153ur)<\/td><td>Pointe-aux-Trembles (P\u00e8res Capucins)<\/td><td>Pointe-aux-Trembles (United Church, Fran\u00e7aise \u00c9vang\u00e9lique)<\/td><\/tr><tr><td>Pointe-Claire (Ste-Jeanne-de-Chantal)<\/td><td>Pointe-Claire (United Church, Lilly Memorial)<\/td><td>Pointe-Fortune (United Church)<\/td><\/tr><tr><td>Princeville (St-Eus\u00e8be-de-Stanfold)<\/td><td>Richardville<\/td><td>Rigaud (Jardin de l&rsquo;Enfance)<\/td><\/tr><tr><td>St-Albert-de-Warwick<\/td><td>St-Alfred<\/td><td>Standon (St-L\u00e9on)<\/td><\/tr><tr><td>St-Anselme<\/td><td>St-Benjamin<\/td><td>St-Benoit-Labre<\/td><\/tr><tr><td>St-C\u0153ur-de-Marie (M\u00e9gantic)<\/td><td>St-C\u00f4me-Kennebec<\/td><td>St-Cyprien (Dorchester)<\/td><\/tr><tr><td>St-Cyrille-de-Wendover<\/td><td>Ste-Anne-de-Bellevue (United Church Union)<\/td><td>Ste-Claire (Dorchester)<\/td><\/tr><tr><td>Ste-Clotilde (Dorchester)<\/td><td>Ste-Clotilde-de-Horton<\/td><td>St-Edmond-de-Grantham<\/td><\/tr><tr><td>Ste-\u00c9lisabeth-de-Warwick<\/td><td>Ste-H\u00e9l\u00e8ne-de-Chester<\/td><td>Ste-Jeanne-d&rsquo;Arc (Drummond)<\/td><\/tr><tr><td>St-Elz\u00e9ar-de-Lini\u00e8re<\/td><td>St-\u00c9phrem-de-Tring<\/td><td>Ste-S\u00e9raphine<\/td><\/tr><tr><td>Ste-Sophie (Ste-Sophie-d&rsquo;Halifax)<\/td><td>St-Eug\u00e8ne-de-Grantham<\/td><td>St-\u00c9variste-de-Forsyth<\/td><\/tr><tr><td>St-Ferdinand (St-Ferdinand-d&rsquo;Halifax)<\/td><td>St-Fr\u00e9d\u00e9ric (Beauce)<\/td><td>St-Germain-de-Grantham<\/td><\/tr><tr><td>St-Hubert (St-Jean-Eudes)<\/td><td>St-Jean-Baptiste-Marie-Vianney<\/td><td>St-Lambert (Notre-Dame-du-Sacr\u00e9-C\u0153ur)<\/td><\/tr><tr><td>St-Lambert (United Church)<\/td><td>St-Laurent (United Church Saint Andrew)<\/td><td>St-L\u00e9onard (St-L\u00e9onard-de-Port-Maurice)<\/td><\/tr><tr><td>St-Lucien<\/td><td>St-Majorique-de-Grantham<\/td><td>St-Nic\u00e9phore<\/td><\/tr><tr><td>St-Norbert-d&rsquo;Arthabaska<\/td><td>St-Paul-de-Chester<\/td><td>St-Pierre-Baptiste<\/td><\/tr><tr><td>St-R\u00e9mi-de-Tingwick<\/td><td>St-Rosaire<\/td><td>Sts-Anges<\/td><\/tr><tr><td>St-Val\u00e8re<\/td><td>Thetford Mines (St-Alphonse)<\/td><td>Thetford Mines (St-Maurice)<\/td><\/tr><tr><td>Tingwick (St-Patrice)<\/td><td>Vall\u00e9e-Jonction<\/td><td>Victoriaville (Ste-Victoire)<\/td><\/tr><tr><td>Ville-\u00c9mard (St-Jean-de-Matha)<\/td><td>Warwick (St-M\u00e9dard)<\/td><td>Westmount (Ascension of Our Lord)<\/td><\/tr><tr><td>Westmount (United Church Saint Andrew)<\/td><td>Wickham<\/td><td>&nbsp;<\/td><\/tr><\/tbody><\/table><\/figure>\n\n\n\n<p>G\u00e9n\u00e9alogiquement v\u00f4tre,<\/p>\n\n\n\n<p>L&rsquo;\u00e9quipe Drouin<\/p>\n","protected":false},"excerpt":{"rendered":"<p>135 000&nbsp;images provenant des registres de 158 paroisses catholiques et protestantes du Qu\u00e9bec ont \u00e9t\u00e9 renum\u00e9ris\u00e9es sur&nbsp;G\u00e9n\u00e9alogie Qu\u00e9bec, dans le but d&rsquo;en am\u00e9liorer la qualit\u00e9 et la lisibilit\u00e9. Plus d&rsquo;un million&nbsp;d&rsquo;images de la&nbsp;collection Drouin&nbsp;ont \u00e9t\u00e9 renum\u00e9ris\u00e9es au cours des derni\u00e8res ann\u00e9es. La r\u00e9solution de ces nouvelles images est de deux \u00e0 trois fois plus \u00e9lev\u00e9e &hellip; <\/p>\n<p class=\"link-more\"><a href=\"https:\/\/www.genealogiequebec.com\/blog\/2023\/03\/08\/renumerisation-des-registres-paroissiaux-sur-genealogie-quebec-2\/\" class=\"more-link\">Continuer la lecture<span class=\"screen-reader-text\"> de &laquo;&nbsp;Renum\u00e9risation des registres paroissiaux sur G\u00e9n\u00e9alogie Qu\u00e9bec&nbsp;&raquo;<\/span><\/a><\/p>\n","protected":false},"author":1,"featured_media":0,"comment_status":"closed","ping_status":"open","sticky":false,"template":"","format":"standard","meta":{"footnotes":""},"categories":[4],"tags":[],"class_list":["post-4416","post","type-post","status-publish","format-standard","hentry","category-infolettres"],"yoast_head":"<!-- This site is optimized with the Yoast SEO plugin v26.9 - https:\/\/yoast.com\/product\/yoast-seo-wordpress\/ -->\r\n<title>Renum\u00e9risation des registres paroissiaux sur G\u00e9n\u00e9alogie Qu\u00e9bec<\/title>\r\n<meta name=\"robots\" content=\"index, follow, max-snippet:-1, max-image-preview:large, max-video-preview:-1\" \/>\r\n<link rel=\"canonical\" href=\"https:\/\/www.genealogiequebec.com\/blog\/2023\/03\/08\/renumerisation-des-registres-paroissiaux-sur-genealogie-quebec-2\/\" \/>\r\n<meta property=\"og:locale\" content=\"fr_FR\" \/>\r\n<meta property=\"og:type\" content=\"article\" \/>\r\n<meta property=\"og:title\" content=\"Renum\u00e9risation des registres paroissiaux sur G\u00e9n\u00e9alogie Qu\u00e9bec\" \/>\r\n<meta property=\"og:description\" content=\"135 000&nbsp;images provenant des registres de 158 paroisses catholiques et protestantes du Qu\u00e9bec ont \u00e9t\u00e9 renum\u00e9ris\u00e9es sur&nbsp;G\u00e9n\u00e9alogie Qu\u00e9bec, dans le but d&rsquo;en am\u00e9liorer la qualit\u00e9 et la lisibilit\u00e9. Plus d&rsquo;un million&nbsp;d&rsquo;images de la&nbsp;collection Drouin&nbsp;ont \u00e9t\u00e9 renum\u00e9ris\u00e9es au cours des derni\u00e8res ann\u00e9es. La r\u00e9solution de ces nouvelles images est de deux \u00e0 trois fois plus \u00e9lev\u00e9e &hellip; Continuer la lecture de &laquo;&nbsp;Renum\u00e9risation des registres paroissiaux sur G\u00e9n\u00e9alogie Qu\u00e9bec&nbsp;&raquo;\" \/>\r\n<meta property=\"og:url\" content=\"https:\/\/www.genealogiequebec.com\/blog\/2023\/03\/08\/renumerisation-des-registres-paroissiaux-sur-genealogie-quebec-2\/\" \/>\r\n<meta property=\"og:site_name\" content=\"G\u00e9n\u00e9alogie et histoire du Qu\u00e9bec\" \/>\r\n<meta property=\"article:publisher\" content=\"https:\/\/www.facebook.com\/InstitutDrouin\" \/>\r\n<meta property=\"article:published_time\" content=\"2023-03-08T18:50:36+00:00\" \/>\r\n<meta property=\"article:modified_time\" content=\"2023-03-08T19:02:21+00:00\" \/>\r\n<meta property=\"og:image\" content=\"https:\/\/www.genealogiequebec.com\/blog\/wp-content\/uploads\/2022\/05\/Hull-avant-apres-titre-FR-1024x790.png\" \/>\r\n\t<meta property=\"og:image:width\" content=\"1024\" \/>\r\n\t<meta property=\"og:image:height\" content=\"790\" \/>\r\n\t<meta property=\"og:image:type\" content=\"image\/png\" \/>\r\n<meta name=\"author\" content=\"Institut Drouin\" \/>\r\n<meta name=\"twitter:card\" content=\"summary_large_image\" \/>\r\n<meta name=\"twitter:image\" content=\"https:\/\/www.genealogiequebec.com\/blog\/wp-content\/uploads\/2022\/05\/Hull-avant-apres-titre-FR.png\" \/>\r\n<meta name=\"twitter:creator\" content=\"@institutdrouin\" \/>\r\n<meta name=\"twitter:site\" content=\"@institutdrouin\" \/>\r\n<meta name=\"twitter:label1\" content=\"\u00c9crit par\" \/>\n\t<meta name=\"twitter:data1\" content=\"Institut Drouin\" \/>\n\t<meta name=\"twitter:label2\" content=\"Dur\u00e9e de lecture estim\u00e9e\" \/>\n\t<meta name=\"twitter:data2\" content=\"5 minutes\" \/>\r\n<script type=\"application\/ld+json\" class=\"yoast-schema-graph\">{\"@context\":\"https:\/\/schema.org\",\"@graph\":[{\"@type\":\"Article\",\"@id\":\"https:\/\/www.genealogiequebec.com\/blog\/2023\/03\/08\/renumerisation-des-registres-paroissiaux-sur-genealogie-quebec-2\/#article\",\"isPartOf\":{\"@id\":\"https:\/\/www.genealogiequebec.com\/blog\/2023\/03\/08\/renumerisation-des-registres-paroissiaux-sur-genealogie-quebec-2\/\"},\"author\":{\"name\":\"Institut Drouin\",\"@id\":\"https:\/\/www.genealogiequebec.com\/blog\/#\/schema\/person\/f1083726f11d1f2b6ead79ec5850ca06\"},\"headline\":\"Renum\u00e9risation des registres paroissiaux sur G\u00e9n\u00e9alogie Qu\u00e9bec\",\"datePublished\":\"2023-03-08T18:50:36+00:00\",\"dateModified\":\"2023-03-08T19:02:21+00:00\",\"mainEntityOfPage\":{\"@id\":\"https:\/\/www.genealogiequebec.com\/blog\/2023\/03\/08\/renumerisation-des-registres-paroissiaux-sur-genealogie-quebec-2\/\"},\"wordCount\":929,\"publisher\":{\"@id\":\"https:\/\/www.genealogiequebec.com\/blog\/#organization\"},\"image\":{\"@id\":\"https:\/\/www.genealogiequebec.com\/blog\/2023\/03\/08\/renumerisation-des-registres-paroissiaux-sur-genealogie-quebec-2\/#primaryimage\"},\"thumbnailUrl\":\"https:\/\/www.genealogiequebec.com\/blog\/wp-content\/uploads\/2021\/07\/IGD-large-1024x336.png\",\"articleSection\":[\"Infolettres\"],\"inLanguage\":\"fr-FR\"},{\"@type\":\"WebPage\",\"@id\":\"https:\/\/www.genealogiequebec.com\/blog\/2023\/03\/08\/renumerisation-des-registres-paroissiaux-sur-genealogie-quebec-2\/\",\"url\":\"https:\/\/www.genealogiequebec.com\/blog\/2023\/03\/08\/renumerisation-des-registres-paroissiaux-sur-genealogie-quebec-2\/\",\"name\":\"Renum\u00e9risation des registres paroissiaux sur G\u00e9n\u00e9alogie Qu\u00e9bec\",\"isPartOf\":{\"@id\":\"https:\/\/www.genealogiequebec.com\/blog\/#website\"},\"primaryImageOfPage\":{\"@id\":\"https:\/\/www.genealogiequebec.com\/blog\/2023\/03\/08\/renumerisation-des-registres-paroissiaux-sur-genealogie-quebec-2\/#primaryimage\"},\"image\":{\"@id\":\"https:\/\/www.genealogiequebec.com\/blog\/2023\/03\/08\/renumerisation-des-registres-paroissiaux-sur-genealogie-quebec-2\/#primaryimage\"},\"thumbnailUrl\":\"https:\/\/www.genealogiequebec.com\/blog\/wp-content\/uploads\/2021\/07\/IGD-large-1024x336.png\",\"datePublished\":\"2023-03-08T18:50:36+00:00\",\"dateModified\":\"2023-03-08T19:02:21+00:00\",\"breadcrumb\":{\"@id\":\"https:\/\/www.genealogiequebec.com\/blog\/2023\/03\/08\/renumerisation-des-registres-paroissiaux-sur-genealogie-quebec-2\/#breadcrumb\"},\"inLanguage\":\"fr-FR\",\"potentialAction\":[{\"@type\":\"ReadAction\",\"target\":[\"https:\/\/www.genealogiequebec.com\/blog\/2023\/03\/08\/renumerisation-des-registres-paroissiaux-sur-genealogie-quebec-2\/\"]}]},{\"@type\":\"ImageObject\",\"inLanguage\":\"fr-FR\",\"@id\":\"https:\/\/www.genealogiequebec.com\/blog\/2023\/03\/08\/renumerisation-des-registres-paroissiaux-sur-genealogie-quebec-2\/#primaryimage\",\"url\":\"https:\/\/www.genealogiequebec.com\/blog\/wp-content\/uploads\/2021\/07\/IGD-large-e1650912258920.png\",\"contentUrl\":\"https:\/\/www.genealogiequebec.com\/blog\/wp-content\/uploads\/2021\/07\/IGD-large-e1650912258920.png\",\"width\":390,\"height\":128},{\"@type\":\"BreadcrumbList\",\"@id\":\"https:\/\/www.genealogiequebec.com\/blog\/2023\/03\/08\/renumerisation-des-registres-paroissiaux-sur-genealogie-quebec-2\/#breadcrumb\",\"itemListElement\":[{\"@type\":\"ListItem\",\"position\":1,\"name\":\"Accueil\",\"item\":\"https:\/\/www.genealogiequebec.com\/blog\/\"},{\"@type\":\"ListItem\",\"position\":2,\"name\":\"Infolettres\",\"item\":\"https:\/\/www.genealogiequebec.com\/blog\/category\/infolettres\/\"},{\"@type\":\"ListItem\",\"position\":3,\"name\":\"Renum\u00e9risation des registres paroissiaux sur G\u00e9n\u00e9alogie Qu\u00e9bec\"}]},{\"@type\":\"WebSite\",\"@id\":\"https:\/\/www.genealogiequebec.com\/blog\/#website\",\"url\":\"https:\/\/www.genealogiequebec.com\/blog\/\",\"name\":\"G\u00e9n\u00e9alogie et histoire du Qu\u00e9bec\",\"description\":\"Le blog de l&#039;institut Drouin\",\"publisher\":{\"@id\":\"https:\/\/www.genealogiequebec.com\/blog\/#organization\"},\"potentialAction\":[{\"@type\":\"SearchAction\",\"target\":{\"@type\":\"EntryPoint\",\"urlTemplate\":\"https:\/\/www.genealogiequebec.com\/blog\/?s={search_term_string}\"},\"query-input\":{\"@type\":\"PropertyValueSpecification\",\"valueRequired\":true,\"valueName\":\"search_term_string\"}}],\"inLanguage\":\"fr-FR\"},{\"@type\":\"Organization\",\"@id\":\"https:\/\/www.genealogiequebec.com\/blog\/#organization\",\"name\":\"Institut g\u00e9n\u00e9alogique Drouin\",\"url\":\"https:\/\/www.genealogiequebec.com\/blog\/\",\"logo\":{\"@type\":\"ImageObject\",\"inLanguage\":\"fr-FR\",\"@id\":\"https:\/\/www.genealogiequebec.com\/blog\/#\/schema\/logo\/image\/\",\"url\":\"https:\/\/www.genealogiequebec.com\/blog\/wp-content\/uploads\/2019\/11\/IGD-large.png\",\"contentUrl\":\"https:\/\/www.genealogiequebec.com\/blog\/wp-content\/uploads\/2019\/11\/IGD-large.png\",\"width\":1893,\"height\":621,\"caption\":\"Institut g\u00e9n\u00e9alogique Drouin\"},\"image\":{\"@id\":\"https:\/\/www.genealogiequebec.com\/blog\/#\/schema\/logo\/image\/\"},\"sameAs\":[\"https:\/\/www.facebook.com\/InstitutDrouin\",\"https:\/\/x.com\/institutdrouin\",\"https:\/\/www.instagram.com\/genealogiequebec\/\",\"https:\/\/www.twitter.com\/institutdrouin\"]},{\"@type\":\"Person\",\"@id\":\"https:\/\/www.genealogiequebec.com\/blog\/#\/schema\/person\/f1083726f11d1f2b6ead79ec5850ca06\",\"name\":\"Institut Drouin\",\"image\":{\"@type\":\"ImageObject\",\"inLanguage\":\"fr-FR\",\"@id\":\"https:\/\/www.genealogiequebec.com\/blog\/#\/schema\/person\/image\/\",\"url\":\"https:\/\/secure.gravatar.com\/avatar\/8033ce23576b31b989429c1527bd70a807bbbe88e14f28a4bc5d8892d0bc4e54?s=96&d=mm&r=g\",\"contentUrl\":\"https:\/\/secure.gravatar.com\/avatar\/8033ce23576b31b989429c1527bd70a807bbbe88e14f28a4bc5d8892d0bc4e54?s=96&d=mm&r=g\",\"caption\":\"Institut Drouin\"},\"url\":\"https:\/\/www.genealogiequebec.com\/blog\/author\/institutdrouin\/\"}]}<\/script>\r\n<!-- \/ Yoast SEO plugin. -->","yoast_head_json":{"title":"Renum\u00e9risation des registres paroissiaux sur G\u00e9n\u00e9alogie Qu\u00e9bec","robots":{"index":"index","follow":"follow","max-snippet":"max-snippet:-1","max-image-preview":"max-image-preview:large","max-video-preview":"max-video-preview:-1"},"canonical":"https:\/\/www.genealogiequebec.com\/blog\/2023\/03\/08\/renumerisation-des-registres-paroissiaux-sur-genealogie-quebec-2\/","og_locale":"fr_FR","og_type":"article","og_title":"Renum\u00e9risation des registres paroissiaux sur G\u00e9n\u00e9alogie Qu\u00e9bec","og_description":"135 000&nbsp;images provenant des registres de 158 paroisses catholiques et protestantes du Qu\u00e9bec ont \u00e9t\u00e9 renum\u00e9ris\u00e9es sur&nbsp;G\u00e9n\u00e9alogie Qu\u00e9bec, dans le but d&rsquo;en am\u00e9liorer la qualit\u00e9 et la lisibilit\u00e9. Plus d&rsquo;un million&nbsp;d&rsquo;images de la&nbsp;collection Drouin&nbsp;ont \u00e9t\u00e9 renum\u00e9ris\u00e9es au cours des derni\u00e8res ann\u00e9es. La r\u00e9solution de ces nouvelles images est de deux \u00e0 trois fois plus \u00e9lev\u00e9e &hellip; Continuer la lecture de &laquo;&nbsp;Renum\u00e9risation des registres paroissiaux sur G\u00e9n\u00e9alogie Qu\u00e9bec&nbsp;&raquo;","og_url":"https:\/\/www.genealogiequebec.com\/blog\/2023\/03\/08\/renumerisation-des-registres-paroissiaux-sur-genealogie-quebec-2\/","og_site_name":"G\u00e9n\u00e9alogie et histoire du Qu\u00e9bec","article_publisher":"https:\/\/www.facebook.com\/InstitutDrouin","article_published_time":"2023-03-08T18:50:36+00:00","article_modified_time":"2023-03-08T19:02:21+00:00","og_image":[{"width":1024,"height":790,"url":"https:\/\/www.genealogiequebec.com\/blog\/wp-content\/uploads\/2022\/05\/Hull-avant-apres-titre-FR-1024x790.png","type":"image\/png"}],"author":"Institut Drouin","twitter_card":"summary_large_image","twitter_image":"https:\/\/www.genealogiequebec.com\/blog\/wp-content\/uploads\/2022\/05\/Hull-avant-apres-titre-FR.png","twitter_creator":"@institutdrouin","twitter_site":"@institutdrouin","twitter_misc":{"\u00c9crit par":"Institut Drouin","Dur\u00e9e de lecture estim\u00e9e":"5 minutes"},"schema":{"@context":"https:\/\/schema.org","@graph":[{"@type":"Article","@id":"https:\/\/www.genealogiequebec.com\/blog\/2023\/03\/08\/renumerisation-des-registres-paroissiaux-sur-genealogie-quebec-2\/#article","isPartOf":{"@id":"https:\/\/www.genealogiequebec.com\/blog\/2023\/03\/08\/renumerisation-des-registres-paroissiaux-sur-genealogie-quebec-2\/"},"author":{"name":"Institut Drouin","@id":"https:\/\/www.genealogiequebec.com\/blog\/#\/schema\/person\/f1083726f11d1f2b6ead79ec5850ca06"},"headline":"Renum\u00e9risation des registres paroissiaux sur G\u00e9n\u00e9alogie Qu\u00e9bec","datePublished":"2023-03-08T18:50:36+00:00","dateModified":"2023-03-08T19:02:21+00:00","mainEntityOfPage":{"@id":"https:\/\/www.genealogiequebec.com\/blog\/2023\/03\/08\/renumerisation-des-registres-paroissiaux-sur-genealogie-quebec-2\/"},"wordCount":929,"publisher":{"@id":"https:\/\/www.genealogiequebec.com\/blog\/#organization"},"image":{"@id":"https:\/\/www.genealogiequebec.com\/blog\/2023\/03\/08\/renumerisation-des-registres-paroissiaux-sur-genealogie-quebec-2\/#primaryimage"},"thumbnailUrl":"https:\/\/www.genealogiequebec.com\/blog\/wp-content\/uploads\/2021\/07\/IGD-large-1024x336.png","articleSection":["Infolettres"],"inLanguage":"fr-FR"},{"@type":"WebPage","@id":"https:\/\/www.genealogiequebec.com\/blog\/2023\/03\/08\/renumerisation-des-registres-paroissiaux-sur-genealogie-quebec-2\/","url":"https:\/\/www.genealogiequebec.com\/blog\/2023\/03\/08\/renumerisation-des-registres-paroissiaux-sur-genealogie-quebec-2\/","name":"Renum\u00e9risation des registres paroissiaux sur G\u00e9n\u00e9alogie Qu\u00e9bec","isPartOf":{"@id":"https:\/\/www.genealogiequebec.com\/blog\/#website"},"primaryImageOfPage":{"@id":"https:\/\/www.genealogiequebec.com\/blog\/2023\/03\/08\/renumerisation-des-registres-paroissiaux-sur-genealogie-quebec-2\/#primaryimage"},"image":{"@id":"https:\/\/www.genealogiequebec.com\/blog\/2023\/03\/08\/renumerisation-des-registres-paroissiaux-sur-genealogie-quebec-2\/#primaryimage"},"thumbnailUrl":"https:\/\/www.genealogiequebec.com\/blog\/wp-content\/uploads\/2021\/07\/IGD-large-1024x336.png","datePublished":"2023-03-08T18:50:36+00:00","dateModified":"2023-03-08T19:02:21+00:00","breadcrumb":{"@id":"https:\/\/www.genealogiequebec.com\/blog\/2023\/03\/08\/renumerisation-des-registres-paroissiaux-sur-genealogie-quebec-2\/#breadcrumb"},"inLanguage":"fr-FR","potentialAction":[{"@type":"ReadAction","target":["https:\/\/www.genealogiequebec.com\/blog\/2023\/03\/08\/renumerisation-des-registres-paroissiaux-sur-genealogie-quebec-2\/"]}]},{"@type":"ImageObject","inLanguage":"fr-FR","@id":"https:\/\/www.genealogiequebec.com\/blog\/2023\/03\/08\/renumerisation-des-registres-paroissiaux-sur-genealogie-quebec-2\/#primaryimage","url":"https:\/\/www.genealogiequebec.com\/blog\/wp-content\/uploads\/2021\/07\/IGD-large-e1650912258920.png","contentUrl":"https:\/\/www.genealogiequebec.com\/blog\/wp-content\/uploads\/2021\/07\/IGD-large-e1650912258920.png","width":390,"height":128},{"@type":"BreadcrumbList","@id":"https:\/\/www.genealogiequebec.com\/blog\/2023\/03\/08\/renumerisation-des-registres-paroissiaux-sur-genealogie-quebec-2\/#breadcrumb","itemListElement":[{"@type":"ListItem","position":1,"name":"Accueil","item":"https:\/\/www.genealogiequebec.com\/blog\/"},{"@type":"ListItem","position":2,"name":"Infolettres","item":"https:\/\/www.genealogiequebec.com\/blog\/category\/infolettres\/"},{"@type":"ListItem","position":3,"name":"Renum\u00e9risation des registres paroissiaux sur G\u00e9n\u00e9alogie Qu\u00e9bec"}]},{"@type":"WebSite","@id":"https:\/\/www.genealogiequebec.com\/blog\/#website","url":"https:\/\/www.genealogiequebec.com\/blog\/","name":"G\u00e9n\u00e9alogie et histoire du Qu\u00e9bec","description":"Le blog de l&#039;institut Drouin","publisher":{"@id":"https:\/\/www.genealogiequebec.com\/blog\/#organization"},"potentialAction":[{"@type":"SearchAction","target":{"@type":"EntryPoint","urlTemplate":"https:\/\/www.genealogiequebec.com\/blog\/?s={search_term_string}"},"query-input":{"@type":"PropertyValueSpecification","valueRequired":true,"valueName":"search_term_string"}}],"inLanguage":"fr-FR"},{"@type":"Organization","@id":"https:\/\/www.genealogiequebec.com\/blog\/#organization","name":"Institut g\u00e9n\u00e9alogique Drouin","url":"https:\/\/www.genealogiequebec.com\/blog\/","logo":{"@type":"ImageObject","inLanguage":"fr-FR","@id":"https:\/\/www.genealogiequebec.com\/blog\/#\/schema\/logo\/image\/","url":"https:\/\/www.genealogiequebec.com\/blog\/wp-content\/uploads\/2019\/11\/IGD-large.png","contentUrl":"https:\/\/www.genealogiequebec.com\/blog\/wp-content\/uploads\/2019\/11\/IGD-large.png","width":1893,"height":621,"caption":"Institut g\u00e9n\u00e9alogique Drouin"},"image":{"@id":"https:\/\/www.genealogiequebec.com\/blog\/#\/schema\/logo\/image\/"},"sameAs":["https:\/\/www.facebook.com\/InstitutDrouin","https:\/\/x.com\/institutdrouin","https:\/\/www.instagram.com\/genealogiequebec\/","https:\/\/www.twitter.com\/institutdrouin"]},{"@type":"Person","@id":"https:\/\/www.genealogiequebec.com\/blog\/#\/schema\/person\/f1083726f11d1f2b6ead79ec5850ca06","name":"Institut Drouin","image":{"@type":"ImageObject","inLanguage":"fr-FR","@id":"https:\/\/www.genealogiequebec.com\/blog\/#\/schema\/person\/image\/","url":"https:\/\/secure.gravatar.com\/avatar\/8033ce23576b31b989429c1527bd70a807bbbe88e14f28a4bc5d8892d0bc4e54?s=96&d=mm&r=g","contentUrl":"https:\/\/secure.gravatar.com\/avatar\/8033ce23576b31b989429c1527bd70a807bbbe88e14f28a4bc5d8892d0bc4e54?s=96&d=mm&r=g","caption":"Institut Drouin"},"url":"https:\/\/www.genealogiequebec.com\/blog\/author\/institutdrouin\/"}]}},"_links":{"self":[{"href":"https:\/\/www.genealogiequebec.com\/blog\/wp-json\/wp\/v2\/posts\/4416","targetHints":{"allow":["GET"]}}],"collection":[{"href":"https:\/\/www.genealogiequebec.com\/blog\/wp-json\/wp\/v2\/posts"}],"about":[{"href":"https:\/\/www.genealogiequebec.com\/blog\/wp-json\/wp\/v2\/types\/post"}],"author":[{"embeddable":true,"href":"https:\/\/www.genealogiequebec.com\/blog\/wp-json\/wp\/v2\/users\/1"}],"replies":[{"embeddable":true,"href":"https:\/\/www.genealogiequebec.com\/blog\/wp-json\/wp\/v2\/comments?post=4416"}],"version-history":[{"count":4,"href":"https:\/\/www.genealogiequebec.com\/blog\/wp-json\/wp\/v2\/posts\/4416\/revisions"}],"predecessor-version":[{"id":4427,"href":"https:\/\/www.genealogiequebec.com\/blog\/wp-json\/wp\/v2\/posts\/4416\/revisions\/4427"}],"wp:attachment":[{"href":"https:\/\/www.genealogiequebec.com\/blog\/wp-json\/wp\/v2\/media?parent=4416"}],"wp:term":[{"taxonomy":"category","embeddable":true,"href":"https:\/\/www.genealogiequebec.com\/blog\/wp-json\/wp\/v2\/categories?post=4416"},{"taxonomy":"post_tag","embeddable":true,"href":"https:\/\/www.genealogiequebec.com\/blog\/wp-json\/wp\/v2\/tags?post=4416"}],"curies":[{"name":"wp","href":"https:\/\/api.w.org\/{rel}","templated":true}]}}