{"id":5310,"date":"2025-03-26T10:00:12","date_gmt":"2025-03-26T14:00:12","guid":{"rendered":"https:\/\/www.genealogiequebec.com\/blog\/?p=5310\/"},"modified":"2025-03-26T10:02:35","modified_gmt":"2025-03-26T14:02:35","slug":"mise-a-jour-du-lafrance-et-25-de-rabais-sur-genealogie-quebec","status":"publish","type":"post","link":"https:\/\/www.genealogiequebec.com\/blog\/2025\/03\/26\/mise-a-jour-du-lafrance-et-25-de-rabais-sur-genealogie-quebec\/","title":{"rendered":"Mise \u00e0 Jour du LaFrance et 25% de Rabais sur G\u00e9n\u00e9alogie Qu\u00e9bec"},"content":{"rendered":"\n<figure class=\"wp-block-image size-large is-resized\"><img decoding=\"async\" width=\"1024\" height=\"336\" src=\"https:\/\/www.genealogiequebec.com\/blog\/wp-content\/uploads\/2021\/07\/IGD-large-1024x336.png\" alt=\"\" class=\"wp-image-2661\" style=\"width:430px;height:auto\"\/><\/figure>\n\n\n\n<p><strong>48 408<\/strong>\u00a0actes de bapt\u00eame, mariage et s\u00e9pulture ont \u00e9t\u00e9 ajout\u00e9s \u00e0 la base de donn\u00e9es\u00a0<em>LaFrance<\/em>\u00a0sur\u00a0<a href=\"https:\/\/www.genealogiequebec.com\/fr\/\" target=\"_blank\" rel=\"noreferrer noopener\">G\u00e9n\u00e9alogie Qu\u00e9bec<\/a>.<br>Ces actes du milieu du 19e si\u00e8cle proviennent de paroisses protestantes du Qu\u00e9bec ainsi que des \u00c9tats-Unis et de l&rsquo;Ontario.<\/p>\n\n\n\n<p>Plongez dans l&rsquo;histoire de votre famille avec plus de&nbsp;<strong>100 millions<\/strong>&nbsp;d&rsquo;archives historiques en devenant membre de G\u00e9n\u00e9alogie Qu\u00e9bec d\u00e8s aujourd&rsquo;hui!<\/p>\n\n\n\n<p>Profitez de&nbsp;<strong>25% de r\u00e9duction<\/strong>&nbsp;sur l&rsquo;abonnement annuel d&rsquo;ici le 28 mars!<\/p>\n\n\n\n<figure class=\"wp-block-image size-large\"><a href=\"https:\/\/www.genealogiequebec.com\/fr\/abonnement-offre-concours2025\"><img decoding=\"async\" width=\"1024\" height=\"536\" src=\"https:\/\/www.genealogiequebec.com\/blog\/wp-content\/uploads\/2025\/03\/offre-25_-concour-2025-FR-1200-1024x536.jpg\" alt=\"\" class=\"wp-image-5311\" srcset=\"https:\/\/www.genealogiequebec.com\/blog\/wp-content\/uploads\/2025\/03\/offre-25_-concour-2025-FR-1200-1024x536.jpg 1024w, https:\/\/www.genealogiequebec.com\/blog\/wp-content\/uploads\/2025\/03\/offre-25_-concour-2025-FR-1200-300x157.jpg 300w, https:\/\/www.genealogiequebec.com\/blog\/wp-content\/uploads\/2025\/03\/offre-25_-concour-2025-FR-1200-768x402.jpg 768w, https:\/\/www.genealogiequebec.com\/blog\/wp-content\/uploads\/2025\/03\/offre-25_-concour-2025-FR-1200.jpg 1200w\" sizes=\"(max-width: 767px) 89vw, (max-width: 1000px) 54vw, (max-width: 1071px) 543px, 580px\" \/><\/a><\/figure>\n\n\n\n<p>Un abonnement mensuel est aussi disponible\u00a0<a href=\"https:\/\/www.genealogiequebec.com\/fr\/abonnement\" target=\"_blank\" rel=\"noreferrer noopener\">\u00e0 cette adresse<\/a>.<\/p>\n\n\n\n<h2 class=\"wp-block-heading\">Base de donn\u00e9es <em>LaFrance<\/em><\/h2>\n\n\n\n<p>Le\u00a0<em>LaFrance\u00a0<\/em>est une collection d&rsquo;actes de naissance, mariage et d\u00e9c\u00e8s du Qu\u00e9bec, de l\u2019Ontario, de l\u2019Acadie et des \u00c9tats-Unis couvrant de l&rsquo;arriv\u00e9e des premiers colons en Am\u00e9rique du Nord jusqu&rsquo;\u00e0 aujourd&rsquo;hui.<\/p>\n\n\n<div class=\"wp-block-image\">\n<figure class=\"aligncenter size-large is-resized\"><a href=\"https:\/\/www.genealogiequebec.com\/blog\/wp-content\/uploads\/2025\/03\/mariage-lafrance-FR.jpg\"><img decoding=\"async\" width=\"1024\" height=\"580\" src=\"https:\/\/www.genealogiequebec.com\/blog\/wp-content\/uploads\/2025\/03\/mariage-lafrance-FR-1024x580.jpg\" alt=\"\" class=\"wp-image-5312\" style=\"width:496px;height:auto\" srcset=\"https:\/\/www.genealogiequebec.com\/blog\/wp-content\/uploads\/2025\/03\/mariage-lafrance-FR-1024x580.jpg 1024w, https:\/\/www.genealogiequebec.com\/blog\/wp-content\/uploads\/2025\/03\/mariage-lafrance-FR-300x170.jpg 300w, https:\/\/www.genealogiequebec.com\/blog\/wp-content\/uploads\/2025\/03\/mariage-lafrance-FR-768x435.jpg 768w, https:\/\/www.genealogiequebec.com\/blog\/wp-content\/uploads\/2025\/03\/mariage-lafrance-FR.jpg 1282w\" sizes=\"(max-width: 767px) 89vw, (max-width: 1000px) 54vw, (max-width: 1071px) 543px, 580px\" \/><\/a><\/figure>\n<\/div>\n\n\n<p>Il s&rsquo;agit d&rsquo;un ensemble compos\u00e9 d&rsquo;un index de la&nbsp;<em>Collection Drouin<\/em>&nbsp;(tous les Registres paroissiaux du Qu\u00e9bec de 1621 aux ann\u00e9es 1940) ainsi que de la collection&nbsp;<em>Mariages et D\u00e9c\u00e8s 1926-1997<\/em>&nbsp;(tous les mariages et d\u00e9c\u00e8s enregistr\u00e9s par le gouvernement du Qu\u00e9bec entre les ann\u00e9es 1926 et 1997).<\/p>\n\n\n\n<p>Explorez l&rsquo;histoire de votre famille dans les documents du&nbsp;<em>LaFrance&nbsp;<\/em>et de nos autres bases de donn\u00e9es d\u00e8s maintenant!<\/p>\n\n\n\n<div class=\"wp-block-buttons is-content-justification-center is-layout-flex wp-container-core-buttons-is-layout-16018d1d wp-block-buttons-is-layout-flex\">\n<div class=\"wp-block-button has-custom-width wp-block-button__width-75 has-custom-font-size is-style-outline has-medium-font-size is-style-outline--2\"><a class=\"wp-block-button__link has-luminous-vivid-orange-color has-text-color has-link-color wp-element-button\" href=\"https:\/\/www.genealogiequebec.com\/fr\/recherche\">Faire une recherche<\/a><\/div>\n<\/div>\n\n\n\n<h2 class=\"wp-block-heading\">Mise \u00e0 jour de la carte des paroisses<\/h2>\n\n\n\n<p>Quelques\u00a0<strong>661<\/strong>\u00a0paroisses ont \u00e9t\u00e9 g\u00e9olocalis\u00e9es et ajout\u00e9es \u00e0 la\u00a0<a href=\"https:\/\/www.genealogiequebec.com\/fr\/lafrance\/carte\" target=\"_blank\" rel=\"noreferrer noopener\">carte des paroisses<\/a>, avec leur comt\u00e9, leur r\u00e9gion administrative, leur dioc\u00e8se et m\u00eame leur adresse lorsque connue.<\/p>\n\n\n\n<figure class=\"wp-block-image size-large\"><a href=\"https:\/\/www.genealogiequebec.com\/fr\/lafrance\/carte\"><img decoding=\"async\" width=\"1024\" height=\"419\" src=\"https:\/\/www.genealogiequebec.com\/blog\/wp-content\/uploads\/2025\/03\/Carte-Paroisse-Lafrance-1024x419.jpg\" alt=\"\" class=\"wp-image-5313\" srcset=\"https:\/\/www.genealogiequebec.com\/blog\/wp-content\/uploads\/2025\/03\/Carte-Paroisse-Lafrance-1024x419.jpg 1024w, https:\/\/www.genealogiequebec.com\/blog\/wp-content\/uploads\/2025\/03\/Carte-Paroisse-Lafrance-300x123.jpg 300w, https:\/\/www.genealogiequebec.com\/blog\/wp-content\/uploads\/2025\/03\/Carte-Paroisse-Lafrance-768x314.jpg 768w, https:\/\/www.genealogiequebec.com\/blog\/wp-content\/uploads\/2025\/03\/Carte-Paroisse-Lafrance-1536x628.jpg 1536w, https:\/\/www.genealogiequebec.com\/blog\/wp-content\/uploads\/2025\/03\/Carte-Paroisse-Lafrance.jpg 1853w\" sizes=\"(max-width: 767px) 89vw, (max-width: 1000px) 54vw, (max-width: 1071px) 543px, 580px\" \/><\/a><\/figure>\n\n\n\n<p>La carte r\u00e9pertorie maintenant\u00a0<strong>1798<\/strong>\u00a0paroisses du 17e si\u00e8cle jusqu&rsquo;aux ann\u00e9es 1960.<br>Les informations proviennent du site\u00a0originis.ca.<\/p>\n","protected":false},"excerpt":{"rendered":"<p>48 408\u00a0actes de bapt\u00eame, mariage et s\u00e9pulture ont \u00e9t\u00e9 ajout\u00e9s \u00e0 la base de donn\u00e9es\u00a0LaFrance\u00a0sur\u00a0G\u00e9n\u00e9alogie Qu\u00e9bec.Ces actes du milieu du 19e si\u00e8cle proviennent de paroisses protestantes du Qu\u00e9bec ainsi que des \u00c9tats-Unis et de l&rsquo;Ontario. Plongez dans l&rsquo;histoire de votre famille avec plus de&nbsp;100 millions&nbsp;d&rsquo;archives historiques en devenant membre de G\u00e9n\u00e9alogie Qu\u00e9bec d\u00e8s aujourd&rsquo;hui! Profitez &hellip; <\/p>\n<p class=\"link-more\"><a href=\"https:\/\/www.genealogiequebec.com\/blog\/2025\/03\/26\/mise-a-jour-du-lafrance-et-25-de-rabais-sur-genealogie-quebec\/\" class=\"more-link\">Continuer la lecture<span class=\"screen-reader-text\"> de &laquo;&nbsp;Mise \u00e0 Jour du LaFrance et 25% de Rabais sur G\u00e9n\u00e9alogie Qu\u00e9bec&nbsp;&raquo;<\/span><\/a><\/p>\n","protected":false},"author":1,"featured_media":0,"comment_status":"closed","ping_status":"open","sticky":false,"template":"","format":"standard","meta":{"footnotes":""},"categories":[4],"tags":[],"class_list":["post-5310","post","type-post","status-publish","format-standard","hentry","category-infolettres"],"yoast_head":"<!-- This site is optimized with the Yoast SEO plugin v26.9 - https:\/\/yoast.com\/product\/yoast-seo-wordpress\/ -->\r\n<title>Mise \u00e0 Jour du LaFrance et 25% de Rabais sur G\u00e9n\u00e9alogie Qu\u00e9bec - G\u00e9n\u00e9alogie et histoire du Qu\u00e9bec<\/title>\r\n<meta name=\"robots\" content=\"index, follow, max-snippet:-1, max-image-preview:large, max-video-preview:-1\" \/>\r\n<link rel=\"canonical\" href=\"https:\/\/www.genealogiequebec.com\/blog\/2025\/03\/26\/mise-a-jour-du-lafrance-et-25-de-rabais-sur-genealogie-quebec\/\" \/>\r\n<meta property=\"og:locale\" content=\"fr_FR\" \/>\r\n<meta property=\"og:type\" content=\"article\" \/>\r\n<meta property=\"og:title\" content=\"Mise \u00e0 Jour du LaFrance et 25% de Rabais sur G\u00e9n\u00e9alogie Qu\u00e9bec - G\u00e9n\u00e9alogie et histoire du Qu\u00e9bec\" \/>\r\n<meta property=\"og:description\" content=\"48 408\u00a0actes de bapt\u00eame, mariage et s\u00e9pulture ont \u00e9t\u00e9 ajout\u00e9s \u00e0 la base de donn\u00e9es\u00a0LaFrance\u00a0sur\u00a0G\u00e9n\u00e9alogie Qu\u00e9bec.Ces actes du milieu du 19e si\u00e8cle proviennent de paroisses protestantes du Qu\u00e9bec ainsi que des \u00c9tats-Unis et de l&rsquo;Ontario. Plongez dans l&rsquo;histoire de votre famille avec plus de&nbsp;100 millions&nbsp;d&rsquo;archives historiques en devenant membre de G\u00e9n\u00e9alogie Qu\u00e9bec d\u00e8s aujourd&rsquo;hui! Profitez &hellip; Continuer la lecture de &laquo;&nbsp;Mise \u00e0 Jour du LaFrance et 25% de Rabais sur G\u00e9n\u00e9alogie Qu\u00e9bec&nbsp;&raquo;\" \/>\r\n<meta property=\"og:url\" content=\"https:\/\/www.genealogiequebec.com\/blog\/2025\/03\/26\/mise-a-jour-du-lafrance-et-25-de-rabais-sur-genealogie-quebec\/\" \/>\r\n<meta property=\"og:site_name\" content=\"G\u00e9n\u00e9alogie et histoire du Qu\u00e9bec\" \/>\r\n<meta property=\"article:publisher\" content=\"https:\/\/www.facebook.com\/InstitutDrouin\" \/>\r\n<meta property=\"article:published_time\" content=\"2025-03-26T14:00:12+00:00\" \/>\r\n<meta property=\"article:modified_time\" content=\"2025-03-26T14:02:35+00:00\" \/>\r\n<meta property=\"og:image\" content=\"https:\/\/www.genealogiequebec.com\/blog\/wp-content\/uploads\/2025\/03\/mariage-lafrance-FR.jpg\" \/>\r\n\t<meta property=\"og:image:width\" content=\"1282\" \/>\r\n\t<meta property=\"og:image:height\" content=\"726\" \/>\r\n\t<meta property=\"og:image:type\" content=\"image\/jpeg\" \/>\r\n<meta name=\"author\" content=\"Institut Drouin\" \/>\r\n<meta name=\"twitter:card\" content=\"summary_large_image\" \/>\r\n<meta name=\"twitter:creator\" content=\"@institutdrouin\" \/>\r\n<meta name=\"twitter:site\" content=\"@institutdrouin\" \/>\r\n<meta name=\"twitter:label1\" content=\"\u00c9crit par\" \/>\n\t<meta name=\"twitter:data1\" content=\"Institut Drouin\" \/>\n\t<meta name=\"twitter:label2\" content=\"Dur\u00e9e de lecture estim\u00e9e\" \/>\n\t<meta name=\"twitter:data2\" content=\"3 minutes\" \/>\r\n<script type=\"application\/ld+json\" class=\"yoast-schema-graph\">{\"@context\":\"https:\/\/schema.org\",\"@graph\":[{\"@type\":\"Article\",\"@id\":\"https:\/\/www.genealogiequebec.com\/blog\/2025\/03\/26\/mise-a-jour-du-lafrance-et-25-de-rabais-sur-genealogie-quebec\/#article\",\"isPartOf\":{\"@id\":\"https:\/\/www.genealogiequebec.com\/blog\/2025\/03\/26\/mise-a-jour-du-lafrance-et-25-de-rabais-sur-genealogie-quebec\/\"},\"author\":{\"name\":\"Institut Drouin\",\"@id\":\"https:\/\/www.genealogiequebec.com\/blog\/#\/schema\/person\/f1083726f11d1f2b6ead79ec5850ca06\"},\"headline\":\"Mise \u00e0 Jour du LaFrance et 25% de Rabais sur G\u00e9n\u00e9alogie Qu\u00e9bec\",\"datePublished\":\"2025-03-26T14:00:12+00:00\",\"dateModified\":\"2025-03-26T14:02:35+00:00\",\"mainEntityOfPage\":{\"@id\":\"https:\/\/www.genealogiequebec.com\/blog\/2025\/03\/26\/mise-a-jour-du-lafrance-et-25-de-rabais-sur-genealogie-quebec\/\"},\"wordCount\":291,\"publisher\":{\"@id\":\"https:\/\/www.genealogiequebec.com\/blog\/#organization\"},\"image\":{\"@id\":\"https:\/\/www.genealogiequebec.com\/blog\/2025\/03\/26\/mise-a-jour-du-lafrance-et-25-de-rabais-sur-genealogie-quebec\/#primaryimage\"},\"thumbnailUrl\":\"https:\/\/www.genealogiequebec.com\/blog\/wp-content\/uploads\/2021\/07\/IGD-large-1024x336.png\",\"articleSection\":[\"Infolettres\"],\"inLanguage\":\"fr-FR\"},{\"@type\":\"WebPage\",\"@id\":\"https:\/\/www.genealogiequebec.com\/blog\/2025\/03\/26\/mise-a-jour-du-lafrance-et-25-de-rabais-sur-genealogie-quebec\/\",\"url\":\"https:\/\/www.genealogiequebec.com\/blog\/2025\/03\/26\/mise-a-jour-du-lafrance-et-25-de-rabais-sur-genealogie-quebec\/\",\"name\":\"Mise \u00e0 Jour du LaFrance et 25% de Rabais sur G\u00e9n\u00e9alogie Qu\u00e9bec - G\u00e9n\u00e9alogie et histoire du Qu\u00e9bec\",\"isPartOf\":{\"@id\":\"https:\/\/www.genealogiequebec.com\/blog\/#website\"},\"primaryImageOfPage\":{\"@id\":\"https:\/\/www.genealogiequebec.com\/blog\/2025\/03\/26\/mise-a-jour-du-lafrance-et-25-de-rabais-sur-genealogie-quebec\/#primaryimage\"},\"image\":{\"@id\":\"https:\/\/www.genealogiequebec.com\/blog\/2025\/03\/26\/mise-a-jour-du-lafrance-et-25-de-rabais-sur-genealogie-quebec\/#primaryimage\"},\"thumbnailUrl\":\"https:\/\/www.genealogiequebec.com\/blog\/wp-content\/uploads\/2021\/07\/IGD-large-1024x336.png\",\"datePublished\":\"2025-03-26T14:00:12+00:00\",\"dateModified\":\"2025-03-26T14:02:35+00:00\",\"breadcrumb\":{\"@id\":\"https:\/\/www.genealogiequebec.com\/blog\/2025\/03\/26\/mise-a-jour-du-lafrance-et-25-de-rabais-sur-genealogie-quebec\/#breadcrumb\"},\"inLanguage\":\"fr-FR\",\"potentialAction\":[{\"@type\":\"ReadAction\",\"target\":[\"https:\/\/www.genealogiequebec.com\/blog\/2025\/03\/26\/mise-a-jour-du-lafrance-et-25-de-rabais-sur-genealogie-quebec\/\"]}]},{\"@type\":\"ImageObject\",\"inLanguage\":\"fr-FR\",\"@id\":\"https:\/\/www.genealogiequebec.com\/blog\/2025\/03\/26\/mise-a-jour-du-lafrance-et-25-de-rabais-sur-genealogie-quebec\/#primaryimage\",\"url\":\"https:\/\/www.genealogiequebec.com\/blog\/wp-content\/uploads\/2021\/07\/IGD-large-e1650912258920.png\",\"contentUrl\":\"https:\/\/www.genealogiequebec.com\/blog\/wp-content\/uploads\/2021\/07\/IGD-large-e1650912258920.png\",\"width\":390,\"height\":128},{\"@type\":\"BreadcrumbList\",\"@id\":\"https:\/\/www.genealogiequebec.com\/blog\/2025\/03\/26\/mise-a-jour-du-lafrance-et-25-de-rabais-sur-genealogie-quebec\/#breadcrumb\",\"itemListElement\":[{\"@type\":\"ListItem\",\"position\":1,\"name\":\"Accueil\",\"item\":\"https:\/\/www.genealogiequebec.com\/blog\/\"},{\"@type\":\"ListItem\",\"position\":2,\"name\":\"Infolettres\",\"item\":\"https:\/\/www.genealogiequebec.com\/blog\/category\/infolettres\/\"},{\"@type\":\"ListItem\",\"position\":3,\"name\":\"Mise \u00e0 Jour du LaFrance et 25% de Rabais sur G\u00e9n\u00e9alogie Qu\u00e9bec\"}]},{\"@type\":\"WebSite\",\"@id\":\"https:\/\/www.genealogiequebec.com\/blog\/#website\",\"url\":\"https:\/\/www.genealogiequebec.com\/blog\/\",\"name\":\"G\u00e9n\u00e9alogie et histoire du Qu\u00e9bec\",\"description\":\"Le blog de l&#039;institut Drouin\",\"publisher\":{\"@id\":\"https:\/\/www.genealogiequebec.com\/blog\/#organization\"},\"potentialAction\":[{\"@type\":\"SearchAction\",\"target\":{\"@type\":\"EntryPoint\",\"urlTemplate\":\"https:\/\/www.genealogiequebec.com\/blog\/?s={search_term_string}\"},\"query-input\":{\"@type\":\"PropertyValueSpecification\",\"valueRequired\":true,\"valueName\":\"search_term_string\"}}],\"inLanguage\":\"fr-FR\"},{\"@type\":\"Organization\",\"@id\":\"https:\/\/www.genealogiequebec.com\/blog\/#organization\",\"name\":\"Institut g\u00e9n\u00e9alogique Drouin\",\"url\":\"https:\/\/www.genealogiequebec.com\/blog\/\",\"logo\":{\"@type\":\"ImageObject\",\"inLanguage\":\"fr-FR\",\"@id\":\"https:\/\/www.genealogiequebec.com\/blog\/#\/schema\/logo\/image\/\",\"url\":\"https:\/\/www.genealogiequebec.com\/blog\/wp-content\/uploads\/2019\/11\/IGD-large.png\",\"contentUrl\":\"https:\/\/www.genealogiequebec.com\/blog\/wp-content\/uploads\/2019\/11\/IGD-large.png\",\"width\":1893,\"height\":621,\"caption\":\"Institut g\u00e9n\u00e9alogique Drouin\"},\"image\":{\"@id\":\"https:\/\/www.genealogiequebec.com\/blog\/#\/schema\/logo\/image\/\"},\"sameAs\":[\"https:\/\/www.facebook.com\/InstitutDrouin\",\"https:\/\/x.com\/institutdrouin\",\"https:\/\/www.instagram.com\/genealogiequebec\/\",\"https:\/\/www.twitter.com\/institutdrouin\"]},{\"@type\":\"Person\",\"@id\":\"https:\/\/www.genealogiequebec.com\/blog\/#\/schema\/person\/f1083726f11d1f2b6ead79ec5850ca06\",\"name\":\"Institut Drouin\",\"image\":{\"@type\":\"ImageObject\",\"inLanguage\":\"fr-FR\",\"@id\":\"https:\/\/www.genealogiequebec.com\/blog\/#\/schema\/person\/image\/\",\"url\":\"https:\/\/secure.gravatar.com\/avatar\/8033ce23576b31b989429c1527bd70a807bbbe88e14f28a4bc5d8892d0bc4e54?s=96&d=mm&r=g\",\"contentUrl\":\"https:\/\/secure.gravatar.com\/avatar\/8033ce23576b31b989429c1527bd70a807bbbe88e14f28a4bc5d8892d0bc4e54?s=96&d=mm&r=g\",\"caption\":\"Institut Drouin\"},\"url\":\"https:\/\/www.genealogiequebec.com\/blog\/author\/institutdrouin\/\"}]}<\/script>\r\n<!-- \/ Yoast SEO plugin. -->","yoast_head_json":{"title":"Mise \u00e0 Jour du LaFrance et 25% de Rabais sur G\u00e9n\u00e9alogie Qu\u00e9bec - G\u00e9n\u00e9alogie et histoire du Qu\u00e9bec","robots":{"index":"index","follow":"follow","max-snippet":"max-snippet:-1","max-image-preview":"max-image-preview:large","max-video-preview":"max-video-preview:-1"},"canonical":"https:\/\/www.genealogiequebec.com\/blog\/2025\/03\/26\/mise-a-jour-du-lafrance-et-25-de-rabais-sur-genealogie-quebec\/","og_locale":"fr_FR","og_type":"article","og_title":"Mise \u00e0 Jour du LaFrance et 25% de Rabais sur G\u00e9n\u00e9alogie Qu\u00e9bec - G\u00e9n\u00e9alogie et histoire du Qu\u00e9bec","og_description":"48 408\u00a0actes de bapt\u00eame, mariage et s\u00e9pulture ont \u00e9t\u00e9 ajout\u00e9s \u00e0 la base de donn\u00e9es\u00a0LaFrance\u00a0sur\u00a0G\u00e9n\u00e9alogie Qu\u00e9bec.Ces actes du milieu du 19e si\u00e8cle proviennent de paroisses protestantes du Qu\u00e9bec ainsi que des \u00c9tats-Unis et de l&rsquo;Ontario. Plongez dans l&rsquo;histoire de votre famille avec plus de&nbsp;100 millions&nbsp;d&rsquo;archives historiques en devenant membre de G\u00e9n\u00e9alogie Qu\u00e9bec d\u00e8s aujourd&rsquo;hui! Profitez &hellip; Continuer la lecture de &laquo;&nbsp;Mise \u00e0 Jour du LaFrance et 25% de Rabais sur G\u00e9n\u00e9alogie Qu\u00e9bec&nbsp;&raquo;","og_url":"https:\/\/www.genealogiequebec.com\/blog\/2025\/03\/26\/mise-a-jour-du-lafrance-et-25-de-rabais-sur-genealogie-quebec\/","og_site_name":"G\u00e9n\u00e9alogie et histoire du Qu\u00e9bec","article_publisher":"https:\/\/www.facebook.com\/InstitutDrouin","article_published_time":"2025-03-26T14:00:12+00:00","article_modified_time":"2025-03-26T14:02:35+00:00","og_image":[{"width":1282,"height":726,"url":"https:\/\/www.genealogiequebec.com\/blog\/wp-content\/uploads\/2025\/03\/mariage-lafrance-FR.jpg","type":"image\/jpeg"}],"author":"Institut Drouin","twitter_card":"summary_large_image","twitter_creator":"@institutdrouin","twitter_site":"@institutdrouin","twitter_misc":{"\u00c9crit par":"Institut Drouin","Dur\u00e9e de lecture estim\u00e9e":"3 minutes"},"schema":{"@context":"https:\/\/schema.org","@graph":[{"@type":"Article","@id":"https:\/\/www.genealogiequebec.com\/blog\/2025\/03\/26\/mise-a-jour-du-lafrance-et-25-de-rabais-sur-genealogie-quebec\/#article","isPartOf":{"@id":"https:\/\/www.genealogiequebec.com\/blog\/2025\/03\/26\/mise-a-jour-du-lafrance-et-25-de-rabais-sur-genealogie-quebec\/"},"author":{"name":"Institut Drouin","@id":"https:\/\/www.genealogiequebec.com\/blog\/#\/schema\/person\/f1083726f11d1f2b6ead79ec5850ca06"},"headline":"Mise \u00e0 Jour du LaFrance et 25% de Rabais sur G\u00e9n\u00e9alogie Qu\u00e9bec","datePublished":"2025-03-26T14:00:12+00:00","dateModified":"2025-03-26T14:02:35+00:00","mainEntityOfPage":{"@id":"https:\/\/www.genealogiequebec.com\/blog\/2025\/03\/26\/mise-a-jour-du-lafrance-et-25-de-rabais-sur-genealogie-quebec\/"},"wordCount":291,"publisher":{"@id":"https:\/\/www.genealogiequebec.com\/blog\/#organization"},"image":{"@id":"https:\/\/www.genealogiequebec.com\/blog\/2025\/03\/26\/mise-a-jour-du-lafrance-et-25-de-rabais-sur-genealogie-quebec\/#primaryimage"},"thumbnailUrl":"https:\/\/www.genealogiequebec.com\/blog\/wp-content\/uploads\/2021\/07\/IGD-large-1024x336.png","articleSection":["Infolettres"],"inLanguage":"fr-FR"},{"@type":"WebPage","@id":"https:\/\/www.genealogiequebec.com\/blog\/2025\/03\/26\/mise-a-jour-du-lafrance-et-25-de-rabais-sur-genealogie-quebec\/","url":"https:\/\/www.genealogiequebec.com\/blog\/2025\/03\/26\/mise-a-jour-du-lafrance-et-25-de-rabais-sur-genealogie-quebec\/","name":"Mise \u00e0 Jour du LaFrance et 25% de Rabais sur G\u00e9n\u00e9alogie Qu\u00e9bec - G\u00e9n\u00e9alogie et histoire du Qu\u00e9bec","isPartOf":{"@id":"https:\/\/www.genealogiequebec.com\/blog\/#website"},"primaryImageOfPage":{"@id":"https:\/\/www.genealogiequebec.com\/blog\/2025\/03\/26\/mise-a-jour-du-lafrance-et-25-de-rabais-sur-genealogie-quebec\/#primaryimage"},"image":{"@id":"https:\/\/www.genealogiequebec.com\/blog\/2025\/03\/26\/mise-a-jour-du-lafrance-et-25-de-rabais-sur-genealogie-quebec\/#primaryimage"},"thumbnailUrl":"https:\/\/www.genealogiequebec.com\/blog\/wp-content\/uploads\/2021\/07\/IGD-large-1024x336.png","datePublished":"2025-03-26T14:00:12+00:00","dateModified":"2025-03-26T14:02:35+00:00","breadcrumb":{"@id":"https:\/\/www.genealogiequebec.com\/blog\/2025\/03\/26\/mise-a-jour-du-lafrance-et-25-de-rabais-sur-genealogie-quebec\/#breadcrumb"},"inLanguage":"fr-FR","potentialAction":[{"@type":"ReadAction","target":["https:\/\/www.genealogiequebec.com\/blog\/2025\/03\/26\/mise-a-jour-du-lafrance-et-25-de-rabais-sur-genealogie-quebec\/"]}]},{"@type":"ImageObject","inLanguage":"fr-FR","@id":"https:\/\/www.genealogiequebec.com\/blog\/2025\/03\/26\/mise-a-jour-du-lafrance-et-25-de-rabais-sur-genealogie-quebec\/#primaryimage","url":"https:\/\/www.genealogiequebec.com\/blog\/wp-content\/uploads\/2021\/07\/IGD-large-e1650912258920.png","contentUrl":"https:\/\/www.genealogiequebec.com\/blog\/wp-content\/uploads\/2021\/07\/IGD-large-e1650912258920.png","width":390,"height":128},{"@type":"BreadcrumbList","@id":"https:\/\/www.genealogiequebec.com\/blog\/2025\/03\/26\/mise-a-jour-du-lafrance-et-25-de-rabais-sur-genealogie-quebec\/#breadcrumb","itemListElement":[{"@type":"ListItem","position":1,"name":"Accueil","item":"https:\/\/www.genealogiequebec.com\/blog\/"},{"@type":"ListItem","position":2,"name":"Infolettres","item":"https:\/\/www.genealogiequebec.com\/blog\/category\/infolettres\/"},{"@type":"ListItem","position":3,"name":"Mise \u00e0 Jour du LaFrance et 25% de Rabais sur G\u00e9n\u00e9alogie Qu\u00e9bec"}]},{"@type":"WebSite","@id":"https:\/\/www.genealogiequebec.com\/blog\/#website","url":"https:\/\/www.genealogiequebec.com\/blog\/","name":"G\u00e9n\u00e9alogie et histoire du Qu\u00e9bec","description":"Le blog de l&#039;institut Drouin","publisher":{"@id":"https:\/\/www.genealogiequebec.com\/blog\/#organization"},"potentialAction":[{"@type":"SearchAction","target":{"@type":"EntryPoint","urlTemplate":"https:\/\/www.genealogiequebec.com\/blog\/?s={search_term_string}"},"query-input":{"@type":"PropertyValueSpecification","valueRequired":true,"valueName":"search_term_string"}}],"inLanguage":"fr-FR"},{"@type":"Organization","@id":"https:\/\/www.genealogiequebec.com\/blog\/#organization","name":"Institut g\u00e9n\u00e9alogique Drouin","url":"https:\/\/www.genealogiequebec.com\/blog\/","logo":{"@type":"ImageObject","inLanguage":"fr-FR","@id":"https:\/\/www.genealogiequebec.com\/blog\/#\/schema\/logo\/image\/","url":"https:\/\/www.genealogiequebec.com\/blog\/wp-content\/uploads\/2019\/11\/IGD-large.png","contentUrl":"https:\/\/www.genealogiequebec.com\/blog\/wp-content\/uploads\/2019\/11\/IGD-large.png","width":1893,"height":621,"caption":"Institut g\u00e9n\u00e9alogique Drouin"},"image":{"@id":"https:\/\/www.genealogiequebec.com\/blog\/#\/schema\/logo\/image\/"},"sameAs":["https:\/\/www.facebook.com\/InstitutDrouin","https:\/\/x.com\/institutdrouin","https:\/\/www.instagram.com\/genealogiequebec\/","https:\/\/www.twitter.com\/institutdrouin"]},{"@type":"Person","@id":"https:\/\/www.genealogiequebec.com\/blog\/#\/schema\/person\/f1083726f11d1f2b6ead79ec5850ca06","name":"Institut Drouin","image":{"@type":"ImageObject","inLanguage":"fr-FR","@id":"https:\/\/www.genealogiequebec.com\/blog\/#\/schema\/person\/image\/","url":"https:\/\/secure.gravatar.com\/avatar\/8033ce23576b31b989429c1527bd70a807bbbe88e14f28a4bc5d8892d0bc4e54?s=96&d=mm&r=g","contentUrl":"https:\/\/secure.gravatar.com\/avatar\/8033ce23576b31b989429c1527bd70a807bbbe88e14f28a4bc5d8892d0bc4e54?s=96&d=mm&r=g","caption":"Institut Drouin"},"url":"https:\/\/www.genealogiequebec.com\/blog\/author\/institutdrouin\/"}]}},"_links":{"self":[{"href":"https:\/\/www.genealogiequebec.com\/blog\/wp-json\/wp\/v2\/posts\/5310","targetHints":{"allow":["GET"]}}],"collection":[{"href":"https:\/\/www.genealogiequebec.com\/blog\/wp-json\/wp\/v2\/posts"}],"about":[{"href":"https:\/\/www.genealogiequebec.com\/blog\/wp-json\/wp\/v2\/types\/post"}],"author":[{"embeddable":true,"href":"https:\/\/www.genealogiequebec.com\/blog\/wp-json\/wp\/v2\/users\/1"}],"replies":[{"embeddable":true,"href":"https:\/\/www.genealogiequebec.com\/blog\/wp-json\/wp\/v2\/comments?post=5310"}],"version-history":[{"count":4,"href":"https:\/\/www.genealogiequebec.com\/blog\/wp-json\/wp\/v2\/posts\/5310\/revisions"}],"predecessor-version":[{"id":5317,"href":"https:\/\/www.genealogiequebec.com\/blog\/wp-json\/wp\/v2\/posts\/5310\/revisions\/5317"}],"wp:attachment":[{"href":"https:\/\/www.genealogiequebec.com\/blog\/wp-json\/wp\/v2\/media?parent=5310"}],"wp:term":[{"taxonomy":"category","embeddable":true,"href":"https:\/\/www.genealogiequebec.com\/blog\/wp-json\/wp\/v2\/categories?post=5310"},{"taxonomy":"post_tag","embeddable":true,"href":"https:\/\/www.genealogiequebec.com\/blog\/wp-json\/wp\/v2\/tags?post=5310"}],"curies":[{"name":"wp","href":"https:\/\/api.w.org\/{rel}","templated":true}]}}