{"id":6082,"date":"2025-10-31T14:49:35","date_gmt":"2025-10-31T18:49:35","guid":{"rendered":"https:\/\/www.genealogiequebec.com\/blog\/?p=6082\/"},"modified":"2025-10-31T15:47:19","modified_gmt":"2025-10-31T19:47:19","slug":"nouvelle-mise-a-jour-des-collections-davis-de-deces","status":"publish","type":"post","link":"https:\/\/www.genealogiequebec.com\/blog\/2025\/10\/31\/nouvelle-mise-a-jour-des-collections-davis-de-deces\/","title":{"rendered":"Nouveaut\u00e9 : 140 000 avis de d\u00e9c\u00e8s ajout\u00e9s"},"content":{"rendered":"<div class=\"wp-block-image\">\n<figure class=\"aligncenter size-full is-resized\"><img decoding=\"async\" width=\"799\" height=\"301\" src=\"https:\/\/www.genealogiequebec.com\/blog\/wp-content\/uploads\/2021\/07\/GenealogieQuebecPNGmedium.png\" alt=\"\" class=\"wp-image-2635\" style=\"width:242px;height:auto\" srcset=\"https:\/\/www.genealogiequebec.com\/blog\/wp-content\/uploads\/2021\/07\/GenealogieQuebecPNGmedium.png 799w, https:\/\/www.genealogiequebec.com\/blog\/wp-content\/uploads\/2021\/07\/GenealogieQuebecPNGmedium-300x113.png 300w, https:\/\/www.genealogiequebec.com\/blog\/wp-content\/uploads\/2021\/07\/GenealogieQuebecPNGmedium-768x289.png 768w\" sizes=\"(max-width: 767px) 89vw, (max-width: 1000px) 54vw, (max-width: 1071px) 543px, 580px\" \/><\/figure>\n<\/div>\n\n\n<p class=\"has-text-align-center has-medium-font-size\"><strong>140 000 avis de d\u00e9c\u00e8s ont \u00e9t\u00e9 ajout\u00e9s sur<br>G\u00e9n\u00e9alogie Qu\u00e9bec !<\/strong><\/p>\n\n\n\n<p class=\"has-text-align-center\">Ces avis de d\u00e9c\u00e8s proviennent de partout au Canada et couvrent des ann\u00e9es 1960 \u00e0 aujourd\u2019hui.<\/p>\n\n\n\n<hr class=\"wp-block-separator has-alpha-channel-opacity\"\/>\n\n\n\n<div class=\"wp-block-columns is-layout-flex wp-container-core-columns-is-layout-9d6595d7 wp-block-columns-is-layout-flex\">\n<div class=\"wp-block-column is-layout-flow wp-block-column-is-layout-flow\">\n<h3 class=\"wp-block-heading\">Avis de d\u00e9c\u00e8s et cartes mortuaires<\/h3>\n\n\n\n<p>Acc\u00e9dez d\u00e9sormais \u00e0 plus de <strong>5 millions d\u2019avis et de cartes mortuaires<\/strong> couvrant deux si\u00e8cles d\u2019histoire canadienne, enti\u00e8rement consultables via notre moteur de recherche.<\/p>\n<\/div>\n\n\n\n<div class=\"wp-block-column is-layout-flow wp-block-column-is-layout-flow\">\n<figure data-wp-context=\"{&quot;imageId&quot;:&quot;69f4fd017f802&quot;}\" data-wp-interactive=\"core\/image\" data-wp-key=\"69f4fd017f802\" class=\"wp-block-image size-large wp-lightbox-container\"><img decoding=\"async\" width=\"557\" height=\"1024\" data-wp-class--hide=\"state.isContentHidden\" data-wp-class--show=\"state.isContentVisible\" data-wp-init=\"callbacks.setButtonStyles\" data-wp-on--click=\"actions.showLightbox\" data-wp-on--load=\"callbacks.setButtonStyles\" data-wp-on-window--resize=\"callbacks.setButtonStyles\" src=\"https:\/\/www.genealogiequebec.com\/blog\/wp-content\/uploads\/2025\/10\/LambertArthur-01Avr1913-Necrologie-LEtoile-de-St-Albert_1913_04_02-1-557x1024.jpg\" alt=\"\" class=\"wp-image-6084\" style=\"aspect-ratio:1;object-fit:cover\" srcset=\"https:\/\/www.genealogiequebec.com\/blog\/wp-content\/uploads\/2025\/10\/LambertArthur-01Avr1913-Necrologie-LEtoile-de-St-Albert_1913_04_02-1-557x1024.jpg 557w, https:\/\/www.genealogiequebec.com\/blog\/wp-content\/uploads\/2025\/10\/LambertArthur-01Avr1913-Necrologie-LEtoile-de-St-Albert_1913_04_02-1-163x300.jpg 163w, https:\/\/www.genealogiequebec.com\/blog\/wp-content\/uploads\/2025\/10\/LambertArthur-01Avr1913-Necrologie-LEtoile-de-St-Albert_1913_04_02-1-768x1413.jpg 768w, https:\/\/www.genealogiequebec.com\/blog\/wp-content\/uploads\/2025\/10\/LambertArthur-01Avr1913-Necrologie-LEtoile-de-St-Albert_1913_04_02-1-835x1536.jpg 835w, https:\/\/www.genealogiequebec.com\/blog\/wp-content\/uploads\/2025\/10\/LambertArthur-01Avr1913-Necrologie-LEtoile-de-St-Albert_1913_04_02-1-1113x2048.jpg 1113w, https:\/\/www.genealogiequebec.com\/blog\/wp-content\/uploads\/2025\/10\/LambertArthur-01Avr1913-Necrologie-LEtoile-de-St-Albert_1913_04_02-1.jpg 1655w\" sizes=\"(max-width: 557px) 100vw, 557px\" \/><button\n\t\t\tclass=\"lightbox-trigger\"\n\t\t\ttype=\"button\"\n\t\t\taria-haspopup=\"dialog\"\n\t\t\taria-label=\"Agrandir\"\n\t\t\tdata-wp-init=\"callbacks.initTriggerButton\"\n\t\t\tdata-wp-on--click=\"actions.showLightbox\"\n\t\t\tdata-wp-style--right=\"state.imageButtonRight\"\n\t\t\tdata-wp-style--top=\"state.imageButtonTop\"\n\t\t>\n\t\t\t<svg xmlns=\"http:\/\/www.w3.org\/2000\/svg\" width=\"12\" height=\"12\" fill=\"none\" viewBox=\"0 0 12 12\">\n\t\t\t\t<path fill=\"#fff\" d=\"M2 0a2 2 0 0 0-2 2v2h1.5V2a.5.5 0 0 1 .5-.5h2V0H2Zm2 10.5H2a.5.5 0 0 1-.5-.5V8H0v2a2 2 0 0 0 2 2h2v-1.5ZM8 12v-1.5h2a.5.5 0 0 0 .5-.5V8H12v2a2 2 0 0 1-2 2H8Zm2-12a2 2 0 0 1 2 2v2h-1.5V2a.5.5 0 0 0-.5-.5H8V0h2Z\" \/>\n\t\t\t<\/svg>\n\t\t<\/button><\/figure>\n<\/div>\n<\/div>\n\n\n\n<hr class=\"wp-block-separator has-alpha-channel-opacity\"\/>\n\n\n\n<div class=\"wp-block-columns is-layout-flex wp-container-core-columns-is-layout-9d6595d7 wp-block-columns-is-layout-flex\">\n<div class=\"wp-block-column is-layout-flow wp-block-column-is-layout-flow\">\n<figure class=\"wp-block-image size-full\"><img decoding=\"async\" width=\"712\" height=\"593\" src=\"https:\/\/www.genealogiequebec.com\/blog\/wp-content\/uploads\/2025\/10\/Designweb-pageabonnement2-07CROPPED-MORE.png\" alt=\"\" class=\"wp-image-6088\" srcset=\"https:\/\/www.genealogiequebec.com\/blog\/wp-content\/uploads\/2025\/10\/Designweb-pageabonnement2-07CROPPED-MORE.png 712w, https:\/\/www.genealogiequebec.com\/blog\/wp-content\/uploads\/2025\/10\/Designweb-pageabonnement2-07CROPPED-MORE-300x250.png 300w\" sizes=\"(max-width: 712px) 100vw, 712px\" \/><\/figure>\n<\/div>\n\n\n\n<div class=\"wp-block-column is-layout-flow wp-block-column-is-layout-flow\">\n<h3 class=\"wp-block-heading\">Profitez d&rsquo;un essai GRATUIT de 7 jours<\/h3>\n\n\n\n<p>Explorez plus de <strong>100 millions de documents historiques<\/strong> et d\u00e9couvrez votre histoire familiale avec G\u00e9n\u00e9alogie Qu\u00e9bec d\u00e8s aujourd&rsquo;hui!<\/p>\n<\/div>\n<\/div>\n\n\n\n<div class=\"wp-block-buttons is-content-justification-center is-layout-flex wp-container-core-buttons-is-layout-16018d1d wp-block-buttons-is-layout-flex\">\n<div class=\"wp-block-button has-custom-width wp-block-button__width-75\"><a class=\"wp-block-button__link has-luminous-vivid-orange-background-color has-background has-medium-font-size has-text-align-center has-custom-font-size wp-element-button\" href=\"https:\/\/www.genealogiequebec.com\/fr\/\" style=\"border-radius:0px\">D\u00e9marrer mon essai gratuit<\/a><\/div>\n<\/div>\n\n\n\n<div style=\"height:61px\" aria-hidden=\"true\" class=\"wp-block-spacer\"><\/div>\n\n\n\n<h3 class=\"wp-block-heading\"><strong>La mise \u00e0 jour en d\u00e9tails<\/strong><\/h3>\n\n\n\n<p><strong>Mise \u00e0 jour de la collection Avis de D\u00e9c\u00e8s Internet<\/strong><\/p>\n\n\n\n<ul class=\"wp-block-list\">\n<li>70 000 nouveaux avis de d\u00e9c\u00e8s<\/li>\n\n\n\n<li>Viennent de partout au Canada<\/li>\n\n\n\n<li>Couvrent de septembre 2024 \u00e0 septembre 2025<\/li>\n\n\n\n<li>Disponibles via le <a href=\"https:\/\/www.genealogiequebec.com\/fr\/recherche\" target=\"_blank\" rel=\"noreferrer noopener\">moteur de recherche<\/a> dans la collection <em>Avis de d\u00e9c\u00e8s internet<\/em><\/li>\n<\/ul>\n\n\n\n<hr class=\"wp-block-separator has-alpha-channel-opacity\"\/>\n\n\n\n<p><strong>Avis de d\u00e9c\u00e8s de l\u2019Acadie &#8211; Collection de Viateur Robichaud<\/strong><\/p>\n\n\n\n<ul class=\"wp-block-list\">\n<li>65 000 nouveaux avis de d\u00e9c\u00e8s<\/li>\n\n\n\n<li>Viennent de l\u2019Acadie<\/li>\n\n\n\n<li>Couvrent de 1967 \u00e0 2024<\/li>\n\n\n\n<li>Disponibles via le <a href=\"https:\/\/www.genealogiequebec.com\/fr\/recherche\" target=\"_blank\" rel=\"noreferrer noopener\">moteur de recherche<\/a> dans la collection <em>Avis de d\u00e9c\u00e8s journaux<\/em><\/li>\n<\/ul>\n\n\n\n<hr class=\"wp-block-separator has-alpha-channel-opacity\"\/>\n\n\n\n<p><strong>Avis de d\u00e9c\u00e8s de descendants canadiens fran\u00e7ais de l&rsquo;Alberta &#8211; Collection de la Soci\u00e9t\u00e9 g\u00e9n\u00e9alogique du Nord-Ouest<\/strong><\/p>\n\n\n\n<ul class=\"wp-block-list\">\n<li>2800 nouveaux avis de d\u00e9c\u00e8s<\/li>\n\n\n\n<li>Viennent principalement de l\u2019Alberta<\/li>\n\n\n\n<li>Couvrent des ann\u00e9es 1960 \u00e0 aujourd\u2019hui<\/li>\n\n\n\n<li>Disponibles via le <a href=\"https:\/\/www.genealogiequebec.com\/fr\/recherche\" target=\"_blank\" rel=\"noreferrer noopener\">moteur de recherche<\/a> dans la collection <em>Avis de d\u00e9c\u00e8s journaux<\/em><\/li>\n<\/ul>\n\n\n\n<hr class=\"wp-block-separator has-alpha-channel-opacity\"\/>\n\n\n\n<div class=\"wp-block-columns is-layout-flex wp-container-core-columns-is-layout-9d6595d7 wp-block-columns-is-layout-flex\">\n<div class=\"wp-block-column is-layout-flow wp-block-column-is-layout-flow\">\n<figure data-wp-context=\"{&quot;imageId&quot;:&quot;69f4fd0180a06&quot;}\" data-wp-interactive=\"core\/image\" data-wp-key=\"69f4fd0180a06\" class=\"wp-block-image size-large wp-lightbox-container\"><img decoding=\"async\" width=\"1024\" height=\"589\" data-wp-class--hide=\"state.isContentHidden\" data-wp-class--show=\"state.isContentVisible\" data-wp-init=\"callbacks.setButtonStyles\" data-wp-on--click=\"actions.showLightbox\" data-wp-on--load=\"callbacks.setButtonStyles\" data-wp-on-window--resize=\"callbacks.setButtonStyles\" src=\"https:\/\/www.genealogiequebec.com\/blog\/wp-content\/uploads\/2025\/10\/Maxime-richard-FR-1024x589.jpg\" alt=\"\" class=\"wp-image-6091\" srcset=\"https:\/\/www.genealogiequebec.com\/blog\/wp-content\/uploads\/2025\/10\/Maxime-richard-FR-1024x589.jpg 1024w, https:\/\/www.genealogiequebec.com\/blog\/wp-content\/uploads\/2025\/10\/Maxime-richard-FR-300x173.jpg 300w, https:\/\/www.genealogiequebec.com\/blog\/wp-content\/uploads\/2025\/10\/Maxime-richard-FR-768x442.jpg 768w, https:\/\/www.genealogiequebec.com\/blog\/wp-content\/uploads\/2025\/10\/Maxime-richard-FR.jpg 1290w\" sizes=\"(max-width: 767px) 89vw, (max-width: 1000px) 54vw, (max-width: 1071px) 543px, 580px\" \/><button\n\t\t\tclass=\"lightbox-trigger\"\n\t\t\ttype=\"button\"\n\t\t\taria-haspopup=\"dialog\"\n\t\t\taria-label=\"Agrandir\"\n\t\t\tdata-wp-init=\"callbacks.initTriggerButton\"\n\t\t\tdata-wp-on--click=\"actions.showLightbox\"\n\t\t\tdata-wp-style--right=\"state.imageButtonRight\"\n\t\t\tdata-wp-style--top=\"state.imageButtonTop\"\n\t\t>\n\t\t\t<svg xmlns=\"http:\/\/www.w3.org\/2000\/svg\" width=\"12\" height=\"12\" fill=\"none\" viewBox=\"0 0 12 12\">\n\t\t\t\t<path fill=\"#fff\" d=\"M2 0a2 2 0 0 0-2 2v2h1.5V2a.5.5 0 0 1 .5-.5h2V0H2Zm2 10.5H2a.5.5 0 0 1-.5-.5V8H0v2a2 2 0 0 0 2 2h2v-1.5ZM8 12v-1.5h2a.5.5 0 0 0 .5-.5V8H12v2a2 2 0 0 1-2 2H8Zm2-12a2 2 0 0 1 2 2v2h-1.5V2a.5.5 0 0 0-.5-.5H8V0h2Z\" \/>\n\t\t\t<\/svg>\n\t\t<\/button><\/figure>\n<\/div>\n\n\n\n<div class=\"wp-block-column is-layout-flow wp-block-column-is-layout-flow\">\n<figure data-wp-context=\"{&quot;imageId&quot;:&quot;69f4fd018105d&quot;}\" data-wp-interactive=\"core\/image\" data-wp-key=\"69f4fd018105d\" class=\"wp-block-image size-large wp-lightbox-container\"><img decoding=\"async\" width=\"1024\" height=\"487\" data-wp-class--hide=\"state.isContentHidden\" data-wp-class--show=\"state.isContentVisible\" data-wp-init=\"callbacks.setButtonStyles\" data-wp-on--click=\"actions.showLightbox\" data-wp-on--load=\"callbacks.setButtonStyles\" data-wp-on-window--resize=\"callbacks.setButtonStyles\" src=\"https:\/\/www.genealogiequebec.com\/blog\/wp-content\/uploads\/2025\/10\/Avis-deces-FR-1024x487.jpg\" alt=\"\" class=\"wp-image-6092\" srcset=\"https:\/\/www.genealogiequebec.com\/blog\/wp-content\/uploads\/2025\/10\/Avis-deces-FR-1024x487.jpg 1024w, https:\/\/www.genealogiequebec.com\/blog\/wp-content\/uploads\/2025\/10\/Avis-deces-FR-300x143.jpg 300w, https:\/\/www.genealogiequebec.com\/blog\/wp-content\/uploads\/2025\/10\/Avis-deces-FR-768x365.jpg 768w, https:\/\/www.genealogiequebec.com\/blog\/wp-content\/uploads\/2025\/10\/Avis-deces-FR.jpg 1289w\" sizes=\"(max-width: 767px) 89vw, (max-width: 1000px) 54vw, (max-width: 1071px) 543px, 580px\" \/><button\n\t\t\tclass=\"lightbox-trigger\"\n\t\t\ttype=\"button\"\n\t\t\taria-haspopup=\"dialog\"\n\t\t\taria-label=\"Agrandir\"\n\t\t\tdata-wp-init=\"callbacks.initTriggerButton\"\n\t\t\tdata-wp-on--click=\"actions.showLightbox\"\n\t\t\tdata-wp-style--right=\"state.imageButtonRight\"\n\t\t\tdata-wp-style--top=\"state.imageButtonTop\"\n\t\t>\n\t\t\t<svg xmlns=\"http:\/\/www.w3.org\/2000\/svg\" width=\"12\" height=\"12\" fill=\"none\" viewBox=\"0 0 12 12\">\n\t\t\t\t<path fill=\"#fff\" d=\"M2 0a2 2 0 0 0-2 2v2h1.5V2a.5.5 0 0 1 .5-.5h2V0H2Zm2 10.5H2a.5.5 0 0 1-.5-.5V8H0v2a2 2 0 0 0 2 2h2v-1.5ZM8 12v-1.5h2a.5.5 0 0 0 .5-.5V8H12v2a2 2 0 0 1-2 2H8Zm2-12a2 2 0 0 1 2 2v2h-1.5V2a.5.5 0 0 0-.5-.5H8V0h2Z\" \/>\n\t\t\t<\/svg>\n\t\t<\/button><\/figure>\n<\/div>\n<\/div>\n","protected":false},"excerpt":{"rendered":"<p>140 000 avis de d\u00e9c\u00e8s ont \u00e9t\u00e9 ajout\u00e9s surG\u00e9n\u00e9alogie Qu\u00e9bec ! Ces avis de d\u00e9c\u00e8s proviennent de partout au Canada et couvrent des ann\u00e9es 1960 \u00e0 aujourd\u2019hui. Avis de d\u00e9c\u00e8s et cartes mortuaires Acc\u00e9dez d\u00e9sormais \u00e0 plus de 5 millions d\u2019avis et de cartes mortuaires couvrant deux si\u00e8cles d\u2019histoire canadienne, enti\u00e8rement consultables via notre moteur &hellip; <\/p>\n<p class=\"link-more\"><a href=\"https:\/\/www.genealogiequebec.com\/blog\/2025\/10\/31\/nouvelle-mise-a-jour-des-collections-davis-de-deces\/\" class=\"more-link\">Continuer la lecture<span class=\"screen-reader-text\"> de &laquo;&nbsp;Nouveaut\u00e9 : 140 000 avis de d\u00e9c\u00e8s ajout\u00e9s&nbsp;&raquo;<\/span><\/a><\/p>\n","protected":false},"author":1,"featured_media":0,"comment_status":"closed","ping_status":"open","sticky":false,"template":"","format":"standard","meta":{"footnotes":""},"categories":[4],"tags":[],"class_list":["post-6082","post","type-post","status-publish","format-standard","hentry","category-infolettres"],"yoast_head":"<!-- This site is optimized with the Yoast SEO plugin v26.9 - https:\/\/yoast.com\/product\/yoast-seo-wordpress\/ -->\r\n<title>Nouveaut\u00e9 : 140 000 avis de d\u00e9c\u00e8s ajout\u00e9s - G\u00e9n\u00e9alogie et histoire du Qu\u00e9bec<\/title>\r\n<meta name=\"robots\" content=\"index, follow, max-snippet:-1, max-image-preview:large, max-video-preview:-1\" \/>\r\n<link rel=\"canonical\" href=\"https:\/\/www.genealogiequebec.com\/blog\/2025\/10\/31\/nouvelle-mise-a-jour-des-collections-davis-de-deces\/\" \/>\r\n<meta property=\"og:locale\" content=\"fr_FR\" \/>\r\n<meta property=\"og:type\" content=\"article\" \/>\r\n<meta property=\"og:title\" content=\"Nouveaut\u00e9 : 140 000 avis de d\u00e9c\u00e8s ajout\u00e9s - G\u00e9n\u00e9alogie et histoire du Qu\u00e9bec\" \/>\r\n<meta property=\"og:description\" content=\"140 000 avis de d\u00e9c\u00e8s ont \u00e9t\u00e9 ajout\u00e9s surG\u00e9n\u00e9alogie Qu\u00e9bec ! Ces avis de d\u00e9c\u00e8s proviennent de partout au Canada et couvrent des ann\u00e9es 1960 \u00e0 aujourd\u2019hui. Avis de d\u00e9c\u00e8s et cartes mortuaires Acc\u00e9dez d\u00e9sormais \u00e0 plus de 5 millions d\u2019avis et de cartes mortuaires couvrant deux si\u00e8cles d\u2019histoire canadienne, enti\u00e8rement consultables via notre moteur &hellip; Continuer la lecture de &laquo;&nbsp;Nouveaut\u00e9 : 140 000 avis de d\u00e9c\u00e8s ajout\u00e9s&nbsp;&raquo;\" \/>\r\n<meta property=\"og:url\" content=\"https:\/\/www.genealogiequebec.com\/blog\/2025\/10\/31\/nouvelle-mise-a-jour-des-collections-davis-de-deces\/\" \/>\r\n<meta property=\"og:site_name\" content=\"G\u00e9n\u00e9alogie et histoire du Qu\u00e9bec\" \/>\r\n<meta property=\"article:publisher\" content=\"https:\/\/www.facebook.com\/InstitutDrouin\" \/>\r\n<meta property=\"article:published_time\" content=\"2025-10-31T18:49:35+00:00\" \/>\r\n<meta property=\"article:modified_time\" content=\"2025-10-31T19:47:19+00:00\" \/>\r\n<meta property=\"og:image\" content=\"https:\/\/www.genealogiequebec.com\/blog\/wp-content\/uploads\/2023\/04\/newspaper-obituaries-avis-de-deces-journaux-tremblay-e1681499602788.jpg\" \/>\r\n\t<meta property=\"og:image:width\" content=\"945\" \/>\r\n\t<meta property=\"og:image:height\" content=\"820\" \/>\r\n\t<meta property=\"og:image:type\" content=\"image\/jpeg\" \/>\r\n<meta name=\"author\" content=\"Institut Drouin\" \/>\r\n<meta name=\"twitter:card\" content=\"summary_large_image\" \/>\r\n<meta name=\"twitter:creator\" content=\"@institutdrouin\" \/>\r\n<meta name=\"twitter:site\" content=\"@institutdrouin\" \/>\r\n<meta name=\"twitter:label1\" content=\"\u00c9crit par\" \/>\n\t<meta name=\"twitter:data1\" content=\"Institut Drouin\" \/>\n\t<meta name=\"twitter:label2\" content=\"Dur\u00e9e de lecture estim\u00e9e\" \/>\n\t<meta name=\"twitter:data2\" content=\"3 minutes\" \/>\r\n<script type=\"application\/ld+json\" class=\"yoast-schema-graph\">{\"@context\":\"https:\/\/schema.org\",\"@graph\":[{\"@type\":\"Article\",\"@id\":\"https:\/\/www.genealogiequebec.com\/blog\/2025\/10\/31\/nouvelle-mise-a-jour-des-collections-davis-de-deces\/#article\",\"isPartOf\":{\"@id\":\"https:\/\/www.genealogiequebec.com\/blog\/2025\/10\/31\/nouvelle-mise-a-jour-des-collections-davis-de-deces\/\"},\"author\":{\"name\":\"Institut Drouin\",\"@id\":\"https:\/\/www.genealogiequebec.com\/blog\/#\/schema\/person\/f1083726f11d1f2b6ead79ec5850ca06\"},\"headline\":\"Nouveaut\u00e9 : 140 000 avis de d\u00e9c\u00e8s ajout\u00e9s\",\"datePublished\":\"2025-10-31T18:49:35+00:00\",\"dateModified\":\"2025-10-31T19:47:19+00:00\",\"mainEntityOfPage\":{\"@id\":\"https:\/\/www.genealogiequebec.com\/blog\/2025\/10\/31\/nouvelle-mise-a-jour-des-collections-davis-de-deces\/\"},\"wordCount\":251,\"publisher\":{\"@id\":\"https:\/\/www.genealogiequebec.com\/blog\/#organization\"},\"image\":{\"@id\":\"https:\/\/www.genealogiequebec.com\/blog\/2025\/10\/31\/nouvelle-mise-a-jour-des-collections-davis-de-deces\/#primaryimage\"},\"thumbnailUrl\":\"https:\/\/www.genealogiequebec.com\/blog\/wp-content\/uploads\/2021\/07\/GenealogieQuebecPNGmedium.png\",\"articleSection\":[\"Infolettres\"],\"inLanguage\":\"fr-FR\"},{\"@type\":\"WebPage\",\"@id\":\"https:\/\/www.genealogiequebec.com\/blog\/2025\/10\/31\/nouvelle-mise-a-jour-des-collections-davis-de-deces\/\",\"url\":\"https:\/\/www.genealogiequebec.com\/blog\/2025\/10\/31\/nouvelle-mise-a-jour-des-collections-davis-de-deces\/\",\"name\":\"Nouveaut\u00e9 : 140 000 avis de d\u00e9c\u00e8s ajout\u00e9s - G\u00e9n\u00e9alogie et histoire du Qu\u00e9bec\",\"isPartOf\":{\"@id\":\"https:\/\/www.genealogiequebec.com\/blog\/#website\"},\"primaryImageOfPage\":{\"@id\":\"https:\/\/www.genealogiequebec.com\/blog\/2025\/10\/31\/nouvelle-mise-a-jour-des-collections-davis-de-deces\/#primaryimage\"},\"image\":{\"@id\":\"https:\/\/www.genealogiequebec.com\/blog\/2025\/10\/31\/nouvelle-mise-a-jour-des-collections-davis-de-deces\/#primaryimage\"},\"thumbnailUrl\":\"https:\/\/www.genealogiequebec.com\/blog\/wp-content\/uploads\/2021\/07\/GenealogieQuebecPNGmedium.png\",\"datePublished\":\"2025-10-31T18:49:35+00:00\",\"dateModified\":\"2025-10-31T19:47:19+00:00\",\"breadcrumb\":{\"@id\":\"https:\/\/www.genealogiequebec.com\/blog\/2025\/10\/31\/nouvelle-mise-a-jour-des-collections-davis-de-deces\/#breadcrumb\"},\"inLanguage\":\"fr-FR\",\"potentialAction\":[{\"@type\":\"ReadAction\",\"target\":[\"https:\/\/www.genealogiequebec.com\/blog\/2025\/10\/31\/nouvelle-mise-a-jour-des-collections-davis-de-deces\/\"]}]},{\"@type\":\"ImageObject\",\"inLanguage\":\"fr-FR\",\"@id\":\"https:\/\/www.genealogiequebec.com\/blog\/2025\/10\/31\/nouvelle-mise-a-jour-des-collections-davis-de-deces\/#primaryimage\",\"url\":\"https:\/\/www.genealogiequebec.com\/blog\/wp-content\/uploads\/2021\/07\/GenealogieQuebecPNGmedium.png\",\"contentUrl\":\"https:\/\/www.genealogiequebec.com\/blog\/wp-content\/uploads\/2021\/07\/GenealogieQuebecPNGmedium.png\",\"width\":799,\"height\":301},{\"@type\":\"BreadcrumbList\",\"@id\":\"https:\/\/www.genealogiequebec.com\/blog\/2025\/10\/31\/nouvelle-mise-a-jour-des-collections-davis-de-deces\/#breadcrumb\",\"itemListElement\":[{\"@type\":\"ListItem\",\"position\":1,\"name\":\"Accueil\",\"item\":\"https:\/\/www.genealogiequebec.com\/blog\/\"},{\"@type\":\"ListItem\",\"position\":2,\"name\":\"Infolettres\",\"item\":\"https:\/\/www.genealogiequebec.com\/blog\/category\/infolettres\/\"},{\"@type\":\"ListItem\",\"position\":3,\"name\":\"Nouveaut\u00e9 : 140 000 avis de d\u00e9c\u00e8s ajout\u00e9s\"}]},{\"@type\":\"WebSite\",\"@id\":\"https:\/\/www.genealogiequebec.com\/blog\/#website\",\"url\":\"https:\/\/www.genealogiequebec.com\/blog\/\",\"name\":\"G\u00e9n\u00e9alogie et histoire du Qu\u00e9bec\",\"description\":\"Le blog de l&#039;institut Drouin\",\"publisher\":{\"@id\":\"https:\/\/www.genealogiequebec.com\/blog\/#organization\"},\"potentialAction\":[{\"@type\":\"SearchAction\",\"target\":{\"@type\":\"EntryPoint\",\"urlTemplate\":\"https:\/\/www.genealogiequebec.com\/blog\/?s={search_term_string}\"},\"query-input\":{\"@type\":\"PropertyValueSpecification\",\"valueRequired\":true,\"valueName\":\"search_term_string\"}}],\"inLanguage\":\"fr-FR\"},{\"@type\":\"Organization\",\"@id\":\"https:\/\/www.genealogiequebec.com\/blog\/#organization\",\"name\":\"Institut g\u00e9n\u00e9alogique Drouin\",\"url\":\"https:\/\/www.genealogiequebec.com\/blog\/\",\"logo\":{\"@type\":\"ImageObject\",\"inLanguage\":\"fr-FR\",\"@id\":\"https:\/\/www.genealogiequebec.com\/blog\/#\/schema\/logo\/image\/\",\"url\":\"https:\/\/www.genealogiequebec.com\/blog\/wp-content\/uploads\/2019\/11\/IGD-large.png\",\"contentUrl\":\"https:\/\/www.genealogiequebec.com\/blog\/wp-content\/uploads\/2019\/11\/IGD-large.png\",\"width\":1893,\"height\":621,\"caption\":\"Institut g\u00e9n\u00e9alogique Drouin\"},\"image\":{\"@id\":\"https:\/\/www.genealogiequebec.com\/blog\/#\/schema\/logo\/image\/\"},\"sameAs\":[\"https:\/\/www.facebook.com\/InstitutDrouin\",\"https:\/\/x.com\/institutdrouin\",\"https:\/\/www.instagram.com\/genealogiequebec\/\",\"https:\/\/www.twitter.com\/institutdrouin\"]},{\"@type\":\"Person\",\"@id\":\"https:\/\/www.genealogiequebec.com\/blog\/#\/schema\/person\/f1083726f11d1f2b6ead79ec5850ca06\",\"name\":\"Institut Drouin\",\"image\":{\"@type\":\"ImageObject\",\"inLanguage\":\"fr-FR\",\"@id\":\"https:\/\/www.genealogiequebec.com\/blog\/#\/schema\/person\/image\/\",\"url\":\"https:\/\/secure.gravatar.com\/avatar\/8033ce23576b31b989429c1527bd70a807bbbe88e14f28a4bc5d8892d0bc4e54?s=96&d=mm&r=g\",\"contentUrl\":\"https:\/\/secure.gravatar.com\/avatar\/8033ce23576b31b989429c1527bd70a807bbbe88e14f28a4bc5d8892d0bc4e54?s=96&d=mm&r=g\",\"caption\":\"Institut Drouin\"},\"url\":\"https:\/\/www.genealogiequebec.com\/blog\/author\/institutdrouin\/\"}]}<\/script>\r\n<!-- \/ Yoast SEO plugin. -->","yoast_head_json":{"title":"Nouveaut\u00e9 : 140 000 avis de d\u00e9c\u00e8s ajout\u00e9s - G\u00e9n\u00e9alogie et histoire du Qu\u00e9bec","robots":{"index":"index","follow":"follow","max-snippet":"max-snippet:-1","max-image-preview":"max-image-preview:large","max-video-preview":"max-video-preview:-1"},"canonical":"https:\/\/www.genealogiequebec.com\/blog\/2025\/10\/31\/nouvelle-mise-a-jour-des-collections-davis-de-deces\/","og_locale":"fr_FR","og_type":"article","og_title":"Nouveaut\u00e9 : 140 000 avis de d\u00e9c\u00e8s ajout\u00e9s - G\u00e9n\u00e9alogie et histoire du Qu\u00e9bec","og_description":"140 000 avis de d\u00e9c\u00e8s ont \u00e9t\u00e9 ajout\u00e9s surG\u00e9n\u00e9alogie Qu\u00e9bec ! Ces avis de d\u00e9c\u00e8s proviennent de partout au Canada et couvrent des ann\u00e9es 1960 \u00e0 aujourd\u2019hui. Avis de d\u00e9c\u00e8s et cartes mortuaires Acc\u00e9dez d\u00e9sormais \u00e0 plus de 5 millions d\u2019avis et de cartes mortuaires couvrant deux si\u00e8cles d\u2019histoire canadienne, enti\u00e8rement consultables via notre moteur &hellip; Continuer la lecture de &laquo;&nbsp;Nouveaut\u00e9 : 140 000 avis de d\u00e9c\u00e8s ajout\u00e9s&nbsp;&raquo;","og_url":"https:\/\/www.genealogiequebec.com\/blog\/2025\/10\/31\/nouvelle-mise-a-jour-des-collections-davis-de-deces\/","og_site_name":"G\u00e9n\u00e9alogie et histoire du Qu\u00e9bec","article_publisher":"https:\/\/www.facebook.com\/InstitutDrouin","article_published_time":"2025-10-31T18:49:35+00:00","article_modified_time":"2025-10-31T19:47:19+00:00","og_image":[{"width":945,"height":820,"url":"https:\/\/www.genealogiequebec.com\/blog\/wp-content\/uploads\/2023\/04\/newspaper-obituaries-avis-de-deces-journaux-tremblay-e1681499602788.jpg","type":"image\/jpeg"}],"author":"Institut Drouin","twitter_card":"summary_large_image","twitter_creator":"@institutdrouin","twitter_site":"@institutdrouin","twitter_misc":{"\u00c9crit par":"Institut Drouin","Dur\u00e9e de lecture estim\u00e9e":"3 minutes"},"schema":{"@context":"https:\/\/schema.org","@graph":[{"@type":"Article","@id":"https:\/\/www.genealogiequebec.com\/blog\/2025\/10\/31\/nouvelle-mise-a-jour-des-collections-davis-de-deces\/#article","isPartOf":{"@id":"https:\/\/www.genealogiequebec.com\/blog\/2025\/10\/31\/nouvelle-mise-a-jour-des-collections-davis-de-deces\/"},"author":{"name":"Institut Drouin","@id":"https:\/\/www.genealogiequebec.com\/blog\/#\/schema\/person\/f1083726f11d1f2b6ead79ec5850ca06"},"headline":"Nouveaut\u00e9 : 140 000 avis de d\u00e9c\u00e8s ajout\u00e9s","datePublished":"2025-10-31T18:49:35+00:00","dateModified":"2025-10-31T19:47:19+00:00","mainEntityOfPage":{"@id":"https:\/\/www.genealogiequebec.com\/blog\/2025\/10\/31\/nouvelle-mise-a-jour-des-collections-davis-de-deces\/"},"wordCount":251,"publisher":{"@id":"https:\/\/www.genealogiequebec.com\/blog\/#organization"},"image":{"@id":"https:\/\/www.genealogiequebec.com\/blog\/2025\/10\/31\/nouvelle-mise-a-jour-des-collections-davis-de-deces\/#primaryimage"},"thumbnailUrl":"https:\/\/www.genealogiequebec.com\/blog\/wp-content\/uploads\/2021\/07\/GenealogieQuebecPNGmedium.png","articleSection":["Infolettres"],"inLanguage":"fr-FR"},{"@type":"WebPage","@id":"https:\/\/www.genealogiequebec.com\/blog\/2025\/10\/31\/nouvelle-mise-a-jour-des-collections-davis-de-deces\/","url":"https:\/\/www.genealogiequebec.com\/blog\/2025\/10\/31\/nouvelle-mise-a-jour-des-collections-davis-de-deces\/","name":"Nouveaut\u00e9 : 140 000 avis de d\u00e9c\u00e8s ajout\u00e9s - G\u00e9n\u00e9alogie et histoire du Qu\u00e9bec","isPartOf":{"@id":"https:\/\/www.genealogiequebec.com\/blog\/#website"},"primaryImageOfPage":{"@id":"https:\/\/www.genealogiequebec.com\/blog\/2025\/10\/31\/nouvelle-mise-a-jour-des-collections-davis-de-deces\/#primaryimage"},"image":{"@id":"https:\/\/www.genealogiequebec.com\/blog\/2025\/10\/31\/nouvelle-mise-a-jour-des-collections-davis-de-deces\/#primaryimage"},"thumbnailUrl":"https:\/\/www.genealogiequebec.com\/blog\/wp-content\/uploads\/2021\/07\/GenealogieQuebecPNGmedium.png","datePublished":"2025-10-31T18:49:35+00:00","dateModified":"2025-10-31T19:47:19+00:00","breadcrumb":{"@id":"https:\/\/www.genealogiequebec.com\/blog\/2025\/10\/31\/nouvelle-mise-a-jour-des-collections-davis-de-deces\/#breadcrumb"},"inLanguage":"fr-FR","potentialAction":[{"@type":"ReadAction","target":["https:\/\/www.genealogiequebec.com\/blog\/2025\/10\/31\/nouvelle-mise-a-jour-des-collections-davis-de-deces\/"]}]},{"@type":"ImageObject","inLanguage":"fr-FR","@id":"https:\/\/www.genealogiequebec.com\/blog\/2025\/10\/31\/nouvelle-mise-a-jour-des-collections-davis-de-deces\/#primaryimage","url":"https:\/\/www.genealogiequebec.com\/blog\/wp-content\/uploads\/2021\/07\/GenealogieQuebecPNGmedium.png","contentUrl":"https:\/\/www.genealogiequebec.com\/blog\/wp-content\/uploads\/2021\/07\/GenealogieQuebecPNGmedium.png","width":799,"height":301},{"@type":"BreadcrumbList","@id":"https:\/\/www.genealogiequebec.com\/blog\/2025\/10\/31\/nouvelle-mise-a-jour-des-collections-davis-de-deces\/#breadcrumb","itemListElement":[{"@type":"ListItem","position":1,"name":"Accueil","item":"https:\/\/www.genealogiequebec.com\/blog\/"},{"@type":"ListItem","position":2,"name":"Infolettres","item":"https:\/\/www.genealogiequebec.com\/blog\/category\/infolettres\/"},{"@type":"ListItem","position":3,"name":"Nouveaut\u00e9 : 140 000 avis de d\u00e9c\u00e8s ajout\u00e9s"}]},{"@type":"WebSite","@id":"https:\/\/www.genealogiequebec.com\/blog\/#website","url":"https:\/\/www.genealogiequebec.com\/blog\/","name":"G\u00e9n\u00e9alogie et histoire du Qu\u00e9bec","description":"Le blog de l&#039;institut Drouin","publisher":{"@id":"https:\/\/www.genealogiequebec.com\/blog\/#organization"},"potentialAction":[{"@type":"SearchAction","target":{"@type":"EntryPoint","urlTemplate":"https:\/\/www.genealogiequebec.com\/blog\/?s={search_term_string}"},"query-input":{"@type":"PropertyValueSpecification","valueRequired":true,"valueName":"search_term_string"}}],"inLanguage":"fr-FR"},{"@type":"Organization","@id":"https:\/\/www.genealogiequebec.com\/blog\/#organization","name":"Institut g\u00e9n\u00e9alogique Drouin","url":"https:\/\/www.genealogiequebec.com\/blog\/","logo":{"@type":"ImageObject","inLanguage":"fr-FR","@id":"https:\/\/www.genealogiequebec.com\/blog\/#\/schema\/logo\/image\/","url":"https:\/\/www.genealogiequebec.com\/blog\/wp-content\/uploads\/2019\/11\/IGD-large.png","contentUrl":"https:\/\/www.genealogiequebec.com\/blog\/wp-content\/uploads\/2019\/11\/IGD-large.png","width":1893,"height":621,"caption":"Institut g\u00e9n\u00e9alogique Drouin"},"image":{"@id":"https:\/\/www.genealogiequebec.com\/blog\/#\/schema\/logo\/image\/"},"sameAs":["https:\/\/www.facebook.com\/InstitutDrouin","https:\/\/x.com\/institutdrouin","https:\/\/www.instagram.com\/genealogiequebec\/","https:\/\/www.twitter.com\/institutdrouin"]},{"@type":"Person","@id":"https:\/\/www.genealogiequebec.com\/blog\/#\/schema\/person\/f1083726f11d1f2b6ead79ec5850ca06","name":"Institut Drouin","image":{"@type":"ImageObject","inLanguage":"fr-FR","@id":"https:\/\/www.genealogiequebec.com\/blog\/#\/schema\/person\/image\/","url":"https:\/\/secure.gravatar.com\/avatar\/8033ce23576b31b989429c1527bd70a807bbbe88e14f28a4bc5d8892d0bc4e54?s=96&d=mm&r=g","contentUrl":"https:\/\/secure.gravatar.com\/avatar\/8033ce23576b31b989429c1527bd70a807bbbe88e14f28a4bc5d8892d0bc4e54?s=96&d=mm&r=g","caption":"Institut Drouin"},"url":"https:\/\/www.genealogiequebec.com\/blog\/author\/institutdrouin\/"}]}},"_links":{"self":[{"href":"https:\/\/www.genealogiequebec.com\/blog\/wp-json\/wp\/v2\/posts\/6082","targetHints":{"allow":["GET"]}}],"collection":[{"href":"https:\/\/www.genealogiequebec.com\/blog\/wp-json\/wp\/v2\/posts"}],"about":[{"href":"https:\/\/www.genealogiequebec.com\/blog\/wp-json\/wp\/v2\/types\/post"}],"author":[{"embeddable":true,"href":"https:\/\/www.genealogiequebec.com\/blog\/wp-json\/wp\/v2\/users\/1"}],"replies":[{"embeddable":true,"href":"https:\/\/www.genealogiequebec.com\/blog\/wp-json\/wp\/v2\/comments?post=6082"}],"version-history":[{"count":15,"href":"https:\/\/www.genealogiequebec.com\/blog\/wp-json\/wp\/v2\/posts\/6082\/revisions"}],"predecessor-version":[{"id":6111,"href":"https:\/\/www.genealogiequebec.com\/blog\/wp-json\/wp\/v2\/posts\/6082\/revisions\/6111"}],"wp:attachment":[{"href":"https:\/\/www.genealogiequebec.com\/blog\/wp-json\/wp\/v2\/media?parent=6082"}],"wp:term":[{"taxonomy":"category","embeddable":true,"href":"https:\/\/www.genealogiequebec.com\/blog\/wp-json\/wp\/v2\/categories?post=6082"},{"taxonomy":"post_tag","embeddable":true,"href":"https:\/\/www.genealogiequebec.com\/blog\/wp-json\/wp\/v2\/tags?post=6082"}],"curies":[{"name":"wp","href":"https:\/\/api.w.org\/{rel}","templated":true}]}}