{"id":6280,"date":"2026-01-29T14:21:22","date_gmt":"2026-01-29T19:21:22","guid":{"rendered":"https:\/\/www.genealogiequebec.com\/blog\/?p=6280\/"},"modified":"2026-01-29T14:21:23","modified_gmt":"2026-01-29T19:21:23","slug":"une-nouvelle-collection-de-plus-dun-million-dindividus","status":"publish","type":"post","link":"https:\/\/www.genealogiequebec.com\/blog\/2026\/01\/29\/une-nouvelle-collection-de-plus-dun-million-dindividus\/","title":{"rendered":"Une nouvelle collection de plus d\u2019un million d\u2019individus"},"content":{"rendered":"\n<hr class=\"wp-block-separator has-alpha-channel-opacity is-style-default\"\/>\n\n\n\n<p class=\"has-text-align-center has-medium-font-size\">Une toute nouvelle collection d&rsquo;annuaires et de recensements r\u00e9pertoriant plus d&rsquo;<strong>un million d&rsquo;individus<\/strong>\u00a0est maintenant disponible sur G\u00e9n\u00e9alogie Qu\u00e9bec !<\/p>\n\n\n\n<hr class=\"wp-block-separator has-alpha-channel-opacity is-style-default\"\/>\n\n\n\n<div class=\"wp-block-columns is-layout-flex wp-container-core-columns-is-layout-9d6595d7 wp-block-columns-is-layout-flex\">\n<div class=\"wp-block-column is-layout-flow wp-block-column-is-layout-flow\">\n<h3 class=\"wp-block-heading\">Nouvelle Collection<\/h3>\n\n\n\n<p>Cette collection contient des annuaires et recensements du 19e, 20e et 21e si\u00e8cle provenant de diverses r\u00e9gions du Qu\u00e9bec.<\/p>\n\n\n\n<p>L&rsquo;information contenue diverge selon la source, mais on peut y retrouver la date et la ville de r\u00e9sidence, la date de naissance, ainsi que la profession.<\/p>\n<\/div>\n\n\n\n<div class=\"wp-block-column is-layout-flow wp-block-column-is-layout-flow\">\n<figure data-wp-context=\"{&quot;imageId&quot;:&quot;69f546a9b01fb&quot;}\" data-wp-interactive=\"core\/image\" data-wp-key=\"69f546a9b01fb\" class=\"wp-block-image size-full wp-lightbox-container\"><img decoding=\"async\" width=\"641\" height=\"567\" data-wp-class--hide=\"state.isContentHidden\" data-wp-class--show=\"state.isContentVisible\" data-wp-init=\"callbacks.setButtonStyles\" data-wp-on--click=\"actions.showLightbox\" data-wp-on--load=\"callbacks.setButtonStyles\" data-wp-on-window--resize=\"callbacks.setButtonStyles\" src=\"https:\/\/www.genealogiequebec.com\/blog\/wp-content\/uploads\/2026\/01\/image.png\" alt=\"\" class=\"wp-image-6286\" srcset=\"https:\/\/www.genealogiequebec.com\/blog\/wp-content\/uploads\/2026\/01\/image.png 641w, https:\/\/www.genealogiequebec.com\/blog\/wp-content\/uploads\/2026\/01\/image-300x265.png 300w\" sizes=\"(max-width: 641px) 100vw, 641px\" \/><button\n\t\t\tclass=\"lightbox-trigger\"\n\t\t\ttype=\"button\"\n\t\t\taria-haspopup=\"dialog\"\n\t\t\taria-label=\"Agrandir\"\n\t\t\tdata-wp-init=\"callbacks.initTriggerButton\"\n\t\t\tdata-wp-on--click=\"actions.showLightbox\"\n\t\t\tdata-wp-style--right=\"state.imageButtonRight\"\n\t\t\tdata-wp-style--top=\"state.imageButtonTop\"\n\t\t>\n\t\t\t<svg xmlns=\"http:\/\/www.w3.org\/2000\/svg\" width=\"12\" height=\"12\" fill=\"none\" viewBox=\"0 0 12 12\">\n\t\t\t\t<path fill=\"#fff\" d=\"M2 0a2 2 0 0 0-2 2v2h1.5V2a.5.5 0 0 1 .5-.5h2V0H2Zm2 10.5H2a.5.5 0 0 1-.5-.5V8H0v2a2 2 0 0 0 2 2h2v-1.5ZM8 12v-1.5h2a.5.5 0 0 0 .5-.5V8H12v2a2 2 0 0 1-2 2H8Zm2-12a2 2 0 0 1 2 2v2h-1.5V2a.5.5 0 0 0-.5-.5H8V0h2Z\" \/>\n\t\t\t<\/svg>\n\t\t<\/button><\/figure>\n<\/div>\n<\/div>\n\n\n\n<div class=\"wp-block-columns is-layout-flex wp-container-core-columns-is-layout-9d6595d7 wp-block-columns-is-layout-flex\">\n<div class=\"wp-block-column is-layout-flow wp-block-column-is-layout-flow\">\n<figure class=\"wp-block-image size-full\"><img decoding=\"async\" width=\"712\" height=\"593\" src=\"https:\/\/www.genealogiequebec.com\/blog\/wp-content\/uploads\/2025\/07\/Designweb-pageabonnement2-07CROPPED-MORE.png\" alt=\"\" class=\"wp-image-5827\" srcset=\"https:\/\/www.genealogiequebec.com\/blog\/wp-content\/uploads\/2025\/07\/Designweb-pageabonnement2-07CROPPED-MORE.png 712w, https:\/\/www.genealogiequebec.com\/blog\/wp-content\/uploads\/2025\/07\/Designweb-pageabonnement2-07CROPPED-MORE-300x250.png 300w\" sizes=\"(max-width: 712px) 100vw, 712px\" \/><\/figure>\n<\/div>\n\n\n\n<div class=\"wp-block-column is-layout-flow wp-block-column-is-layout-flow\">\n<h3 class=\"wp-block-heading\">Profitez d&rsquo;un essai GRATUIT de 7 jours<\/h3>\n\n\n\n<p>Explorez plus de&nbsp;<strong>100 millions de documents historiques<\/strong>&nbsp;et d\u00e9couvrez votre histoire familiale avec G\u00e9n\u00e9alogie Qu\u00e9bec d\u00e8s aujourd&rsquo;hui!<\/p>\n<\/div>\n<\/div>\n\n\n\n<div class=\"wp-block-buttons is-content-justification-center is-layout-flex wp-container-core-buttons-is-layout-16018d1d wp-block-buttons-is-layout-flex\">\n<div class=\"wp-block-button has-custom-width wp-block-button__width-75\"><a class=\"wp-block-button__link has-luminous-vivid-orange-background-color has-background has-medium-font-size has-text-align-center has-custom-font-size wp-element-button\" href=\"https:\/\/www.genealogiequebec.com\/fr\/\">D\u00e9marrer mon essai gratuit<\/a><\/div>\n<\/div>\n\n\n\n<div style=\"height:37px\" aria-hidden=\"true\" class=\"wp-block-spacer\"><\/div>\n\n\n\n<div class=\"wp-block-columns is-layout-flex wp-container-core-columns-is-layout-9d6595d7 wp-block-columns-is-layout-flex\">\n<div class=\"wp-block-column is-layout-flow wp-block-column-is-layout-flow\"><\/div>\n\n\n\n<div class=\"wp-block-column is-layout-flow wp-block-column-is-layout-flow\"><\/div>\n<\/div>\n\n\n\n<div class=\"wp-block-columns is-layout-flex wp-container-core-columns-is-layout-9d6595d7 wp-block-columns-is-layout-flex\">\n<div class=\"wp-block-column is-layout-flow wp-block-column-is-layout-flow\">\n<h3 class=\"wp-block-heading\">Consulter la collection<\/h3>\n\n\n\n<p>Ces nouvelles donn\u00e9es sont accessibles dans le\u00a0<a href=\"https:\/\/www.genealogiequebec.com\/fr\/recherche\" target=\"_blank\" rel=\"noreferrer noopener\">moteur de recherche<\/a>\u00a0du site.<br><br>Pour limiter vos r\u00e9sultats \u00e0 cette collection, utilisez le filtre\u00a0<em>Annuaires<\/em>, sous la cat\u00e9gorie\u00a0<em>Bottins, Annuaires et Album de Finissants<\/em>.<\/p>\n<\/div>\n\n\n\n<div class=\"wp-block-column is-layout-flow wp-block-column-is-layout-flow\">\n<figure class=\"wp-block-image size-full\"><img decoding=\"async\" width=\"325\" height=\"396\" src=\"https:\/\/www.genealogiequebec.com\/blog\/wp-content\/uploads\/2026\/01\/filter-tall-FR.png\" alt=\"\" class=\"wp-image-6289\" srcset=\"https:\/\/www.genealogiequebec.com\/blog\/wp-content\/uploads\/2026\/01\/filter-tall-FR.png 325w, https:\/\/www.genealogiequebec.com\/blog\/wp-content\/uploads\/2026\/01\/filter-tall-FR-246x300.png 246w\" sizes=\"(max-width: 325px) 100vw, 325px\" \/><\/figure>\n<\/div>\n<\/div>\n\n\n\n<figure class=\"wp-block-gallery has-nested-images columns-default is-cropped wp-block-gallery-2 is-layout-flex wp-block-gallery-is-layout-flex\">\n<figure data-wp-context=\"{&quot;imageId&quot;:&quot;69f546a9b1313&quot;}\" data-wp-interactive=\"core\/image\" data-wp-key=\"69f546a9b1313\" class=\"wp-block-image size-large wp-lightbox-container\"><img decoding=\"async\" width=\"1024\" height=\"550\" data-wp-class--hide=\"state.isContentHidden\" data-wp-class--show=\"state.isContentVisible\" data-wp-init=\"callbacks.setButtonStyles\" data-wp-on--click=\"actions.showLightbox\" data-wp-on--load=\"callbacks.setButtonStyles\" data-wp-on-window--resize=\"callbacks.setButtonStyles\" data-id=\"6292\" src=\"https:\/\/www.genealogiequebec.com\/blog\/wp-content\/uploads\/2026\/01\/aline-blanchard-Listes-FR-1-1024x550.png\" alt=\"\" class=\"wp-image-6292\" srcset=\"https:\/\/www.genealogiequebec.com\/blog\/wp-content\/uploads\/2026\/01\/aline-blanchard-Listes-FR-1-1024x550.png 1024w, https:\/\/www.genealogiequebec.com\/blog\/wp-content\/uploads\/2026\/01\/aline-blanchard-Listes-FR-1-300x161.png 300w, https:\/\/www.genealogiequebec.com\/blog\/wp-content\/uploads\/2026\/01\/aline-blanchard-Listes-FR-1-768x413.png 768w, https:\/\/www.genealogiequebec.com\/blog\/wp-content\/uploads\/2026\/01\/aline-blanchard-Listes-FR-1.png 1280w\" sizes=\"(max-width: 767px) 89vw, (max-width: 1000px) 54vw, (max-width: 1071px) 543px, 580px\" \/><button\n\t\t\tclass=\"lightbox-trigger\"\n\t\t\ttype=\"button\"\n\t\t\taria-haspopup=\"dialog\"\n\t\t\taria-label=\"Agrandir\"\n\t\t\tdata-wp-init=\"callbacks.initTriggerButton\"\n\t\t\tdata-wp-on--click=\"actions.showLightbox\"\n\t\t\tdata-wp-style--right=\"state.imageButtonRight\"\n\t\t\tdata-wp-style--top=\"state.imageButtonTop\"\n\t\t>\n\t\t\t<svg xmlns=\"http:\/\/www.w3.org\/2000\/svg\" width=\"12\" height=\"12\" fill=\"none\" viewBox=\"0 0 12 12\">\n\t\t\t\t<path fill=\"#fff\" d=\"M2 0a2 2 0 0 0-2 2v2h1.5V2a.5.5 0 0 1 .5-.5h2V0H2Zm2 10.5H2a.5.5 0 0 1-.5-.5V8H0v2a2 2 0 0 0 2 2h2v-1.5ZM8 12v-1.5h2a.5.5 0 0 0 .5-.5V8H12v2a2 2 0 0 1-2 2H8Zm2-12a2 2 0 0 1 2 2v2h-1.5V2a.5.5 0 0 0-.5-.5H8V0h2Z\" \/>\n\t\t\t<\/svg>\n\t\t<\/button><\/figure>\n\n\n\n<figure data-wp-context=\"{&quot;imageId&quot;:&quot;69f546a9b18c4&quot;}\" data-wp-interactive=\"core\/image\" data-wp-key=\"69f546a9b18c4\" class=\"wp-block-image size-large wp-lightbox-container\"><img decoding=\"async\" width=\"1024\" height=\"550\" data-wp-class--hide=\"state.isContentHidden\" data-wp-class--show=\"state.isContentVisible\" data-wp-init=\"callbacks.setButtonStyles\" data-wp-on--click=\"actions.showLightbox\" data-wp-on--load=\"callbacks.setButtonStyles\" data-wp-on-window--resize=\"callbacks.setButtonStyles\" data-id=\"6293\" src=\"https:\/\/www.genealogiequebec.com\/blog\/wp-content\/uploads\/2026\/01\/Cooks-listes-FR-1024x550.png\" alt=\"\" class=\"wp-image-6293\" srcset=\"https:\/\/www.genealogiequebec.com\/blog\/wp-content\/uploads\/2026\/01\/Cooks-listes-FR-1024x550.png 1024w, https:\/\/www.genealogiequebec.com\/blog\/wp-content\/uploads\/2026\/01\/Cooks-listes-FR-300x161.png 300w, https:\/\/www.genealogiequebec.com\/blog\/wp-content\/uploads\/2026\/01\/Cooks-listes-FR-768x412.png 768w, https:\/\/www.genealogiequebec.com\/blog\/wp-content\/uploads\/2026\/01\/Cooks-listes-FR.png 1280w\" sizes=\"(max-width: 767px) 89vw, (max-width: 1000px) 54vw, (max-width: 1071px) 543px, 580px\" \/><button\n\t\t\tclass=\"lightbox-trigger\"\n\t\t\ttype=\"button\"\n\t\t\taria-haspopup=\"dialog\"\n\t\t\taria-label=\"Agrandir\"\n\t\t\tdata-wp-init=\"callbacks.initTriggerButton\"\n\t\t\tdata-wp-on--click=\"actions.showLightbox\"\n\t\t\tdata-wp-style--right=\"state.imageButtonRight\"\n\t\t\tdata-wp-style--top=\"state.imageButtonTop\"\n\t\t>\n\t\t\t<svg xmlns=\"http:\/\/www.w3.org\/2000\/svg\" width=\"12\" height=\"12\" fill=\"none\" viewBox=\"0 0 12 12\">\n\t\t\t\t<path fill=\"#fff\" d=\"M2 0a2 2 0 0 0-2 2v2h1.5V2a.5.5 0 0 1 .5-.5h2V0H2Zm2 10.5H2a.5.5 0 0 1-.5-.5V8H0v2a2 2 0 0 0 2 2h2v-1.5ZM8 12v-1.5h2a.5.5 0 0 0 .5-.5V8H12v2a2 2 0 0 1-2 2H8Zm2-12a2 2 0 0 1 2 2v2h-1.5V2a.5.5 0 0 0-.5-.5H8V0h2Z\" \/>\n\t\t\t<\/svg>\n\t\t<\/button><\/figure>\n<\/figure>\n","protected":false},"excerpt":{"rendered":"<p>Une toute nouvelle collection d&rsquo;annuaires et de recensements r\u00e9pertoriant plus d&rsquo;un million d&rsquo;individus\u00a0est maintenant disponible sur G\u00e9n\u00e9alogie Qu\u00e9bec ! Nouvelle Collection Cette collection contient des annuaires et recensements du 19e, 20e et 21e si\u00e8cle provenant de diverses r\u00e9gions du Qu\u00e9bec. L&rsquo;information contenue diverge selon la source, mais on peut y retrouver la date et la &hellip; <\/p>\n<p class=\"link-more\"><a href=\"https:\/\/www.genealogiequebec.com\/blog\/2026\/01\/29\/une-nouvelle-collection-de-plus-dun-million-dindividus\/\" class=\"more-link\">Continuer la lecture<span class=\"screen-reader-text\"> de &laquo;&nbsp;Une nouvelle collection de plus d\u2019un million d\u2019individus&nbsp;&raquo;<\/span><\/a><\/p>\n","protected":false},"author":1,"featured_media":0,"comment_status":"closed","ping_status":"open","sticky":false,"template":"","format":"standard","meta":{"footnotes":""},"categories":[4],"tags":[],"class_list":["post-6280","post","type-post","status-publish","format-standard","hentry","category-infolettres"],"yoast_head":"<!-- This site is optimized with the Yoast SEO plugin v26.9 - https:\/\/yoast.com\/product\/yoast-seo-wordpress\/ -->\r\n<title>Une nouvelle collection de plus d\u2019un million d\u2019individus - G\u00e9n\u00e9alogie et histoire du Qu\u00e9bec<\/title>\r\n<meta name=\"robots\" content=\"index, follow, max-snippet:-1, max-image-preview:large, max-video-preview:-1\" \/>\r\n<link rel=\"canonical\" href=\"https:\/\/www.genealogiequebec.com\/blog\/2026\/01\/29\/une-nouvelle-collection-de-plus-dun-million-dindividus\/\" \/>\r\n<meta property=\"og:locale\" content=\"fr_FR\" \/>\r\n<meta property=\"og:type\" content=\"article\" \/>\r\n<meta property=\"og:title\" content=\"Une nouvelle collection de plus d\u2019un million d\u2019individus - G\u00e9n\u00e9alogie et histoire du Qu\u00e9bec\" \/>\r\n<meta property=\"og:description\" content=\"Une toute nouvelle collection d&rsquo;annuaires et de recensements r\u00e9pertoriant plus d&rsquo;un million d&rsquo;individus\u00a0est maintenant disponible sur G\u00e9n\u00e9alogie Qu\u00e9bec ! Nouvelle Collection Cette collection contient des annuaires et recensements du 19e, 20e et 21e si\u00e8cle provenant de diverses r\u00e9gions du Qu\u00e9bec. L&rsquo;information contenue diverge selon la source, mais on peut y retrouver la date et la &hellip; Continuer la lecture de &laquo;&nbsp;Une nouvelle collection de plus d\u2019un million d\u2019individus&nbsp;&raquo;\" \/>\r\n<meta property=\"og:url\" content=\"https:\/\/www.genealogiequebec.com\/blog\/2026\/01\/29\/une-nouvelle-collection-de-plus-dun-million-dindividus\/\" \/>\r\n<meta property=\"og:site_name\" content=\"G\u00e9n\u00e9alogie et histoire du Qu\u00e9bec\" \/>\r\n<meta property=\"article:publisher\" content=\"https:\/\/www.facebook.com\/InstitutDrouin\" \/>\r\n<meta property=\"article:published_time\" content=\"2026-01-29T19:21:22+00:00\" \/>\r\n<meta property=\"article:modified_time\" content=\"2026-01-29T19:21:23+00:00\" \/>\r\n<meta property=\"og:image\" content=\"https:\/\/www.genealogiequebec.com\/blog\/wp-content\/uploads\/2025\/07\/Designweb-pageabonnement2-07CROPPED-MORE.png\" \/>\r\n\t<meta property=\"og:image:width\" content=\"712\" \/>\r\n\t<meta property=\"og:image:height\" content=\"593\" \/>\r\n\t<meta property=\"og:image:type\" content=\"image\/png\" \/>\r\n<meta name=\"author\" content=\"Institut Drouin\" \/>\r\n<meta name=\"twitter:card\" content=\"summary_large_image\" \/>\r\n<meta name=\"twitter:creator\" content=\"@institutdrouin\" \/>\r\n<meta name=\"twitter:site\" content=\"@institutdrouin\" \/>\r\n<meta name=\"twitter:label1\" content=\"\u00c9crit par\" \/>\n\t<meta name=\"twitter:data1\" content=\"Institut Drouin\" \/>\n\t<meta name=\"twitter:label2\" content=\"Dur\u00e9e de lecture estim\u00e9e\" \/>\n\t<meta name=\"twitter:data2\" content=\"2 minutes\" \/>\r\n<script type=\"application\/ld+json\" class=\"yoast-schema-graph\">{\"@context\":\"https:\/\/schema.org\",\"@graph\":[{\"@type\":\"Article\",\"@id\":\"https:\/\/www.genealogiequebec.com\/blog\/2026\/01\/29\/une-nouvelle-collection-de-plus-dun-million-dindividus\/#article\",\"isPartOf\":{\"@id\":\"https:\/\/www.genealogiequebec.com\/blog\/2026\/01\/29\/une-nouvelle-collection-de-plus-dun-million-dindividus\/\"},\"author\":{\"name\":\"Institut Drouin\",\"@id\":\"https:\/\/www.genealogiequebec.com\/blog\/#\/schema\/person\/f1083726f11d1f2b6ead79ec5850ca06\"},\"headline\":\"Une nouvelle collection de plus d\u2019un million d\u2019individus\",\"datePublished\":\"2026-01-29T19:21:22+00:00\",\"dateModified\":\"2026-01-29T19:21:23+00:00\",\"mainEntityOfPage\":{\"@id\":\"https:\/\/www.genealogiequebec.com\/blog\/2026\/01\/29\/une-nouvelle-collection-de-plus-dun-million-dindividus\/\"},\"wordCount\":156,\"publisher\":{\"@id\":\"https:\/\/www.genealogiequebec.com\/blog\/#organization\"},\"image\":{\"@id\":\"https:\/\/www.genealogiequebec.com\/blog\/2026\/01\/29\/une-nouvelle-collection-de-plus-dun-million-dindividus\/#primaryimage\"},\"thumbnailUrl\":\"https:\/\/www.genealogiequebec.com\/blog\/wp-content\/uploads\/2026\/01\/image.png\",\"articleSection\":[\"Infolettres\"],\"inLanguage\":\"fr-FR\"},{\"@type\":\"WebPage\",\"@id\":\"https:\/\/www.genealogiequebec.com\/blog\/2026\/01\/29\/une-nouvelle-collection-de-plus-dun-million-dindividus\/\",\"url\":\"https:\/\/www.genealogiequebec.com\/blog\/2026\/01\/29\/une-nouvelle-collection-de-plus-dun-million-dindividus\/\",\"name\":\"Une nouvelle collection de plus d\u2019un million d\u2019individus - G\u00e9n\u00e9alogie et histoire du Qu\u00e9bec\",\"isPartOf\":{\"@id\":\"https:\/\/www.genealogiequebec.com\/blog\/#website\"},\"primaryImageOfPage\":{\"@id\":\"https:\/\/www.genealogiequebec.com\/blog\/2026\/01\/29\/une-nouvelle-collection-de-plus-dun-million-dindividus\/#primaryimage\"},\"image\":{\"@id\":\"https:\/\/www.genealogiequebec.com\/blog\/2026\/01\/29\/une-nouvelle-collection-de-plus-dun-million-dindividus\/#primaryimage\"},\"thumbnailUrl\":\"https:\/\/www.genealogiequebec.com\/blog\/wp-content\/uploads\/2026\/01\/image.png\",\"datePublished\":\"2026-01-29T19:21:22+00:00\",\"dateModified\":\"2026-01-29T19:21:23+00:00\",\"breadcrumb\":{\"@id\":\"https:\/\/www.genealogiequebec.com\/blog\/2026\/01\/29\/une-nouvelle-collection-de-plus-dun-million-dindividus\/#breadcrumb\"},\"inLanguage\":\"fr-FR\",\"potentialAction\":[{\"@type\":\"ReadAction\",\"target\":[\"https:\/\/www.genealogiequebec.com\/blog\/2026\/01\/29\/une-nouvelle-collection-de-plus-dun-million-dindividus\/\"]}]},{\"@type\":\"ImageObject\",\"inLanguage\":\"fr-FR\",\"@id\":\"https:\/\/www.genealogiequebec.com\/blog\/2026\/01\/29\/une-nouvelle-collection-de-plus-dun-million-dindividus\/#primaryimage\",\"url\":\"https:\/\/www.genealogiequebec.com\/blog\/wp-content\/uploads\/2026\/01\/image.png\",\"contentUrl\":\"https:\/\/www.genealogiequebec.com\/blog\/wp-content\/uploads\/2026\/01\/image.png\",\"width\":641,\"height\":567},{\"@type\":\"BreadcrumbList\",\"@id\":\"https:\/\/www.genealogiequebec.com\/blog\/2026\/01\/29\/une-nouvelle-collection-de-plus-dun-million-dindividus\/#breadcrumb\",\"itemListElement\":[{\"@type\":\"ListItem\",\"position\":1,\"name\":\"Accueil\",\"item\":\"https:\/\/www.genealogiequebec.com\/blog\/\"},{\"@type\":\"ListItem\",\"position\":2,\"name\":\"Infolettres\",\"item\":\"https:\/\/www.genealogiequebec.com\/blog\/category\/infolettres\/\"},{\"@type\":\"ListItem\",\"position\":3,\"name\":\"Une nouvelle collection de plus d\u2019un million d\u2019individus\"}]},{\"@type\":\"WebSite\",\"@id\":\"https:\/\/www.genealogiequebec.com\/blog\/#website\",\"url\":\"https:\/\/www.genealogiequebec.com\/blog\/\",\"name\":\"G\u00e9n\u00e9alogie et histoire du Qu\u00e9bec\",\"description\":\"Le blog de l&#039;institut Drouin\",\"publisher\":{\"@id\":\"https:\/\/www.genealogiequebec.com\/blog\/#organization\"},\"potentialAction\":[{\"@type\":\"SearchAction\",\"target\":{\"@type\":\"EntryPoint\",\"urlTemplate\":\"https:\/\/www.genealogiequebec.com\/blog\/?s={search_term_string}\"},\"query-input\":{\"@type\":\"PropertyValueSpecification\",\"valueRequired\":true,\"valueName\":\"search_term_string\"}}],\"inLanguage\":\"fr-FR\"},{\"@type\":\"Organization\",\"@id\":\"https:\/\/www.genealogiequebec.com\/blog\/#organization\",\"name\":\"Institut g\u00e9n\u00e9alogique Drouin\",\"url\":\"https:\/\/www.genealogiequebec.com\/blog\/\",\"logo\":{\"@type\":\"ImageObject\",\"inLanguage\":\"fr-FR\",\"@id\":\"https:\/\/www.genealogiequebec.com\/blog\/#\/schema\/logo\/image\/\",\"url\":\"https:\/\/www.genealogiequebec.com\/blog\/wp-content\/uploads\/2019\/11\/IGD-large.png\",\"contentUrl\":\"https:\/\/www.genealogiequebec.com\/blog\/wp-content\/uploads\/2019\/11\/IGD-large.png\",\"width\":1893,\"height\":621,\"caption\":\"Institut g\u00e9n\u00e9alogique Drouin\"},\"image\":{\"@id\":\"https:\/\/www.genealogiequebec.com\/blog\/#\/schema\/logo\/image\/\"},\"sameAs\":[\"https:\/\/www.facebook.com\/InstitutDrouin\",\"https:\/\/x.com\/institutdrouin\",\"https:\/\/www.instagram.com\/genealogiequebec\/\",\"https:\/\/www.twitter.com\/institutdrouin\"]},{\"@type\":\"Person\",\"@id\":\"https:\/\/www.genealogiequebec.com\/blog\/#\/schema\/person\/f1083726f11d1f2b6ead79ec5850ca06\",\"name\":\"Institut Drouin\",\"image\":{\"@type\":\"ImageObject\",\"inLanguage\":\"fr-FR\",\"@id\":\"https:\/\/www.genealogiequebec.com\/blog\/#\/schema\/person\/image\/\",\"url\":\"https:\/\/secure.gravatar.com\/avatar\/8033ce23576b31b989429c1527bd70a807bbbe88e14f28a4bc5d8892d0bc4e54?s=96&d=mm&r=g\",\"contentUrl\":\"https:\/\/secure.gravatar.com\/avatar\/8033ce23576b31b989429c1527bd70a807bbbe88e14f28a4bc5d8892d0bc4e54?s=96&d=mm&r=g\",\"caption\":\"Institut Drouin\"},\"url\":\"https:\/\/www.genealogiequebec.com\/blog\/author\/institutdrouin\/\"}]}<\/script>\r\n<!-- \/ Yoast SEO plugin. -->","yoast_head_json":{"title":"Une nouvelle collection de plus d\u2019un million d\u2019individus - G\u00e9n\u00e9alogie et histoire du Qu\u00e9bec","robots":{"index":"index","follow":"follow","max-snippet":"max-snippet:-1","max-image-preview":"max-image-preview:large","max-video-preview":"max-video-preview:-1"},"canonical":"https:\/\/www.genealogiequebec.com\/blog\/2026\/01\/29\/une-nouvelle-collection-de-plus-dun-million-dindividus\/","og_locale":"fr_FR","og_type":"article","og_title":"Une nouvelle collection de plus d\u2019un million d\u2019individus - G\u00e9n\u00e9alogie et histoire du Qu\u00e9bec","og_description":"Une toute nouvelle collection d&rsquo;annuaires et de recensements r\u00e9pertoriant plus d&rsquo;un million d&rsquo;individus\u00a0est maintenant disponible sur G\u00e9n\u00e9alogie Qu\u00e9bec ! Nouvelle Collection Cette collection contient des annuaires et recensements du 19e, 20e et 21e si\u00e8cle provenant de diverses r\u00e9gions du Qu\u00e9bec. L&rsquo;information contenue diverge selon la source, mais on peut y retrouver la date et la &hellip; Continuer la lecture de &laquo;&nbsp;Une nouvelle collection de plus d\u2019un million d\u2019individus&nbsp;&raquo;","og_url":"https:\/\/www.genealogiequebec.com\/blog\/2026\/01\/29\/une-nouvelle-collection-de-plus-dun-million-dindividus\/","og_site_name":"G\u00e9n\u00e9alogie et histoire du Qu\u00e9bec","article_publisher":"https:\/\/www.facebook.com\/InstitutDrouin","article_published_time":"2026-01-29T19:21:22+00:00","article_modified_time":"2026-01-29T19:21:23+00:00","og_image":[{"width":712,"height":593,"url":"https:\/\/www.genealogiequebec.com\/blog\/wp-content\/uploads\/2025\/07\/Designweb-pageabonnement2-07CROPPED-MORE.png","type":"image\/png"}],"author":"Institut Drouin","twitter_card":"summary_large_image","twitter_creator":"@institutdrouin","twitter_site":"@institutdrouin","twitter_misc":{"\u00c9crit par":"Institut Drouin","Dur\u00e9e de lecture estim\u00e9e":"2 minutes"},"schema":{"@context":"https:\/\/schema.org","@graph":[{"@type":"Article","@id":"https:\/\/www.genealogiequebec.com\/blog\/2026\/01\/29\/une-nouvelle-collection-de-plus-dun-million-dindividus\/#article","isPartOf":{"@id":"https:\/\/www.genealogiequebec.com\/blog\/2026\/01\/29\/une-nouvelle-collection-de-plus-dun-million-dindividus\/"},"author":{"name":"Institut Drouin","@id":"https:\/\/www.genealogiequebec.com\/blog\/#\/schema\/person\/f1083726f11d1f2b6ead79ec5850ca06"},"headline":"Une nouvelle collection de plus d\u2019un million d\u2019individus","datePublished":"2026-01-29T19:21:22+00:00","dateModified":"2026-01-29T19:21:23+00:00","mainEntityOfPage":{"@id":"https:\/\/www.genealogiequebec.com\/blog\/2026\/01\/29\/une-nouvelle-collection-de-plus-dun-million-dindividus\/"},"wordCount":156,"publisher":{"@id":"https:\/\/www.genealogiequebec.com\/blog\/#organization"},"image":{"@id":"https:\/\/www.genealogiequebec.com\/blog\/2026\/01\/29\/une-nouvelle-collection-de-plus-dun-million-dindividus\/#primaryimage"},"thumbnailUrl":"https:\/\/www.genealogiequebec.com\/blog\/wp-content\/uploads\/2026\/01\/image.png","articleSection":["Infolettres"],"inLanguage":"fr-FR"},{"@type":"WebPage","@id":"https:\/\/www.genealogiequebec.com\/blog\/2026\/01\/29\/une-nouvelle-collection-de-plus-dun-million-dindividus\/","url":"https:\/\/www.genealogiequebec.com\/blog\/2026\/01\/29\/une-nouvelle-collection-de-plus-dun-million-dindividus\/","name":"Une nouvelle collection de plus d\u2019un million d\u2019individus - G\u00e9n\u00e9alogie et histoire du Qu\u00e9bec","isPartOf":{"@id":"https:\/\/www.genealogiequebec.com\/blog\/#website"},"primaryImageOfPage":{"@id":"https:\/\/www.genealogiequebec.com\/blog\/2026\/01\/29\/une-nouvelle-collection-de-plus-dun-million-dindividus\/#primaryimage"},"image":{"@id":"https:\/\/www.genealogiequebec.com\/blog\/2026\/01\/29\/une-nouvelle-collection-de-plus-dun-million-dindividus\/#primaryimage"},"thumbnailUrl":"https:\/\/www.genealogiequebec.com\/blog\/wp-content\/uploads\/2026\/01\/image.png","datePublished":"2026-01-29T19:21:22+00:00","dateModified":"2026-01-29T19:21:23+00:00","breadcrumb":{"@id":"https:\/\/www.genealogiequebec.com\/blog\/2026\/01\/29\/une-nouvelle-collection-de-plus-dun-million-dindividus\/#breadcrumb"},"inLanguage":"fr-FR","potentialAction":[{"@type":"ReadAction","target":["https:\/\/www.genealogiequebec.com\/blog\/2026\/01\/29\/une-nouvelle-collection-de-plus-dun-million-dindividus\/"]}]},{"@type":"ImageObject","inLanguage":"fr-FR","@id":"https:\/\/www.genealogiequebec.com\/blog\/2026\/01\/29\/une-nouvelle-collection-de-plus-dun-million-dindividus\/#primaryimage","url":"https:\/\/www.genealogiequebec.com\/blog\/wp-content\/uploads\/2026\/01\/image.png","contentUrl":"https:\/\/www.genealogiequebec.com\/blog\/wp-content\/uploads\/2026\/01\/image.png","width":641,"height":567},{"@type":"BreadcrumbList","@id":"https:\/\/www.genealogiequebec.com\/blog\/2026\/01\/29\/une-nouvelle-collection-de-plus-dun-million-dindividus\/#breadcrumb","itemListElement":[{"@type":"ListItem","position":1,"name":"Accueil","item":"https:\/\/www.genealogiequebec.com\/blog\/"},{"@type":"ListItem","position":2,"name":"Infolettres","item":"https:\/\/www.genealogiequebec.com\/blog\/category\/infolettres\/"},{"@type":"ListItem","position":3,"name":"Une nouvelle collection de plus d\u2019un million d\u2019individus"}]},{"@type":"WebSite","@id":"https:\/\/www.genealogiequebec.com\/blog\/#website","url":"https:\/\/www.genealogiequebec.com\/blog\/","name":"G\u00e9n\u00e9alogie et histoire du Qu\u00e9bec","description":"Le blog de l&#039;institut Drouin","publisher":{"@id":"https:\/\/www.genealogiequebec.com\/blog\/#organization"},"potentialAction":[{"@type":"SearchAction","target":{"@type":"EntryPoint","urlTemplate":"https:\/\/www.genealogiequebec.com\/blog\/?s={search_term_string}"},"query-input":{"@type":"PropertyValueSpecification","valueRequired":true,"valueName":"search_term_string"}}],"inLanguage":"fr-FR"},{"@type":"Organization","@id":"https:\/\/www.genealogiequebec.com\/blog\/#organization","name":"Institut g\u00e9n\u00e9alogique Drouin","url":"https:\/\/www.genealogiequebec.com\/blog\/","logo":{"@type":"ImageObject","inLanguage":"fr-FR","@id":"https:\/\/www.genealogiequebec.com\/blog\/#\/schema\/logo\/image\/","url":"https:\/\/www.genealogiequebec.com\/blog\/wp-content\/uploads\/2019\/11\/IGD-large.png","contentUrl":"https:\/\/www.genealogiequebec.com\/blog\/wp-content\/uploads\/2019\/11\/IGD-large.png","width":1893,"height":621,"caption":"Institut g\u00e9n\u00e9alogique Drouin"},"image":{"@id":"https:\/\/www.genealogiequebec.com\/blog\/#\/schema\/logo\/image\/"},"sameAs":["https:\/\/www.facebook.com\/InstitutDrouin","https:\/\/x.com\/institutdrouin","https:\/\/www.instagram.com\/genealogiequebec\/","https:\/\/www.twitter.com\/institutdrouin"]},{"@type":"Person","@id":"https:\/\/www.genealogiequebec.com\/blog\/#\/schema\/person\/f1083726f11d1f2b6ead79ec5850ca06","name":"Institut Drouin","image":{"@type":"ImageObject","inLanguage":"fr-FR","@id":"https:\/\/www.genealogiequebec.com\/blog\/#\/schema\/person\/image\/","url":"https:\/\/secure.gravatar.com\/avatar\/8033ce23576b31b989429c1527bd70a807bbbe88e14f28a4bc5d8892d0bc4e54?s=96&d=mm&r=g","contentUrl":"https:\/\/secure.gravatar.com\/avatar\/8033ce23576b31b989429c1527bd70a807bbbe88e14f28a4bc5d8892d0bc4e54?s=96&d=mm&r=g","caption":"Institut Drouin"},"url":"https:\/\/www.genealogiequebec.com\/blog\/author\/institutdrouin\/"}]}},"_links":{"self":[{"href":"https:\/\/www.genealogiequebec.com\/blog\/wp-json\/wp\/v2\/posts\/6280","targetHints":{"allow":["GET"]}}],"collection":[{"href":"https:\/\/www.genealogiequebec.com\/blog\/wp-json\/wp\/v2\/posts"}],"about":[{"href":"https:\/\/www.genealogiequebec.com\/blog\/wp-json\/wp\/v2\/types\/post"}],"author":[{"embeddable":true,"href":"https:\/\/www.genealogiequebec.com\/blog\/wp-json\/wp\/v2\/users\/1"}],"replies":[{"embeddable":true,"href":"https:\/\/www.genealogiequebec.com\/blog\/wp-json\/wp\/v2\/comments?post=6280"}],"version-history":[{"count":10,"href":"https:\/\/www.genealogiequebec.com\/blog\/wp-json\/wp\/v2\/posts\/6280\/revisions"}],"predecessor-version":[{"id":6297,"href":"https:\/\/www.genealogiequebec.com\/blog\/wp-json\/wp\/v2\/posts\/6280\/revisions\/6297"}],"wp:attachment":[{"href":"https:\/\/www.genealogiequebec.com\/blog\/wp-json\/wp\/v2\/media?parent=6280"}],"wp:term":[{"taxonomy":"category","embeddable":true,"href":"https:\/\/www.genealogiequebec.com\/blog\/wp-json\/wp\/v2\/categories?post=6280"},{"taxonomy":"post_tag","embeddable":true,"href":"https:\/\/www.genealogiequebec.com\/blog\/wp-json\/wp\/v2\/tags?post=6280"}],"curies":[{"name":"wp","href":"https:\/\/api.w.org\/{rel}","templated":true}]}}