{"id":632,"date":"2018-04-10T11:23:53","date_gmt":"2018-04-10T15:23:53","guid":{"rendered":"https:\/\/www.genealogiequebec.com\/blog\/?p=632\/"},"modified":"2021-03-10T19:15:12","modified_gmt":"2021-03-11T00:15:12","slug":"les-premiers-centenaires-canadiens-francais-au-quebec","status":"publish","type":"post","link":"https:\/\/www.genealogiequebec.com\/blog\/2018\/04\/10\/les-premiers-centenaires-canadiens-francais-au-quebec\/","title":{"rendered":"Les premiers centenaires canadiens-fran\u00e7ais au Qu\u00e9bec"},"content":{"rendered":"<p><img decoding=\"async\" class=\"aligncenter size-full wp-image-1294\" src=\"https:\/\/www.genealogiequebec.com\/blog\/wp-content\/uploads\/2019\/11\/IGD-large.png\" alt=\"\" width=\"1893\" height=\"621\" srcset=\"https:\/\/www.genealogiequebec.com\/blog\/wp-content\/uploads\/2019\/11\/IGD-large.png 1893w, https:\/\/www.genealogiequebec.com\/blog\/wp-content\/uploads\/2019\/11\/IGD-large-300x98.png 300w, https:\/\/www.genealogiequebec.com\/blog\/wp-content\/uploads\/2019\/11\/IGD-large-768x252.png 768w, https:\/\/www.genealogiequebec.com\/blog\/wp-content\/uploads\/2019\/11\/IGD-large-1024x336.png 1024w\" sizes=\"(max-width: 767px) 89vw, (max-width: 1000px) 54vw, (max-width: 1071px) 543px, 580px\" \/><\/p>\n<p>Il n\u2019y a pas de doute que la long\u00e9vit\u00e9 exceptionnelle fascine. Les m\u00e9dias rendent r\u00e9guli\u00e8rement compte de personnes extr\u00eamement \u00e2g\u00e9es, ici ou ailleurs, et leurs propos int\u00e9ressent toujours leur auditoire. Ces personnes font la fiert\u00e9 de leurs concitoyens et les politiciens n\u2019h\u00e9sitent pas \u00e0 en faire des gloires nationales.<\/p>\n<p>Les Canadiens-fran\u00e7ais ne font pas exception : le cas de Pierre Joubert, n\u00e9 en 1701 et que l\u2019on croyait erron\u00e9ment \u00eatre d\u00e9c\u00e9d\u00e9 \u00e0 113 ans \u2013 \u00e2ge avalis\u00e9 par le livre Guinness des records \u2013 fut cit\u00e9 par Joseph-Charles Tach\u00e9, haut-fonctionnaire charg\u00e9 du recensement du Canada de 1871 \u00e0 l\u2019appui de la pr\u00e9tention que les Canadiens fran\u00e7ais formaient \u00ab<em> une population qui, plus qu&rsquo;aucune autre, peut-\u00eatre, offre de fr\u00e9quents exemples de longue vie<\/em> \u00bb.<\/p>\n<figure id=\"attachment_633\" aria-describedby=\"caption-attachment-633\" style=\"width: 525px\" class=\"wp-caption alignnone\"><a href=\"https:\/\/www.genealogiequebec.com\/blog\/wp-content\/uploads\/2018\/04\/PierreJoubertFR.png\"><img decoding=\"async\" class=\"wp-image-633 size-large\" src=\"https:\/\/www.genealogiequebec.com\/blog\/wp-content\/uploads\/2018\/04\/PierreJoubertFR-1024x506.png\" alt=\"\" width=\"525\" height=\"259\" srcset=\"https:\/\/www.genealogiequebec.com\/blog\/wp-content\/uploads\/2018\/04\/PierreJoubertFR-1024x506.png 1024w, https:\/\/www.genealogiequebec.com\/blog\/wp-content\/uploads\/2018\/04\/PierreJoubertFR-300x148.png 300w, https:\/\/www.genealogiequebec.com\/blog\/wp-content\/uploads\/2018\/04\/PierreJoubertFR-768x379.png 768w, https:\/\/www.genealogiequebec.com\/blog\/wp-content\/uploads\/2018\/04\/PierreJoubertFR.png 1917w\" sizes=\"(max-width: 525px) 100vw, 525px\" \/><\/a><figcaption id=\"caption-attachment-633\" class=\"wp-caption-text\">Acte de bapt\u00eame de Pierre Joubert tir\u00e9 du LAFRANCE, GenealogieQuebec.com<\/figcaption><\/figure>\n<p>Le probl\u00e8me est que le domaine est tellement afflig\u00e9 de mythes et exag\u00e9rations que la plupart des cas de survie exceptionnelle signal\u00e9s dans le pass\u00e9 sont faux! C\u2019est que les \u00e2ges d\u00e9clar\u00e9s au d\u00e9c\u00e8s des personnes tr\u00e8s \u00e2g\u00e9es \u00e9taient notoirement impr\u00e9cis et, surtout, port\u00e9s \u00e0 \u00eatre exag\u00e9r\u00e9s. Les gens \u00e9taient en majorit\u00e9 illettr\u00e9s, la documentation relative \u00e0 la naissance de la personne faisait d\u00e9faut et, de toute fa\u00e7on, l\u2019exactitude en la mati\u00e8re n\u2019\u00e9tait pas consid\u00e9r\u00e9e importante.<\/p>\n<p>Heureusement, l\u2019extraordinaire information collig\u00e9e pour les Canadiens fran\u00e7ais du Qu\u00e9bec par le Programme de recherche en d\u00e9mographie historique (PRDH) et mise \u00e0 la disposition du public sur le site <a href=\"https:\/\/www.prdh-igd.com\/?utm_source=genealogyquebecblog&amp;utm_medium=blog\">PRDH-IGD.com<\/a> permet de pallier le probl\u00e8me. En effet, en reliant la date de naissance et la date de d\u00e9c\u00e8s des individus, respectivement obtenues des actes de bapt\u00eame et de s\u00e9pulture, l\u2019\u00e2ge exact est obtenu directement.<\/p>\n<figure id=\"attachment_635\" aria-describedby=\"caption-attachment-635\" style=\"width: 690px\" class=\"wp-caption alignnone\"><a href=\"https:\/\/www.genealogiequebec.com\/blog\/wp-content\/uploads\/2018\/04\/FicheIndFR.png\"><img decoding=\"async\" class=\"size-full wp-image-635\" src=\"https:\/\/www.genealogiequebec.com\/blog\/wp-content\/uploads\/2018\/04\/FicheIndFR.png\" alt=\"\" width=\"690\" height=\"492\" srcset=\"https:\/\/www.genealogiequebec.com\/blog\/wp-content\/uploads\/2018\/04\/FicheIndFR.png 690w, https:\/\/www.genealogiequebec.com\/blog\/wp-content\/uploads\/2018\/04\/FicheIndFR-300x214.png 300w\" sizes=\"(max-width: 690px) 100vw, 690px\" \/><\/a><figcaption id=\"caption-attachment-635\" class=\"wp-caption-text\">La fiche d&rsquo;individu nous permet de d\u00e9terminer l&rsquo;\u00e2ge au d\u00e9c\u00e8s d&rsquo;un individu via ses dates de naissance et de d\u00e9c\u00e8s. Source: PRDH-IGD.com<\/figcaption><\/figure>\n<p>Ainsi, il nous est possible de pr\u00e9senter ici un ph\u00e9nom\u00e8ne que nulle autre population peut esp\u00e9rer conna\u00eetre, soit l\u2019apparition des premiers centenaires, reli\u00e9e au passage de <a href=\"https:\/\/www.genealogiequebec.com\/blog\/2017\/11\/29\/mortalite-du-quebec-sous-le-regime-francais\/\">la forte mortalit\u00e9 du pass\u00e9<\/a> \u00e0 celle d\u2019aujourd\u2019hui, o\u00f9 les nouvelles g\u00e9n\u00e9rations peuvent raisonnablement pr\u00e9tendre \u00e0 atteindre 100 ans.<\/p>\n<p><span style=\"font-weight: 400;\">Le tableau suivant identifie les dix personnes n\u00e9es au Qu\u00e9bec dont on peut affirmer avec certitude qu\u2019elles ont atteint 99 ans ou plus avant 1850:<\/span><\/p>\n<p><a href=\"https:\/\/www.genealogiequebec.com\/blog\/wp-content\/uploads\/2018\/04\/Tableau.png\"><img decoding=\"async\" class=\"alignnone size-large wp-image-634\" src=\"https:\/\/www.genealogiequebec.com\/blog\/wp-content\/uploads\/2018\/04\/Tableau-1024x296.png\" alt=\"\" width=\"525\" height=\"152\" srcset=\"https:\/\/www.genealogiequebec.com\/blog\/wp-content\/uploads\/2018\/04\/Tableau-1024x296.png 1024w, https:\/\/www.genealogiequebec.com\/blog\/wp-content\/uploads\/2018\/04\/Tableau-300x87.png 300w, https:\/\/www.genealogiequebec.com\/blog\/wp-content\/uploads\/2018\/04\/Tableau-768x222.png 768w\" sizes=\"(max-width: 525px) 100vw, 525px\" \/><\/a><\/p>\n<p><span style=\"font-weight: 400;\">On constate que les cinq premiers centenaires qu\u00e9b\u00e9cois furent des femmes. Si une des toutes premi\u00e8res habitantes du pays, Marie-\u00c9lisabeth Dechavigny, atteignit 99 ans en 1748, il fallut attendre plus de trois-quarts de si\u00e8cle, soit 1825, pour qu&rsquo;une personne atteigne 100 ans; elle le fit avec panache puisqu&rsquo;elle ne mourut qu&rsquo;en 1832, \u00e0 107 ans!<\/span><\/p>\n<figure id=\"attachment_642\" aria-describedby=\"caption-attachment-642\" style=\"width: 525px\" class=\"wp-caption alignnone\"><a href=\"https:\/\/www.genealogiequebec.com\/blog\/wp-content\/uploads\/2018\/04\/MLplanteSepFR.png\"><img decoding=\"async\" class=\"size-large wp-image-642\" src=\"https:\/\/www.genealogiequebec.com\/blog\/wp-content\/uploads\/2018\/04\/MLplanteSepFR-1024x323.png\" alt=\"\" width=\"525\" height=\"166\" srcset=\"https:\/\/www.genealogiequebec.com\/blog\/wp-content\/uploads\/2018\/04\/MLplanteSepFR-1024x323.png 1024w, https:\/\/www.genealogiequebec.com\/blog\/wp-content\/uploads\/2018\/04\/MLplanteSepFR-300x95.png 300w, https:\/\/www.genealogiequebec.com\/blog\/wp-content\/uploads\/2018\/04\/MLplanteSepFR-768x242.png 768w, https:\/\/www.genealogiequebec.com\/blog\/wp-content\/uploads\/2018\/04\/MLplanteSepFR.png 1919w\" sizes=\"(max-width: 525px) 100vw, 525px\" \/><\/a><figcaption id=\"caption-attachment-642\" class=\"wp-caption-text\">Acte de s\u00e9pulture de Marie Louise Plante. Remarquez l&rsquo;inexactitude de l&rsquo;\u00e2ge donn\u00e9 dans l&rsquo;acte; 117 ans! LAFRANCE, GenealogieQuebec.com<\/figcaption><\/figure>\n<p><span style=\"font-weight: 400;\">Un homme, Fran\u00e7ois Parent, est mort \u00e0 99 ans en 1834; mais aucun d\u00e9c\u00e8s masculin \u00e0 100 ans n\u2019a pu \u00eatre prouv\u00e9 avant 1850 (les donn\u00e9es du PRDH \u00e9tant limit\u00e9es \u00e0 1621-1849) et le premier Canadien fran\u00e7ais du Qu\u00e9bec \u00e0 devenir centenaire reste donc \u00e0 \u00eatre identifi\u00e9. D\u2019ailleurs, nous accueillerions avec plaisir toute information qui m\u00e8nerait \u00e0 son identification!<\/span><\/p>\n<p>&nbsp;<\/p>\n<p><span style=\"font-weight: 400;\">Bertrand et Fran\u00e7ois Desjardins<\/span><\/p>\n<p><span style=\"font-weight: 400;\">Avril 2018<\/span><\/p>\n","protected":false},"excerpt":{"rendered":"<p>Il n\u2019y a pas de doute que la long\u00e9vit\u00e9 exceptionnelle fascine. Les m\u00e9dias rendent r\u00e9guli\u00e8rement compte de personnes extr\u00eamement \u00e2g\u00e9es, ici ou ailleurs, et leurs propos int\u00e9ressent toujours leur auditoire. Ces personnes font la fiert\u00e9 de leurs concitoyens et les politiciens n\u2019h\u00e9sitent pas \u00e0 en faire des gloires nationales. Les Canadiens-fran\u00e7ais ne font pas exception &hellip; <\/p>\n<p class=\"link-more\"><a href=\"https:\/\/www.genealogiequebec.com\/blog\/2018\/04\/10\/les-premiers-centenaires-canadiens-francais-au-quebec\/\" class=\"more-link\">Continuer la lecture<span class=\"screen-reader-text\"> de &laquo;&nbsp;Les premiers centenaires canadiens-fran\u00e7ais au Qu\u00e9bec&nbsp;&raquo;<\/span><\/a><\/p>\n","protected":false},"author":1,"featured_media":0,"comment_status":"closed","ping_status":"open","sticky":false,"template":"","format":"standard","meta":{"footnotes":""},"categories":[2],"tags":[],"class_list":["post-632","post","type-post","status-publish","format-standard","hentry","category-articles"],"yoast_head":"<!-- This site is optimized with the Yoast SEO plugin v26.9 - https:\/\/yoast.com\/product\/yoast-seo-wordpress\/ -->\r\n<title>Les premiers centenaires canadiens-fran\u00e7ais au Qu\u00e9bec - G\u00e9n\u00e9alogie et histoire du Qu\u00e9bec<\/title>\r\n<meta name=\"robots\" content=\"index, follow, max-snippet:-1, max-image-preview:large, max-video-preview:-1\" \/>\r\n<link rel=\"canonical\" href=\"https:\/\/www.genealogiequebec.com\/blog\/2018\/04\/10\/les-premiers-centenaires-canadiens-francais-au-quebec\/\" \/>\r\n<meta property=\"og:locale\" content=\"fr_FR\" \/>\r\n<meta property=\"og:type\" content=\"article\" \/>\r\n<meta property=\"og:title\" content=\"Les premiers centenaires canadiens-fran\u00e7ais au Qu\u00e9bec - G\u00e9n\u00e9alogie et histoire du Qu\u00e9bec\" \/>\r\n<meta property=\"og:description\" content=\"Il n\u2019y a pas de doute que la long\u00e9vit\u00e9 exceptionnelle fascine. Les m\u00e9dias rendent r\u00e9guli\u00e8rement compte de personnes extr\u00eamement \u00e2g\u00e9es, ici ou ailleurs, et leurs propos int\u00e9ressent toujours leur auditoire. Ces personnes font la fiert\u00e9 de leurs concitoyens et les politiciens n\u2019h\u00e9sitent pas \u00e0 en faire des gloires nationales. Les Canadiens-fran\u00e7ais ne font pas exception &hellip; Continuer la lecture de &laquo;&nbsp;Les premiers centenaires canadiens-fran\u00e7ais au Qu\u00e9bec&nbsp;&raquo;\" \/>\r\n<meta property=\"og:url\" content=\"https:\/\/www.genealogiequebec.com\/blog\/2018\/04\/10\/les-premiers-centenaires-canadiens-francais-au-quebec\/\" \/>\r\n<meta property=\"og:site_name\" content=\"G\u00e9n\u00e9alogie et histoire du Qu\u00e9bec\" \/>\r\n<meta property=\"article:publisher\" content=\"https:\/\/www.facebook.com\/InstitutDrouin\" \/>\r\n<meta property=\"article:published_time\" content=\"2018-04-10T15:23:53+00:00\" \/>\r\n<meta property=\"article:modified_time\" content=\"2021-03-11T00:15:12+00:00\" \/>\r\n<meta property=\"og:image\" content=\"https:\/\/www.genealogiequebec.com\/blog\/wp-content\/uploads\/2019\/11\/IGD-large.png\" \/>\r\n<meta name=\"author\" content=\"Institut Drouin\" \/>\r\n<meta name=\"twitter:card\" content=\"summary_large_image\" \/>\r\n<meta name=\"twitter:creator\" content=\"@institutdrouin\" \/>\r\n<meta name=\"twitter:site\" content=\"@institutdrouin\" \/>\r\n<meta name=\"twitter:label1\" content=\"\u00c9crit par\" \/>\n\t<meta name=\"twitter:data1\" content=\"Institut Drouin\" \/>\n\t<meta name=\"twitter:label2\" content=\"Dur\u00e9e de lecture estim\u00e9e\" \/>\n\t<meta name=\"twitter:data2\" content=\"3 minutes\" \/>\r\n<script type=\"application\/ld+json\" class=\"yoast-schema-graph\">{\"@context\":\"https:\/\/schema.org\",\"@graph\":[{\"@type\":\"Article\",\"@id\":\"https:\/\/www.genealogiequebec.com\/blog\/2018\/04\/10\/les-premiers-centenaires-canadiens-francais-au-quebec\/#article\",\"isPartOf\":{\"@id\":\"https:\/\/www.genealogiequebec.com\/blog\/2018\/04\/10\/les-premiers-centenaires-canadiens-francais-au-quebec\/\"},\"author\":{\"name\":\"Institut Drouin\",\"@id\":\"https:\/\/www.genealogiequebec.com\/blog\/#\/schema\/person\/f1083726f11d1f2b6ead79ec5850ca06\"},\"headline\":\"Les premiers centenaires canadiens-fran\u00e7ais au Qu\u00e9bec\",\"datePublished\":\"2018-04-10T15:23:53+00:00\",\"dateModified\":\"2021-03-11T00:15:12+00:00\",\"mainEntityOfPage\":{\"@id\":\"https:\/\/www.genealogiequebec.com\/blog\/2018\/04\/10\/les-premiers-centenaires-canadiens-francais-au-quebec\/\"},\"wordCount\":592,\"publisher\":{\"@id\":\"https:\/\/www.genealogiequebec.com\/blog\/#organization\"},\"image\":{\"@id\":\"https:\/\/www.genealogiequebec.com\/blog\/2018\/04\/10\/les-premiers-centenaires-canadiens-francais-au-quebec\/#primaryimage\"},\"thumbnailUrl\":\"https:\/\/www.genealogiequebec.com\/blog\/wp-content\/uploads\/2019\/11\/IGD-large.png\",\"articleSection\":[\"Articles\"],\"inLanguage\":\"fr-FR\"},{\"@type\":\"WebPage\",\"@id\":\"https:\/\/www.genealogiequebec.com\/blog\/2018\/04\/10\/les-premiers-centenaires-canadiens-francais-au-quebec\/\",\"url\":\"https:\/\/www.genealogiequebec.com\/blog\/2018\/04\/10\/les-premiers-centenaires-canadiens-francais-au-quebec\/\",\"name\":\"Les premiers centenaires canadiens-fran\u00e7ais au Qu\u00e9bec - G\u00e9n\u00e9alogie et histoire du Qu\u00e9bec\",\"isPartOf\":{\"@id\":\"https:\/\/www.genealogiequebec.com\/blog\/#website\"},\"primaryImageOfPage\":{\"@id\":\"https:\/\/www.genealogiequebec.com\/blog\/2018\/04\/10\/les-premiers-centenaires-canadiens-francais-au-quebec\/#primaryimage\"},\"image\":{\"@id\":\"https:\/\/www.genealogiequebec.com\/blog\/2018\/04\/10\/les-premiers-centenaires-canadiens-francais-au-quebec\/#primaryimage\"},\"thumbnailUrl\":\"https:\/\/www.genealogiequebec.com\/blog\/wp-content\/uploads\/2019\/11\/IGD-large.png\",\"datePublished\":\"2018-04-10T15:23:53+00:00\",\"dateModified\":\"2021-03-11T00:15:12+00:00\",\"breadcrumb\":{\"@id\":\"https:\/\/www.genealogiequebec.com\/blog\/2018\/04\/10\/les-premiers-centenaires-canadiens-francais-au-quebec\/#breadcrumb\"},\"inLanguage\":\"fr-FR\",\"potentialAction\":[{\"@type\":\"ReadAction\",\"target\":[\"https:\/\/www.genealogiequebec.com\/blog\/2018\/04\/10\/les-premiers-centenaires-canadiens-francais-au-quebec\/\"]}]},{\"@type\":\"ImageObject\",\"inLanguage\":\"fr-FR\",\"@id\":\"https:\/\/www.genealogiequebec.com\/blog\/2018\/04\/10\/les-premiers-centenaires-canadiens-francais-au-quebec\/#primaryimage\",\"url\":\"https:\/\/www.genealogiequebec.com\/blog\/wp-content\/uploads\/2019\/11\/IGD-large.png\",\"contentUrl\":\"https:\/\/www.genealogiequebec.com\/blog\/wp-content\/uploads\/2019\/11\/IGD-large.png\",\"width\":1893,\"height\":621},{\"@type\":\"BreadcrumbList\",\"@id\":\"https:\/\/www.genealogiequebec.com\/blog\/2018\/04\/10\/les-premiers-centenaires-canadiens-francais-au-quebec\/#breadcrumb\",\"itemListElement\":[{\"@type\":\"ListItem\",\"position\":1,\"name\":\"Accueil\",\"item\":\"https:\/\/www.genealogiequebec.com\/blog\/\"},{\"@type\":\"ListItem\",\"position\":2,\"name\":\"Articles\",\"item\":\"https:\/\/www.genealogiequebec.com\/blog\/category\/articles\/\"},{\"@type\":\"ListItem\",\"position\":3,\"name\":\"Les premiers centenaires canadiens-fran\u00e7ais au Qu\u00e9bec\"}]},{\"@type\":\"WebSite\",\"@id\":\"https:\/\/www.genealogiequebec.com\/blog\/#website\",\"url\":\"https:\/\/www.genealogiequebec.com\/blog\/\",\"name\":\"G\u00e9n\u00e9alogie et histoire du Qu\u00e9bec\",\"description\":\"Le blog de l&#039;institut Drouin\",\"publisher\":{\"@id\":\"https:\/\/www.genealogiequebec.com\/blog\/#organization\"},\"potentialAction\":[{\"@type\":\"SearchAction\",\"target\":{\"@type\":\"EntryPoint\",\"urlTemplate\":\"https:\/\/www.genealogiequebec.com\/blog\/?s={search_term_string}\"},\"query-input\":{\"@type\":\"PropertyValueSpecification\",\"valueRequired\":true,\"valueName\":\"search_term_string\"}}],\"inLanguage\":\"fr-FR\"},{\"@type\":\"Organization\",\"@id\":\"https:\/\/www.genealogiequebec.com\/blog\/#organization\",\"name\":\"Institut g\u00e9n\u00e9alogique Drouin\",\"url\":\"https:\/\/www.genealogiequebec.com\/blog\/\",\"logo\":{\"@type\":\"ImageObject\",\"inLanguage\":\"fr-FR\",\"@id\":\"https:\/\/www.genealogiequebec.com\/blog\/#\/schema\/logo\/image\/\",\"url\":\"https:\/\/www.genealogiequebec.com\/blog\/wp-content\/uploads\/2019\/11\/IGD-large.png\",\"contentUrl\":\"https:\/\/www.genealogiequebec.com\/blog\/wp-content\/uploads\/2019\/11\/IGD-large.png\",\"width\":1893,\"height\":621,\"caption\":\"Institut g\u00e9n\u00e9alogique Drouin\"},\"image\":{\"@id\":\"https:\/\/www.genealogiequebec.com\/blog\/#\/schema\/logo\/image\/\"},\"sameAs\":[\"https:\/\/www.facebook.com\/InstitutDrouin\",\"https:\/\/x.com\/institutdrouin\",\"https:\/\/www.instagram.com\/genealogiequebec\/\",\"https:\/\/www.twitter.com\/institutdrouin\"]},{\"@type\":\"Person\",\"@id\":\"https:\/\/www.genealogiequebec.com\/blog\/#\/schema\/person\/f1083726f11d1f2b6ead79ec5850ca06\",\"name\":\"Institut Drouin\",\"image\":{\"@type\":\"ImageObject\",\"inLanguage\":\"fr-FR\",\"@id\":\"https:\/\/www.genealogiequebec.com\/blog\/#\/schema\/person\/image\/\",\"url\":\"https:\/\/secure.gravatar.com\/avatar\/8033ce23576b31b989429c1527bd70a807bbbe88e14f28a4bc5d8892d0bc4e54?s=96&d=mm&r=g\",\"contentUrl\":\"https:\/\/secure.gravatar.com\/avatar\/8033ce23576b31b989429c1527bd70a807bbbe88e14f28a4bc5d8892d0bc4e54?s=96&d=mm&r=g\",\"caption\":\"Institut Drouin\"},\"url\":\"https:\/\/www.genealogiequebec.com\/blog\/author\/institutdrouin\/\"}]}<\/script>\r\n<!-- \/ Yoast SEO plugin. -->","yoast_head_json":{"title":"Les premiers centenaires canadiens-fran\u00e7ais au Qu\u00e9bec - G\u00e9n\u00e9alogie et histoire du Qu\u00e9bec","robots":{"index":"index","follow":"follow","max-snippet":"max-snippet:-1","max-image-preview":"max-image-preview:large","max-video-preview":"max-video-preview:-1"},"canonical":"https:\/\/www.genealogiequebec.com\/blog\/2018\/04\/10\/les-premiers-centenaires-canadiens-francais-au-quebec\/","og_locale":"fr_FR","og_type":"article","og_title":"Les premiers centenaires canadiens-fran\u00e7ais au Qu\u00e9bec - G\u00e9n\u00e9alogie et histoire du Qu\u00e9bec","og_description":"Il n\u2019y a pas de doute que la long\u00e9vit\u00e9 exceptionnelle fascine. Les m\u00e9dias rendent r\u00e9guli\u00e8rement compte de personnes extr\u00eamement \u00e2g\u00e9es, ici ou ailleurs, et leurs propos int\u00e9ressent toujours leur auditoire. Ces personnes font la fiert\u00e9 de leurs concitoyens et les politiciens n\u2019h\u00e9sitent pas \u00e0 en faire des gloires nationales. Les Canadiens-fran\u00e7ais ne font pas exception &hellip; Continuer la lecture de &laquo;&nbsp;Les premiers centenaires canadiens-fran\u00e7ais au Qu\u00e9bec&nbsp;&raquo;","og_url":"https:\/\/www.genealogiequebec.com\/blog\/2018\/04\/10\/les-premiers-centenaires-canadiens-francais-au-quebec\/","og_site_name":"G\u00e9n\u00e9alogie et histoire du Qu\u00e9bec","article_publisher":"https:\/\/www.facebook.com\/InstitutDrouin","article_published_time":"2018-04-10T15:23:53+00:00","article_modified_time":"2021-03-11T00:15:12+00:00","og_image":[{"url":"https:\/\/www.genealogiequebec.com\/blog\/wp-content\/uploads\/2019\/11\/IGD-large.png","type":"","width":"","height":""}],"author":"Institut Drouin","twitter_card":"summary_large_image","twitter_creator":"@institutdrouin","twitter_site":"@institutdrouin","twitter_misc":{"\u00c9crit par":"Institut Drouin","Dur\u00e9e de lecture estim\u00e9e":"3 minutes"},"schema":{"@context":"https:\/\/schema.org","@graph":[{"@type":"Article","@id":"https:\/\/www.genealogiequebec.com\/blog\/2018\/04\/10\/les-premiers-centenaires-canadiens-francais-au-quebec\/#article","isPartOf":{"@id":"https:\/\/www.genealogiequebec.com\/blog\/2018\/04\/10\/les-premiers-centenaires-canadiens-francais-au-quebec\/"},"author":{"name":"Institut Drouin","@id":"https:\/\/www.genealogiequebec.com\/blog\/#\/schema\/person\/f1083726f11d1f2b6ead79ec5850ca06"},"headline":"Les premiers centenaires canadiens-fran\u00e7ais au Qu\u00e9bec","datePublished":"2018-04-10T15:23:53+00:00","dateModified":"2021-03-11T00:15:12+00:00","mainEntityOfPage":{"@id":"https:\/\/www.genealogiequebec.com\/blog\/2018\/04\/10\/les-premiers-centenaires-canadiens-francais-au-quebec\/"},"wordCount":592,"publisher":{"@id":"https:\/\/www.genealogiequebec.com\/blog\/#organization"},"image":{"@id":"https:\/\/www.genealogiequebec.com\/blog\/2018\/04\/10\/les-premiers-centenaires-canadiens-francais-au-quebec\/#primaryimage"},"thumbnailUrl":"https:\/\/www.genealogiequebec.com\/blog\/wp-content\/uploads\/2019\/11\/IGD-large.png","articleSection":["Articles"],"inLanguage":"fr-FR"},{"@type":"WebPage","@id":"https:\/\/www.genealogiequebec.com\/blog\/2018\/04\/10\/les-premiers-centenaires-canadiens-francais-au-quebec\/","url":"https:\/\/www.genealogiequebec.com\/blog\/2018\/04\/10\/les-premiers-centenaires-canadiens-francais-au-quebec\/","name":"Les premiers centenaires canadiens-fran\u00e7ais au Qu\u00e9bec - G\u00e9n\u00e9alogie et histoire du Qu\u00e9bec","isPartOf":{"@id":"https:\/\/www.genealogiequebec.com\/blog\/#website"},"primaryImageOfPage":{"@id":"https:\/\/www.genealogiequebec.com\/blog\/2018\/04\/10\/les-premiers-centenaires-canadiens-francais-au-quebec\/#primaryimage"},"image":{"@id":"https:\/\/www.genealogiequebec.com\/blog\/2018\/04\/10\/les-premiers-centenaires-canadiens-francais-au-quebec\/#primaryimage"},"thumbnailUrl":"https:\/\/www.genealogiequebec.com\/blog\/wp-content\/uploads\/2019\/11\/IGD-large.png","datePublished":"2018-04-10T15:23:53+00:00","dateModified":"2021-03-11T00:15:12+00:00","breadcrumb":{"@id":"https:\/\/www.genealogiequebec.com\/blog\/2018\/04\/10\/les-premiers-centenaires-canadiens-francais-au-quebec\/#breadcrumb"},"inLanguage":"fr-FR","potentialAction":[{"@type":"ReadAction","target":["https:\/\/www.genealogiequebec.com\/blog\/2018\/04\/10\/les-premiers-centenaires-canadiens-francais-au-quebec\/"]}]},{"@type":"ImageObject","inLanguage":"fr-FR","@id":"https:\/\/www.genealogiequebec.com\/blog\/2018\/04\/10\/les-premiers-centenaires-canadiens-francais-au-quebec\/#primaryimage","url":"https:\/\/www.genealogiequebec.com\/blog\/wp-content\/uploads\/2019\/11\/IGD-large.png","contentUrl":"https:\/\/www.genealogiequebec.com\/blog\/wp-content\/uploads\/2019\/11\/IGD-large.png","width":1893,"height":621},{"@type":"BreadcrumbList","@id":"https:\/\/www.genealogiequebec.com\/blog\/2018\/04\/10\/les-premiers-centenaires-canadiens-francais-au-quebec\/#breadcrumb","itemListElement":[{"@type":"ListItem","position":1,"name":"Accueil","item":"https:\/\/www.genealogiequebec.com\/blog\/"},{"@type":"ListItem","position":2,"name":"Articles","item":"https:\/\/www.genealogiequebec.com\/blog\/category\/articles\/"},{"@type":"ListItem","position":3,"name":"Les premiers centenaires canadiens-fran\u00e7ais au Qu\u00e9bec"}]},{"@type":"WebSite","@id":"https:\/\/www.genealogiequebec.com\/blog\/#website","url":"https:\/\/www.genealogiequebec.com\/blog\/","name":"G\u00e9n\u00e9alogie et histoire du Qu\u00e9bec","description":"Le blog de l&#039;institut Drouin","publisher":{"@id":"https:\/\/www.genealogiequebec.com\/blog\/#organization"},"potentialAction":[{"@type":"SearchAction","target":{"@type":"EntryPoint","urlTemplate":"https:\/\/www.genealogiequebec.com\/blog\/?s={search_term_string}"},"query-input":{"@type":"PropertyValueSpecification","valueRequired":true,"valueName":"search_term_string"}}],"inLanguage":"fr-FR"},{"@type":"Organization","@id":"https:\/\/www.genealogiequebec.com\/blog\/#organization","name":"Institut g\u00e9n\u00e9alogique Drouin","url":"https:\/\/www.genealogiequebec.com\/blog\/","logo":{"@type":"ImageObject","inLanguage":"fr-FR","@id":"https:\/\/www.genealogiequebec.com\/blog\/#\/schema\/logo\/image\/","url":"https:\/\/www.genealogiequebec.com\/blog\/wp-content\/uploads\/2019\/11\/IGD-large.png","contentUrl":"https:\/\/www.genealogiequebec.com\/blog\/wp-content\/uploads\/2019\/11\/IGD-large.png","width":1893,"height":621,"caption":"Institut g\u00e9n\u00e9alogique Drouin"},"image":{"@id":"https:\/\/www.genealogiequebec.com\/blog\/#\/schema\/logo\/image\/"},"sameAs":["https:\/\/www.facebook.com\/InstitutDrouin","https:\/\/x.com\/institutdrouin","https:\/\/www.instagram.com\/genealogiequebec\/","https:\/\/www.twitter.com\/institutdrouin"]},{"@type":"Person","@id":"https:\/\/www.genealogiequebec.com\/blog\/#\/schema\/person\/f1083726f11d1f2b6ead79ec5850ca06","name":"Institut Drouin","image":{"@type":"ImageObject","inLanguage":"fr-FR","@id":"https:\/\/www.genealogiequebec.com\/blog\/#\/schema\/person\/image\/","url":"https:\/\/secure.gravatar.com\/avatar\/8033ce23576b31b989429c1527bd70a807bbbe88e14f28a4bc5d8892d0bc4e54?s=96&d=mm&r=g","contentUrl":"https:\/\/secure.gravatar.com\/avatar\/8033ce23576b31b989429c1527bd70a807bbbe88e14f28a4bc5d8892d0bc4e54?s=96&d=mm&r=g","caption":"Institut Drouin"},"url":"https:\/\/www.genealogiequebec.com\/blog\/author\/institutdrouin\/"}]}},"_links":{"self":[{"href":"https:\/\/www.genealogiequebec.com\/blog\/wp-json\/wp\/v2\/posts\/632","targetHints":{"allow":["GET"]}}],"collection":[{"href":"https:\/\/www.genealogiequebec.com\/blog\/wp-json\/wp\/v2\/posts"}],"about":[{"href":"https:\/\/www.genealogiequebec.com\/blog\/wp-json\/wp\/v2\/types\/post"}],"author":[{"embeddable":true,"href":"https:\/\/www.genealogiequebec.com\/blog\/wp-json\/wp\/v2\/users\/1"}],"replies":[{"embeddable":true,"href":"https:\/\/www.genealogiequebec.com\/blog\/wp-json\/wp\/v2\/comments?post=632"}],"version-history":[{"count":6,"href":"https:\/\/www.genealogiequebec.com\/blog\/wp-json\/wp\/v2\/posts\/632\/revisions"}],"predecessor-version":[{"id":2191,"href":"https:\/\/www.genealogiequebec.com\/blog\/wp-json\/wp\/v2\/posts\/632\/revisions\/2191"}],"wp:attachment":[{"href":"https:\/\/www.genealogiequebec.com\/blog\/wp-json\/wp\/v2\/media?parent=632"}],"wp:term":[{"taxonomy":"category","embeddable":true,"href":"https:\/\/www.genealogiequebec.com\/blog\/wp-json\/wp\/v2\/categories?post=632"},{"taxonomy":"post_tag","embeddable":true,"href":"https:\/\/www.genealogiequebec.com\/blog\/wp-json\/wp\/v2\/tags?post=632"}],"curies":[{"name":"wp","href":"https:\/\/api.w.org\/{rel}","templated":true}]}}