{"id":749,"date":"2018-08-16T10:33:04","date_gmt":"2018-08-16T14:33:04","guid":{"rendered":"https:\/\/www.genealogiequebec.com\/blog\/?p=749\/"},"modified":"2021-03-10T19:12:45","modified_gmt":"2021-03-11T00:12:45","slug":"ce-que-vos-ancetres-peuvent-vous-dire-sur-votre-esperance-de-vie","status":"publish","type":"post","link":"https:\/\/www.genealogiequebec.com\/blog\/2018\/08\/16\/ce-que-vos-ancetres-peuvent-vous-dire-sur-votre-esperance-de-vie\/","title":{"rendered":"Ce que vos anc\u00eatres peuvent vous dire sur votre esp\u00e9rance de vie"},"content":{"rendered":"<p><img decoding=\"async\" class=\"aligncenter size-full wp-image-1294\" src=\"https:\/\/www.genealogiequebec.com\/blog\/wp-content\/uploads\/2019\/11\/IGD-large.png\" alt=\"\" width=\"1893\" height=\"621\" srcset=\"https:\/\/www.genealogiequebec.com\/blog\/wp-content\/uploads\/2019\/11\/IGD-large.png 1893w, https:\/\/www.genealogiequebec.com\/blog\/wp-content\/uploads\/2019\/11\/IGD-large-300x98.png 300w, https:\/\/www.genealogiequebec.com\/blog\/wp-content\/uploads\/2019\/11\/IGD-large-768x252.png 768w, https:\/\/www.genealogiequebec.com\/blog\/wp-content\/uploads\/2019\/11\/IGD-large-1024x336.png 1024w\" sizes=\"(max-width: 767px) 89vw, (max-width: 1000px) 54vw, (max-width: 1071px) 543px, 580px\" \/><\/p>\n<p>Dans nos deux derni\u00e8res chroniques \u00ab<a href=\"https:\/\/www.genealogiequebec.com\/blog\/2017\/11\/29\/mortalite-du-quebec-sous-le-regime-francais\/\">Mortalit\u00e9 du Qu\u00e9bec sous le R\u00e9gime Fran\u00e7ais<\/a>\u00bb et \u00ab<a href=\"https:\/\/www.genealogiequebec.com\/blog\/2018\/04\/10\/les-premiers-centenaires-canadiens-francais-au-quebec\/\">Les premiers centenaires canadiens-fran\u00e7ais au Qu\u00e9bec<\/a>\u00bb, nous avons successivement \u00e9voqu\u00e9 la forte mortalit\u00e9 qui affligeait nos anc\u00eatres \u00e0 tous les \u00e2ges de la vie et la raret\u00e9 des personnes atteignant des \u00e2ges extr\u00eames. Nous allons aujourd\u2019hui pr\u00e9senter quelques facteurs sous-jacents \u00e0 ces r\u00e9alit\u00e9s.<\/p>\n<p>Dans un premier temps, nous avons utilis\u00e9 la base de donn\u00e9es du <a href=\"https:\/\/www.prdh-igd.com\/fr\/abonnement?utm_source=genealogyquebecblog&amp;utm_medium=blog\">PRDH<\/a>\u00a0(<a href=\"https:\/\/www.genealogiequebec.com\/blog\/2017\/10\/19\/quest-ce-que-le-prdh\/\">Qu&rsquo;est-ce que le PRDH?<\/a>) afin d\u2019\u00e9tablir la liste des Canadiens-fran\u00e7ais n\u00e9s au pays qui se sont mari\u00e9s et qui ont atteint l\u2019\u00e2ge v\u00e9n\u00e9rable de 97 ans avant 1850.<\/p>\n<p><strong>D\u00e9c\u00e8s \u00e0 97 ans et plus de Canadiens de naissance survenus avant 1850<\/strong><\/p>\n<table style=\"height: 1297px;\" width=\"578\">\n<tbody>\n<tr>\n<td colspan=\"2\" width=\"198\"><\/td>\n<td colspan=\"2\" width=\"198\"><\/td>\n<td colspan=\"2\" width=\"198\"><\/td>\n<td width=\"40\"><\/td>\n<\/tr>\n<tr>\n<td width=\"159\"><strong>SEXE<\/strong><\/td>\n<td colspan=\"2\" width=\"159\"><strong>Ann\u00e9e de naissance<\/strong><\/td>\n<td colspan=\"2\" width=\"159\"><strong>Ann\u00e9e de d\u00e9c\u00e8s<\/strong><\/td>\n<td colspan=\"2\" width=\"159\"><strong>\u00c2ge au d\u00e9c\u00e8s<\/strong><\/td>\n<\/tr>\n<tr>\n<td width=\"159\">F<\/td>\n<td colspan=\"2\" width=\"159\"><em>1648<\/em><\/td>\n<td colspan=\"2\" width=\"159\">1748<\/td>\n<td colspan=\"2\" width=\"159\">99 ans<\/td>\n<\/tr>\n<tr>\n<td width=\"159\">F<\/td>\n<td colspan=\"2\" width=\"159\"><em>1691<\/em><\/td>\n<td colspan=\"2\" width=\"159\">1789<\/td>\n<td colspan=\"2\" width=\"159\">97 ans<\/td>\n<\/tr>\n<tr>\n<td width=\"159\">F<\/td>\n<td colspan=\"2\" width=\"159\"><em>1701<\/em><\/td>\n<td colspan=\"2\" width=\"159\">1800<\/td>\n<td colspan=\"2\" width=\"159\">98 ans<\/td>\n<\/tr>\n<tr>\n<td width=\"159\">F<\/td>\n<td colspan=\"2\" width=\"159\"><em>1703<\/em><\/td>\n<td colspan=\"2\" width=\"159\">1800<\/td>\n<td colspan=\"2\" width=\"159\">97 ans<\/td>\n<\/tr>\n<tr>\n<td width=\"159\">M<\/td>\n<td colspan=\"2\" width=\"159\"><em>1703<\/em><\/td>\n<td colspan=\"2\" width=\"159\">1802<\/td>\n<td colspan=\"2\" width=\"159\">98 ans<\/td>\n<\/tr>\n<tr>\n<td width=\"159\">F<\/td>\n<td colspan=\"2\" width=\"159\"><em>1709<\/em><\/td>\n<td colspan=\"2\" width=\"159\">1806<\/td>\n<td colspan=\"2\" width=\"159\">97 ans<\/td>\n<\/tr>\n<tr>\n<td width=\"159\">M<\/td>\n<td colspan=\"2\" width=\"159\"><em>1714<\/em><\/td>\n<td colspan=\"2\" width=\"159\">1811<\/td>\n<td colspan=\"2\" width=\"159\">97 ans<\/td>\n<\/tr>\n<tr>\n<td width=\"159\">F<\/td>\n<td colspan=\"2\" width=\"159\"><em>1714<\/em><\/td>\n<td colspan=\"2\" width=\"159\">1813<\/td>\n<td colspan=\"2\" width=\"159\">99 ans<\/td>\n<\/tr>\n<tr>\n<td width=\"159\">F<\/td>\n<td colspan=\"2\" width=\"159\"><em>1722<\/em><\/td>\n<td colspan=\"2\" width=\"159\">1819<\/td>\n<td colspan=\"2\" width=\"159\">97 ans<\/td>\n<\/tr>\n<tr>\n<td width=\"159\">F<\/td>\n<td colspan=\"2\" width=\"159\"><em>1725<\/em><\/td>\n<td colspan=\"2\" width=\"159\">1832<\/td>\n<td colspan=\"2\" width=\"159\">107 ans<\/td>\n<\/tr>\n<tr>\n<td width=\"159\">F<\/td>\n<td colspan=\"2\" width=\"159\"><em>1726<\/em><\/td>\n<td colspan=\"2\" width=\"159\">1825<\/td>\n<td colspan=\"2\" width=\"159\">98 ans<\/td>\n<\/tr>\n<tr>\n<td width=\"159\">F<\/td>\n<td colspan=\"2\" width=\"159\"><em>1731<\/em><\/td>\n<td colspan=\"2\" width=\"159\">1828<\/td>\n<td colspan=\"2\" width=\"159\">97 ans<\/td>\n<\/tr>\n<tr>\n<td width=\"159\">F<\/td>\n<td colspan=\"2\" width=\"159\"><em>1731<\/em><\/td>\n<td colspan=\"2\" width=\"159\">1835<\/td>\n<td colspan=\"2\" width=\"159\">103 ans<\/td>\n<\/tr>\n<tr>\n<td width=\"159\">F<\/td>\n<td colspan=\"2\" width=\"159\"><em>1732<\/em><\/td>\n<td colspan=\"2\" width=\"159\">1829<\/td>\n<td colspan=\"2\" width=\"159\">97 ans<\/td>\n<\/tr>\n<tr>\n<td width=\"159\">M<\/td>\n<td colspan=\"2\" width=\"159\"><em>1734<\/em><\/td>\n<td colspan=\"2\" width=\"159\">1834<\/td>\n<td colspan=\"2\" width=\"159\">99 ans<\/td>\n<\/tr>\n<tr>\n<td width=\"159\">F<\/td>\n<td colspan=\"2\" width=\"159\"><em>1736<\/em><\/td>\n<td colspan=\"2\" width=\"159\">1834<\/td>\n<td colspan=\"2\" width=\"159\">98 ans<\/td>\n<\/tr>\n<tr>\n<td width=\"159\">F<\/td>\n<td colspan=\"2\" width=\"159\"><em>1736<\/em><\/td>\n<td colspan=\"2\" width=\"159\">1838<\/td>\n<td colspan=\"2\" width=\"159\">101 ans<\/td>\n<\/tr>\n<tr>\n<td width=\"159\">F<\/td>\n<td colspan=\"2\" width=\"159\"><em>1738<\/em><\/td>\n<td colspan=\"2\" width=\"159\">1847<\/td>\n<td colspan=\"2\" width=\"159\">108 ans<\/td>\n<\/tr>\n<tr>\n<td width=\"159\">F<\/td>\n<td colspan=\"2\" width=\"159\"><em>1740<\/em><\/td>\n<td colspan=\"2\" width=\"159\">1838<\/td>\n<td colspan=\"2\" width=\"159\">97 ans<\/td>\n<\/tr>\n<tr>\n<td width=\"159\">F<\/td>\n<td colspan=\"2\" width=\"159\"><em>1740<\/em><\/td>\n<td colspan=\"2\" width=\"159\">1839<\/td>\n<td colspan=\"2\" width=\"159\">98 ans<\/td>\n<\/tr>\n<tr>\n<td width=\"159\">F<\/td>\n<td colspan=\"2\" width=\"159\"><em>1741<\/em><\/td>\n<td colspan=\"2\" width=\"159\">1840<\/td>\n<td colspan=\"2\" width=\"159\">98 ans<\/td>\n<\/tr>\n<tr>\n<td width=\"159\">M<\/td>\n<td colspan=\"2\" width=\"159\"><em>1741<\/em><\/td>\n<td colspan=\"2\" width=\"159\">1840<\/td>\n<td colspan=\"2\" width=\"159\">98 ans<\/td>\n<\/tr>\n<tr>\n<td width=\"159\">F<\/td>\n<td colspan=\"2\" width=\"159\"><em>1741<\/em><\/td>\n<td colspan=\"2\" width=\"159\">1841<\/td>\n<td colspan=\"2\" width=\"159\">100 ans<\/td>\n<\/tr>\n<tr>\n<td width=\"159\">F<\/td>\n<td colspan=\"2\" width=\"159\"><em>1741<\/em><\/td>\n<td colspan=\"2\" width=\"159\">1841<\/td>\n<td colspan=\"2\" width=\"159\">99 ans<\/td>\n<\/tr>\n<tr>\n<td width=\"159\">F<\/td>\n<td colspan=\"2\" width=\"159\"><em>1742<\/em><\/td>\n<td colspan=\"2\" width=\"159\">1840<\/td>\n<td colspan=\"2\" width=\"159\">98 ans<\/td>\n<\/tr>\n<tr>\n<td width=\"159\">M<\/td>\n<td colspan=\"2\" width=\"159\"><em>1743<\/em><\/td>\n<td colspan=\"2\" width=\"159\">1842<\/td>\n<td colspan=\"2\" width=\"159\">98 ans<\/td>\n<\/tr>\n<tr>\n<td width=\"159\">M<\/td>\n<td colspan=\"2\" width=\"159\"><em>1743<\/em><\/td>\n<td colspan=\"2\" width=\"159\">1842<\/td>\n<td colspan=\"2\" width=\"159\">98 ans<\/td>\n<\/tr>\n<tr>\n<td width=\"159\">M<\/td>\n<td colspan=\"2\" width=\"159\"><em>1744<\/em><\/td>\n<td colspan=\"2\" width=\"159\">1841<\/td>\n<td colspan=\"2\" width=\"159\">97 ans<\/td>\n<\/tr>\n<tr>\n<td width=\"159\">F<\/td>\n<td colspan=\"2\" width=\"159\"><em>1744<\/em><\/td>\n<td colspan=\"2\" width=\"159\">1842<\/td>\n<td colspan=\"2\" width=\"159\">97 ans<\/td>\n<\/tr>\n<tr>\n<td width=\"159\">F<\/td>\n<td colspan=\"2\" width=\"159\"><em>1744<\/em><\/td>\n<td colspan=\"2\" width=\"159\">1843<\/td>\n<td colspan=\"2\" width=\"159\">99 ans<\/td>\n<\/tr>\n<tr>\n<td width=\"159\">M<\/td>\n<td colspan=\"2\" width=\"159\"><em>1745<\/em><\/td>\n<td colspan=\"2\" width=\"159\">1844<\/td>\n<td colspan=\"2\" width=\"159\">98 ans<\/td>\n<\/tr>\n<tr>\n<td colspan=\"7\" width=\"635\"><strong>Nombre d\u2019hommes\u00a0: 8\u00a0; Nombre de femmes\u00a0: 23<\/strong><\/td>\n<\/tr>\n<\/tbody>\n<\/table>\n<p>Trente-et-une personnes ont accompli l\u2019exploit, soit vingt-trois femmes et huit hommes. Pourquoi un tel d\u00e9s\u00e9quilibre en faveur des femmes, alors que leur esp\u00e9rance de vie \u00e0 25 ans est inf\u00e9rieure de plus de 2,5 ann\u00e9es \u00e0 celle des hommes?<\/p>\n<p>C\u2019est qu\u2019au-del\u00e0 de la p\u00e9riode reproductive, ou les m\u00e8res subissaient \u00e0 l\u2019\u00e9poque un risque non-n\u00e9gligeable de d\u00e9c\u00e9der en couches, les femmes ont un avantage de survie sur leurs partenaires. On sait qu\u2019une part de cet avantage est biologique parce que la mortalit\u00e9 masculine est plus \u00e9lev\u00e9e que la mortalit\u00e9 f\u00e9minine d\u00e8s les tout d\u00e9buts de la vie, incluant <em>in-utero<\/em>. \u00a0On associe surtout cette diff\u00e9rence g\u00e9n\u00e9tique \u00e0 une meilleure r\u00e9sistance des femmes au vieillissement biologique, \u00e0 laquelle s\u2019ajouterait un avantage hormonal\u00a0.<\/p>\n<p>En effet, par exemple, l\u2019oestrog\u00e8ne facilite l\u2019\u00e9limination du mauvais cholest\u00e9rol et r\u00e9duit ainsi le risque de probl\u00e8mes cardiaques; la testost\u00e9rone, au contraire, est associ\u00e9e \u00e0 la violence et \u00e0 la prise de risque.<\/p>\n<p><a href=\"https:\/\/www.prdh-igd.com\/\"><img decoding=\"async\" class=\"alignnone size-large\" src=\"https:\/\/image.ibb.co\/fWv4WU\/logoPRDH.jpg\" width=\"775\" height=\"353\" \/><\/a><\/p>\n<p>Ceci dit, ind\u00e9pendamment du sexe, pourquoi certains individus atteignent-ils \u00e0 contexte \u00e9gal des \u00e2ges plus \u00e9lev\u00e9s que leurs contemporains? La raison r\u00e9pugne \u00e0 n\u2019y voir que l\u2019effet du hasard, mais pourtant aucune explication de cette r\u00e9alit\u00e9 ne fait l\u2019unanimit\u00e9. L\u2019\u00e9tude des cas extr\u00eames de long\u00e9vit\u00e9 ne r\u00e9v\u00e8le pas vraiment grand-chose\u00a0: les \u00abpetits verres de gin avant le souper\u00bb et autres recettes du genre reprises par les journalistes n\u2019ont aucune base s\u00e9rieuse.<\/p>\n<p>Il est pourtant tentant de croire que certains individus ont au d\u00e9part un avantage sur les autres; ne dit-on pas que la meilleure chance de vivre vieux est d\u2019avoir des parents et grands-parents qui ont v\u00e9cu vieux?<\/p>\n<p>\u00c0 ce sujet, je soumets \u00e0 votre r\u00e9flexion l\u2019extraordinaire famille de Nicolas Lizotte et Marie-Madeliene Miville-Desch\u00eanes, qui se sont \u00e9pous\u00e9s le 3 mai 1724 \u00e0 La Pocati\u00e8re. Alors que seulement cinq personnes sont devenues centenaires avant 1850, toutes des femmes, deux d\u2019entre elles sont n\u00e9es de ce couple, et une de leurs s\u0153urs fait aussi partie de notre liste de d\u00e9part, puisqu\u2019elle est d\u00e9c\u00e9d\u00e9e \u00e0 98 ans!<\/p>\n<figure id=\"attachment_750\" aria-describedby=\"caption-attachment-750\" style=\"width: 525px\" class=\"wp-caption alignnone\"><a href=\"https:\/\/www.genealogiequebec.com\/blog\/wp-content\/uploads\/2018\/08\/Famille-Lizotte-Miville.png\"><img decoding=\"async\" class=\"size-large wp-image-750\" src=\"https:\/\/www.genealogiequebec.com\/blog\/wp-content\/uploads\/2018\/08\/Famille-Lizotte-Miville-1024x860.png\" alt=\"\" width=\"525\" height=\"441\" srcset=\"https:\/\/www.genealogiequebec.com\/blog\/wp-content\/uploads\/2018\/08\/Famille-Lizotte-Miville-1024x860.png 1024w, https:\/\/www.genealogiequebec.com\/blog\/wp-content\/uploads\/2018\/08\/Famille-Lizotte-Miville-300x252.png 300w, https:\/\/www.genealogiequebec.com\/blog\/wp-content\/uploads\/2018\/08\/Famille-Lizotte-Miville-768x645.png 768w, https:\/\/www.genealogiequebec.com\/blog\/wp-content\/uploads\/2018\/08\/Famille-Lizotte-Miville.png 1121w\" sizes=\"(max-width: 525px) 100vw, 525px\" \/><\/a><figcaption id=\"caption-attachment-750\" class=\"wp-caption-text\">Fiche de famille de Nicolas Lizotte et Marie Madeleine Miville Deschesnes tir\u00e9e de PRDH-IGD.com<\/figcaption><\/figure>\n<p>En voulez-vous plus? Leur p\u00e8re, Nicolas Lizotte, est d\u00e9c\u00e9d\u00e9 \u00e0 98 ans\u00a0: un seul homme a fait mieux, atteignant 99 ans. Je ne sais pas pour vous, mais pour ma part, j\u2019aimerais bien m\u2019appeler Lizotte!<\/p>\n<p>&nbsp;<\/p>\n<p>Bertrand Desjardins et Fran\u00e7ois Desjardins<\/p>\n<p>Ao\u00fbt 2018<\/p>\n","protected":false},"excerpt":{"rendered":"<p>Dans nos deux derni\u00e8res chroniques \u00abMortalit\u00e9 du Qu\u00e9bec sous le R\u00e9gime Fran\u00e7ais\u00bb et \u00abLes premiers centenaires canadiens-fran\u00e7ais au Qu\u00e9bec\u00bb, nous avons successivement \u00e9voqu\u00e9 la forte mortalit\u00e9 qui affligeait nos anc\u00eatres \u00e0 tous les \u00e2ges de la vie et la raret\u00e9 des personnes atteignant des \u00e2ges extr\u00eames. Nous allons aujourd\u2019hui pr\u00e9senter quelques facteurs sous-jacents \u00e0 ces &hellip; <\/p>\n<p class=\"link-more\"><a href=\"https:\/\/www.genealogiequebec.com\/blog\/2018\/08\/16\/ce-que-vos-ancetres-peuvent-vous-dire-sur-votre-esperance-de-vie\/\" class=\"more-link\">Continuer la lecture<span class=\"screen-reader-text\"> de &laquo;&nbsp;Ce que vos anc\u00eatres peuvent vous dire sur votre esp\u00e9rance de vie&nbsp;&raquo;<\/span><\/a><\/p>\n","protected":false},"author":1,"featured_media":0,"comment_status":"closed","ping_status":"open","sticky":false,"template":"","format":"standard","meta":{"footnotes":""},"categories":[2],"tags":[],"class_list":["post-749","post","type-post","status-publish","format-standard","hentry","category-articles"],"yoast_head":"<!-- This site is optimized with the Yoast SEO plugin v26.9 - https:\/\/yoast.com\/product\/yoast-seo-wordpress\/ -->\r\n<title>Ce que vos anc\u00eatres peuvent vous dire sur votre esp\u00e9rance de vie - G\u00e9n\u00e9alogie et histoire du Qu\u00e9bec<\/title>\r\n<meta name=\"robots\" content=\"index, follow, max-snippet:-1, max-image-preview:large, max-video-preview:-1\" \/>\r\n<link rel=\"canonical\" href=\"https:\/\/www.genealogiequebec.com\/blog\/2018\/08\/16\/ce-que-vos-ancetres-peuvent-vous-dire-sur-votre-esperance-de-vie\/\" \/>\r\n<meta property=\"og:locale\" content=\"fr_FR\" \/>\r\n<meta property=\"og:type\" content=\"article\" \/>\r\n<meta property=\"og:title\" content=\"Ce que vos anc\u00eatres peuvent vous dire sur votre esp\u00e9rance de vie - G\u00e9n\u00e9alogie et histoire du Qu\u00e9bec\" \/>\r\n<meta property=\"og:description\" content=\"Dans nos deux derni\u00e8res chroniques \u00abMortalit\u00e9 du Qu\u00e9bec sous le R\u00e9gime Fran\u00e7ais\u00bb et \u00abLes premiers centenaires canadiens-fran\u00e7ais au Qu\u00e9bec\u00bb, nous avons successivement \u00e9voqu\u00e9 la forte mortalit\u00e9 qui affligeait nos anc\u00eatres \u00e0 tous les \u00e2ges de la vie et la raret\u00e9 des personnes atteignant des \u00e2ges extr\u00eames. Nous allons aujourd\u2019hui pr\u00e9senter quelques facteurs sous-jacents \u00e0 ces &hellip; Continuer la lecture de &laquo;&nbsp;Ce que vos anc\u00eatres peuvent vous dire sur votre esp\u00e9rance de vie&nbsp;&raquo;\" \/>\r\n<meta property=\"og:url\" content=\"https:\/\/www.genealogiequebec.com\/blog\/2018\/08\/16\/ce-que-vos-ancetres-peuvent-vous-dire-sur-votre-esperance-de-vie\/\" \/>\r\n<meta property=\"og:site_name\" content=\"G\u00e9n\u00e9alogie et histoire du Qu\u00e9bec\" \/>\r\n<meta property=\"article:publisher\" content=\"https:\/\/www.facebook.com\/InstitutDrouin\" \/>\r\n<meta property=\"article:published_time\" content=\"2018-08-16T14:33:04+00:00\" \/>\r\n<meta property=\"article:modified_time\" content=\"2021-03-11T00:12:45+00:00\" \/>\r\n<meta property=\"og:image\" content=\"https:\/\/www.genealogiequebec.com\/blog\/wp-content\/uploads\/2019\/11\/IGD-large.png\" \/>\r\n<meta name=\"author\" content=\"Institut Drouin\" \/>\r\n<meta name=\"twitter:card\" content=\"summary_large_image\" \/>\r\n<meta name=\"twitter:creator\" content=\"@institutdrouin\" \/>\r\n<meta name=\"twitter:site\" content=\"@institutdrouin\" \/>\r\n<meta name=\"twitter:label1\" content=\"\u00c9crit par\" \/>\n\t<meta name=\"twitter:data1\" content=\"Institut Drouin\" \/>\n\t<meta name=\"twitter:label2\" content=\"Dur\u00e9e de lecture estim\u00e9e\" \/>\n\t<meta name=\"twitter:data2\" content=\"3 minutes\" \/>\r\n<script type=\"application\/ld+json\" class=\"yoast-schema-graph\">{\"@context\":\"https:\/\/schema.org\",\"@graph\":[{\"@type\":\"Article\",\"@id\":\"https:\/\/www.genealogiequebec.com\/blog\/2018\/08\/16\/ce-que-vos-ancetres-peuvent-vous-dire-sur-votre-esperance-de-vie\/#article\",\"isPartOf\":{\"@id\":\"https:\/\/www.genealogiequebec.com\/blog\/2018\/08\/16\/ce-que-vos-ancetres-peuvent-vous-dire-sur-votre-esperance-de-vie\/\"},\"author\":{\"name\":\"Institut Drouin\",\"@id\":\"https:\/\/www.genealogiequebec.com\/blog\/#\/schema\/person\/f1083726f11d1f2b6ead79ec5850ca06\"},\"headline\":\"Ce que vos anc\u00eatres peuvent vous dire sur votre esp\u00e9rance de vie\",\"datePublished\":\"2018-08-16T14:33:04+00:00\",\"dateModified\":\"2021-03-11T00:12:45+00:00\",\"mainEntityOfPage\":{\"@id\":\"https:\/\/www.genealogiequebec.com\/blog\/2018\/08\/16\/ce-que-vos-ancetres-peuvent-vous-dire-sur-votre-esperance-de-vie\/\"},\"wordCount\":662,\"publisher\":{\"@id\":\"https:\/\/www.genealogiequebec.com\/blog\/#organization\"},\"image\":{\"@id\":\"https:\/\/www.genealogiequebec.com\/blog\/2018\/08\/16\/ce-que-vos-ancetres-peuvent-vous-dire-sur-votre-esperance-de-vie\/#primaryimage\"},\"thumbnailUrl\":\"https:\/\/www.genealogiequebec.com\/blog\/wp-content\/uploads\/2019\/11\/IGD-large.png\",\"articleSection\":[\"Articles\"],\"inLanguage\":\"fr-FR\"},{\"@type\":\"WebPage\",\"@id\":\"https:\/\/www.genealogiequebec.com\/blog\/2018\/08\/16\/ce-que-vos-ancetres-peuvent-vous-dire-sur-votre-esperance-de-vie\/\",\"url\":\"https:\/\/www.genealogiequebec.com\/blog\/2018\/08\/16\/ce-que-vos-ancetres-peuvent-vous-dire-sur-votre-esperance-de-vie\/\",\"name\":\"Ce que vos anc\u00eatres peuvent vous dire sur votre esp\u00e9rance de vie - G\u00e9n\u00e9alogie et histoire du Qu\u00e9bec\",\"isPartOf\":{\"@id\":\"https:\/\/www.genealogiequebec.com\/blog\/#website\"},\"primaryImageOfPage\":{\"@id\":\"https:\/\/www.genealogiequebec.com\/blog\/2018\/08\/16\/ce-que-vos-ancetres-peuvent-vous-dire-sur-votre-esperance-de-vie\/#primaryimage\"},\"image\":{\"@id\":\"https:\/\/www.genealogiequebec.com\/blog\/2018\/08\/16\/ce-que-vos-ancetres-peuvent-vous-dire-sur-votre-esperance-de-vie\/#primaryimage\"},\"thumbnailUrl\":\"https:\/\/www.genealogiequebec.com\/blog\/wp-content\/uploads\/2019\/11\/IGD-large.png\",\"datePublished\":\"2018-08-16T14:33:04+00:00\",\"dateModified\":\"2021-03-11T00:12:45+00:00\",\"breadcrumb\":{\"@id\":\"https:\/\/www.genealogiequebec.com\/blog\/2018\/08\/16\/ce-que-vos-ancetres-peuvent-vous-dire-sur-votre-esperance-de-vie\/#breadcrumb\"},\"inLanguage\":\"fr-FR\",\"potentialAction\":[{\"@type\":\"ReadAction\",\"target\":[\"https:\/\/www.genealogiequebec.com\/blog\/2018\/08\/16\/ce-que-vos-ancetres-peuvent-vous-dire-sur-votre-esperance-de-vie\/\"]}]},{\"@type\":\"ImageObject\",\"inLanguage\":\"fr-FR\",\"@id\":\"https:\/\/www.genealogiequebec.com\/blog\/2018\/08\/16\/ce-que-vos-ancetres-peuvent-vous-dire-sur-votre-esperance-de-vie\/#primaryimage\",\"url\":\"https:\/\/www.genealogiequebec.com\/blog\/wp-content\/uploads\/2019\/11\/IGD-large.png\",\"contentUrl\":\"https:\/\/www.genealogiequebec.com\/blog\/wp-content\/uploads\/2019\/11\/IGD-large.png\",\"width\":1893,\"height\":621},{\"@type\":\"BreadcrumbList\",\"@id\":\"https:\/\/www.genealogiequebec.com\/blog\/2018\/08\/16\/ce-que-vos-ancetres-peuvent-vous-dire-sur-votre-esperance-de-vie\/#breadcrumb\",\"itemListElement\":[{\"@type\":\"ListItem\",\"position\":1,\"name\":\"Accueil\",\"item\":\"https:\/\/www.genealogiequebec.com\/blog\/\"},{\"@type\":\"ListItem\",\"position\":2,\"name\":\"Articles\",\"item\":\"https:\/\/www.genealogiequebec.com\/blog\/category\/articles\/\"},{\"@type\":\"ListItem\",\"position\":3,\"name\":\"Ce que vos anc\u00eatres peuvent vous dire sur votre esp\u00e9rance de vie\"}]},{\"@type\":\"WebSite\",\"@id\":\"https:\/\/www.genealogiequebec.com\/blog\/#website\",\"url\":\"https:\/\/www.genealogiequebec.com\/blog\/\",\"name\":\"G\u00e9n\u00e9alogie et histoire du Qu\u00e9bec\",\"description\":\"Le blog de l&#039;institut Drouin\",\"publisher\":{\"@id\":\"https:\/\/www.genealogiequebec.com\/blog\/#organization\"},\"potentialAction\":[{\"@type\":\"SearchAction\",\"target\":{\"@type\":\"EntryPoint\",\"urlTemplate\":\"https:\/\/www.genealogiequebec.com\/blog\/?s={search_term_string}\"},\"query-input\":{\"@type\":\"PropertyValueSpecification\",\"valueRequired\":true,\"valueName\":\"search_term_string\"}}],\"inLanguage\":\"fr-FR\"},{\"@type\":\"Organization\",\"@id\":\"https:\/\/www.genealogiequebec.com\/blog\/#organization\",\"name\":\"Institut g\u00e9n\u00e9alogique Drouin\",\"url\":\"https:\/\/www.genealogiequebec.com\/blog\/\",\"logo\":{\"@type\":\"ImageObject\",\"inLanguage\":\"fr-FR\",\"@id\":\"https:\/\/www.genealogiequebec.com\/blog\/#\/schema\/logo\/image\/\",\"url\":\"https:\/\/www.genealogiequebec.com\/blog\/wp-content\/uploads\/2019\/11\/IGD-large.png\",\"contentUrl\":\"https:\/\/www.genealogiequebec.com\/blog\/wp-content\/uploads\/2019\/11\/IGD-large.png\",\"width\":1893,\"height\":621,\"caption\":\"Institut g\u00e9n\u00e9alogique Drouin\"},\"image\":{\"@id\":\"https:\/\/www.genealogiequebec.com\/blog\/#\/schema\/logo\/image\/\"},\"sameAs\":[\"https:\/\/www.facebook.com\/InstitutDrouin\",\"https:\/\/x.com\/institutdrouin\",\"https:\/\/www.instagram.com\/genealogiequebec\/\",\"https:\/\/www.twitter.com\/institutdrouin\"]},{\"@type\":\"Person\",\"@id\":\"https:\/\/www.genealogiequebec.com\/blog\/#\/schema\/person\/f1083726f11d1f2b6ead79ec5850ca06\",\"name\":\"Institut Drouin\",\"image\":{\"@type\":\"ImageObject\",\"inLanguage\":\"fr-FR\",\"@id\":\"https:\/\/www.genealogiequebec.com\/blog\/#\/schema\/person\/image\/\",\"url\":\"https:\/\/secure.gravatar.com\/avatar\/8033ce23576b31b989429c1527bd70a807bbbe88e14f28a4bc5d8892d0bc4e54?s=96&d=mm&r=g\",\"contentUrl\":\"https:\/\/secure.gravatar.com\/avatar\/8033ce23576b31b989429c1527bd70a807bbbe88e14f28a4bc5d8892d0bc4e54?s=96&d=mm&r=g\",\"caption\":\"Institut Drouin\"},\"url\":\"https:\/\/www.genealogiequebec.com\/blog\/author\/institutdrouin\/\"}]}<\/script>\r\n<!-- \/ Yoast SEO plugin. -->","yoast_head_json":{"title":"Ce que vos anc\u00eatres peuvent vous dire sur votre esp\u00e9rance de vie - G\u00e9n\u00e9alogie et histoire du Qu\u00e9bec","robots":{"index":"index","follow":"follow","max-snippet":"max-snippet:-1","max-image-preview":"max-image-preview:large","max-video-preview":"max-video-preview:-1"},"canonical":"https:\/\/www.genealogiequebec.com\/blog\/2018\/08\/16\/ce-que-vos-ancetres-peuvent-vous-dire-sur-votre-esperance-de-vie\/","og_locale":"fr_FR","og_type":"article","og_title":"Ce que vos anc\u00eatres peuvent vous dire sur votre esp\u00e9rance de vie - G\u00e9n\u00e9alogie et histoire du Qu\u00e9bec","og_description":"Dans nos deux derni\u00e8res chroniques \u00abMortalit\u00e9 du Qu\u00e9bec sous le R\u00e9gime Fran\u00e7ais\u00bb et \u00abLes premiers centenaires canadiens-fran\u00e7ais au Qu\u00e9bec\u00bb, nous avons successivement \u00e9voqu\u00e9 la forte mortalit\u00e9 qui affligeait nos anc\u00eatres \u00e0 tous les \u00e2ges de la vie et la raret\u00e9 des personnes atteignant des \u00e2ges extr\u00eames. Nous allons aujourd\u2019hui pr\u00e9senter quelques facteurs sous-jacents \u00e0 ces &hellip; Continuer la lecture de &laquo;&nbsp;Ce que vos anc\u00eatres peuvent vous dire sur votre esp\u00e9rance de vie&nbsp;&raquo;","og_url":"https:\/\/www.genealogiequebec.com\/blog\/2018\/08\/16\/ce-que-vos-ancetres-peuvent-vous-dire-sur-votre-esperance-de-vie\/","og_site_name":"G\u00e9n\u00e9alogie et histoire du Qu\u00e9bec","article_publisher":"https:\/\/www.facebook.com\/InstitutDrouin","article_published_time":"2018-08-16T14:33:04+00:00","article_modified_time":"2021-03-11T00:12:45+00:00","og_image":[{"url":"https:\/\/www.genealogiequebec.com\/blog\/wp-content\/uploads\/2019\/11\/IGD-large.png","type":"","width":"","height":""}],"author":"Institut Drouin","twitter_card":"summary_large_image","twitter_creator":"@institutdrouin","twitter_site":"@institutdrouin","twitter_misc":{"\u00c9crit par":"Institut Drouin","Dur\u00e9e de lecture estim\u00e9e":"3 minutes"},"schema":{"@context":"https:\/\/schema.org","@graph":[{"@type":"Article","@id":"https:\/\/www.genealogiequebec.com\/blog\/2018\/08\/16\/ce-que-vos-ancetres-peuvent-vous-dire-sur-votre-esperance-de-vie\/#article","isPartOf":{"@id":"https:\/\/www.genealogiequebec.com\/blog\/2018\/08\/16\/ce-que-vos-ancetres-peuvent-vous-dire-sur-votre-esperance-de-vie\/"},"author":{"name":"Institut Drouin","@id":"https:\/\/www.genealogiequebec.com\/blog\/#\/schema\/person\/f1083726f11d1f2b6ead79ec5850ca06"},"headline":"Ce que vos anc\u00eatres peuvent vous dire sur votre esp\u00e9rance de vie","datePublished":"2018-08-16T14:33:04+00:00","dateModified":"2021-03-11T00:12:45+00:00","mainEntityOfPage":{"@id":"https:\/\/www.genealogiequebec.com\/blog\/2018\/08\/16\/ce-que-vos-ancetres-peuvent-vous-dire-sur-votre-esperance-de-vie\/"},"wordCount":662,"publisher":{"@id":"https:\/\/www.genealogiequebec.com\/blog\/#organization"},"image":{"@id":"https:\/\/www.genealogiequebec.com\/blog\/2018\/08\/16\/ce-que-vos-ancetres-peuvent-vous-dire-sur-votre-esperance-de-vie\/#primaryimage"},"thumbnailUrl":"https:\/\/www.genealogiequebec.com\/blog\/wp-content\/uploads\/2019\/11\/IGD-large.png","articleSection":["Articles"],"inLanguage":"fr-FR"},{"@type":"WebPage","@id":"https:\/\/www.genealogiequebec.com\/blog\/2018\/08\/16\/ce-que-vos-ancetres-peuvent-vous-dire-sur-votre-esperance-de-vie\/","url":"https:\/\/www.genealogiequebec.com\/blog\/2018\/08\/16\/ce-que-vos-ancetres-peuvent-vous-dire-sur-votre-esperance-de-vie\/","name":"Ce que vos anc\u00eatres peuvent vous dire sur votre esp\u00e9rance de vie - G\u00e9n\u00e9alogie et histoire du Qu\u00e9bec","isPartOf":{"@id":"https:\/\/www.genealogiequebec.com\/blog\/#website"},"primaryImageOfPage":{"@id":"https:\/\/www.genealogiequebec.com\/blog\/2018\/08\/16\/ce-que-vos-ancetres-peuvent-vous-dire-sur-votre-esperance-de-vie\/#primaryimage"},"image":{"@id":"https:\/\/www.genealogiequebec.com\/blog\/2018\/08\/16\/ce-que-vos-ancetres-peuvent-vous-dire-sur-votre-esperance-de-vie\/#primaryimage"},"thumbnailUrl":"https:\/\/www.genealogiequebec.com\/blog\/wp-content\/uploads\/2019\/11\/IGD-large.png","datePublished":"2018-08-16T14:33:04+00:00","dateModified":"2021-03-11T00:12:45+00:00","breadcrumb":{"@id":"https:\/\/www.genealogiequebec.com\/blog\/2018\/08\/16\/ce-que-vos-ancetres-peuvent-vous-dire-sur-votre-esperance-de-vie\/#breadcrumb"},"inLanguage":"fr-FR","potentialAction":[{"@type":"ReadAction","target":["https:\/\/www.genealogiequebec.com\/blog\/2018\/08\/16\/ce-que-vos-ancetres-peuvent-vous-dire-sur-votre-esperance-de-vie\/"]}]},{"@type":"ImageObject","inLanguage":"fr-FR","@id":"https:\/\/www.genealogiequebec.com\/blog\/2018\/08\/16\/ce-que-vos-ancetres-peuvent-vous-dire-sur-votre-esperance-de-vie\/#primaryimage","url":"https:\/\/www.genealogiequebec.com\/blog\/wp-content\/uploads\/2019\/11\/IGD-large.png","contentUrl":"https:\/\/www.genealogiequebec.com\/blog\/wp-content\/uploads\/2019\/11\/IGD-large.png","width":1893,"height":621},{"@type":"BreadcrumbList","@id":"https:\/\/www.genealogiequebec.com\/blog\/2018\/08\/16\/ce-que-vos-ancetres-peuvent-vous-dire-sur-votre-esperance-de-vie\/#breadcrumb","itemListElement":[{"@type":"ListItem","position":1,"name":"Accueil","item":"https:\/\/www.genealogiequebec.com\/blog\/"},{"@type":"ListItem","position":2,"name":"Articles","item":"https:\/\/www.genealogiequebec.com\/blog\/category\/articles\/"},{"@type":"ListItem","position":3,"name":"Ce que vos anc\u00eatres peuvent vous dire sur votre esp\u00e9rance de vie"}]},{"@type":"WebSite","@id":"https:\/\/www.genealogiequebec.com\/blog\/#website","url":"https:\/\/www.genealogiequebec.com\/blog\/","name":"G\u00e9n\u00e9alogie et histoire du Qu\u00e9bec","description":"Le blog de l&#039;institut Drouin","publisher":{"@id":"https:\/\/www.genealogiequebec.com\/blog\/#organization"},"potentialAction":[{"@type":"SearchAction","target":{"@type":"EntryPoint","urlTemplate":"https:\/\/www.genealogiequebec.com\/blog\/?s={search_term_string}"},"query-input":{"@type":"PropertyValueSpecification","valueRequired":true,"valueName":"search_term_string"}}],"inLanguage":"fr-FR"},{"@type":"Organization","@id":"https:\/\/www.genealogiequebec.com\/blog\/#organization","name":"Institut g\u00e9n\u00e9alogique Drouin","url":"https:\/\/www.genealogiequebec.com\/blog\/","logo":{"@type":"ImageObject","inLanguage":"fr-FR","@id":"https:\/\/www.genealogiequebec.com\/blog\/#\/schema\/logo\/image\/","url":"https:\/\/www.genealogiequebec.com\/blog\/wp-content\/uploads\/2019\/11\/IGD-large.png","contentUrl":"https:\/\/www.genealogiequebec.com\/blog\/wp-content\/uploads\/2019\/11\/IGD-large.png","width":1893,"height":621,"caption":"Institut g\u00e9n\u00e9alogique Drouin"},"image":{"@id":"https:\/\/www.genealogiequebec.com\/blog\/#\/schema\/logo\/image\/"},"sameAs":["https:\/\/www.facebook.com\/InstitutDrouin","https:\/\/x.com\/institutdrouin","https:\/\/www.instagram.com\/genealogiequebec\/","https:\/\/www.twitter.com\/institutdrouin"]},{"@type":"Person","@id":"https:\/\/www.genealogiequebec.com\/blog\/#\/schema\/person\/f1083726f11d1f2b6ead79ec5850ca06","name":"Institut Drouin","image":{"@type":"ImageObject","inLanguage":"fr-FR","@id":"https:\/\/www.genealogiequebec.com\/blog\/#\/schema\/person\/image\/","url":"https:\/\/secure.gravatar.com\/avatar\/8033ce23576b31b989429c1527bd70a807bbbe88e14f28a4bc5d8892d0bc4e54?s=96&d=mm&r=g","contentUrl":"https:\/\/secure.gravatar.com\/avatar\/8033ce23576b31b989429c1527bd70a807bbbe88e14f28a4bc5d8892d0bc4e54?s=96&d=mm&r=g","caption":"Institut Drouin"},"url":"https:\/\/www.genealogiequebec.com\/blog\/author\/institutdrouin\/"}]}},"_links":{"self":[{"href":"https:\/\/www.genealogiequebec.com\/blog\/wp-json\/wp\/v2\/posts\/749","targetHints":{"allow":["GET"]}}],"collection":[{"href":"https:\/\/www.genealogiequebec.com\/blog\/wp-json\/wp\/v2\/posts"}],"about":[{"href":"https:\/\/www.genealogiequebec.com\/blog\/wp-json\/wp\/v2\/types\/post"}],"author":[{"embeddable":true,"href":"https:\/\/www.genealogiequebec.com\/blog\/wp-json\/wp\/v2\/users\/1"}],"replies":[{"embeddable":true,"href":"https:\/\/www.genealogiequebec.com\/blog\/wp-json\/wp\/v2\/comments?post=749"}],"version-history":[{"count":8,"href":"https:\/\/www.genealogiequebec.com\/blog\/wp-json\/wp\/v2\/posts\/749\/revisions"}],"predecessor-version":[{"id":2185,"href":"https:\/\/www.genealogiequebec.com\/blog\/wp-json\/wp\/v2\/posts\/749\/revisions\/2185"}],"wp:attachment":[{"href":"https:\/\/www.genealogiequebec.com\/blog\/wp-json\/wp\/v2\/media?parent=749"}],"wp:term":[{"taxonomy":"category","embeddable":true,"href":"https:\/\/www.genealogiequebec.com\/blog\/wp-json\/wp\/v2\/categories?post=749"},{"taxonomy":"post_tag","embeddable":true,"href":"https:\/\/www.genealogiequebec.com\/blog\/wp-json\/wp\/v2\/tags?post=749"}],"curies":[{"name":"wp","href":"https:\/\/api.w.org\/{rel}","templated":true}]}}