{"id":779,"date":"2018-08-30T08:44:06","date_gmt":"2018-08-30T12:44:06","guid":{"rendered":"https:\/\/www.genealogiequebec.com\/blog\/?p=779\/"},"modified":"2018-08-30T08:44:06","modified_gmt":"2018-08-30T12:44:06","slug":"mise-a-jour-du-lafrance-ajout-de-15-000-necrologies-et-nouveaux-articles-de-blog-sur-genealogie-quebec","status":"publish","type":"post","link":"https:\/\/www.genealogiequebec.com\/blog\/2018\/08\/30\/mise-a-jour-du-lafrance-ajout-de-15-000-necrologies-et-nouveaux-articles-de-blog-sur-genealogie-quebec\/","title":{"rendered":"Mise \u00e0 jour du LAFRANCE, ajout de 15 000 n\u00e9crologies et nouveaux articles de blog sur G\u00e9n\u00e9alogie Qu\u00e9bec!"},"content":{"rendered":"<p><a href=\"https:\/\/www.genealogiequebec.com\/blog\/wp-content\/uploads\/2017\/10\/IGD-large.png\"><img decoding=\"async\" class=\"alignnone size-large wp-image-83\" src=\"https:\/\/www.genealogiequebec.com\/blog\/wp-content\/uploads\/2017\/10\/IGD-large-1024x336.png\" alt=\"\" width=\"525\" height=\"172\" srcset=\"https:\/\/www.genealogiequebec.com\/blog\/wp-content\/uploads\/2017\/10\/IGD-large-1024x336.png 1024w, https:\/\/www.genealogiequebec.com\/blog\/wp-content\/uploads\/2017\/10\/IGD-large-300x98.png 300w, https:\/\/www.genealogiequebec.com\/blog\/wp-content\/uploads\/2017\/10\/IGD-large-768x252.png 768w, https:\/\/www.genealogiequebec.com\/blog\/wp-content\/uploads\/2017\/10\/IGD-large.png 1893w\" sizes=\"(max-width: 525px) 100vw, 525px\" \/><\/a><\/p>\n<p>La mise \u00e0 jour bimestrielle du\u00a0<a href=\"https:\/\/www.genealogiequebec.com\/blog\/2017\/10\/01\/le-lafrance\/\" target=\"_blank\" rel=\"noopener\" data-cke-saved-href=\"https:\/\/www.genealogiequebec.com\/blog\/2017\/10\/01\/le-lafrance\/\"><em>LAFRANCE<\/em><\/a>\u00a0a \u00e9t\u00e9 effectu\u00e9e en d\u00e9but de semaine. Les ajouts portent sur les bapt\u00eames et les s\u00e9pultures catholiques du Qu\u00e9bec des ann\u00e9es 1850 \u00e0 1861.<\/p>\n<h2>La mise \u00e0 jour du\u00a0<em>LAFRANCE<\/em>\u00a0en chiffres<\/h2>\n<p>Bapt\u00eames catholiques 1850-1861 :\u00a0<strong>15 585<\/strong> actes ajout\u00e9s<br \/>\nS\u00e9pultures catholiques 1850-1861 :\u00a0<strong>7 132<\/strong> actes ajout\u00e9s<\/p>\n<p>En plus de ces ajouts, les corrections signal\u00e9es par nos utilisateurs au cours des 2 derniers mois ont \u00e9t\u00e9 appliqu\u00e9es.<\/p>\n<h2>\u00c0 propos du\u00a0<em>LAFRANCE<\/em><\/h2>\n<p>Le\u00a0<em>LAFRANCE<\/em>, un des 16 outils offerts aux abonn\u00e9s de\u00a0<a href=\"https:\/\/www.genealogiequebec.com\/fr\/destination-2\" target=\"_blank\" rel=\"noopener\" data-cke-saved-href=\"https:\/\/www.genealogiequebec.com\/fr\/destination-2\">GenealogieQuebec.com<\/a>, est un index d\u00e9taill\u00e9 avec lien au document original de\u00a0<strong>TOUS\u00a0<\/strong>les mariages catholiques du Qu\u00e9bec de 1621 \u00e0 1917,\u00a0<strong>TOUS\u00a0<\/strong>les bapt\u00eames et\u00a0<strong>TOUTES\u00a0<\/strong>les s\u00e9pultures catholiques du Qu\u00e9bec de 1621 \u00e0 1849 ainsi que\u00a0<strong>TOUS\u00a0<\/strong>les mariages protestants du Qu\u00e9bec de 1760 \u00e0 1849. Les bapt\u00eames et s\u00e9pultures de la p\u00e9riode 1850-1861 sont ajout\u00e9s graduellement via des mises \u00e0 jour bimestrielles.<\/p>\n<h2 class=\"null\">Mise \u00e0 jour des Avis de D\u00e9c\u00e8s Journaux<\/h2>\n<p>L&rsquo;outil\u00a0Avis de d\u00e9c\u00e8s journaux, qui se trouve\u00a0dans <a href=\"https:\/\/www.genealogiequebec.com\/blog\/2017\/10\/02\/la-section-necrologe\/\" target=\"_blank\" rel=\"noopener\" data-cke-saved-href=\"https:\/\/www.genealogiequebec.com\/blog\/2017\/10\/02\/la-section-necrologe\/\">la section N\u00e9crologe<\/a> sur\u00a0G\u00e9n\u00e9alogie Qu\u00e9bec, a\u00a0\u00e9t\u00e9 mis \u00e0 jour. Pr\u00e8s\u00a0de <strong>15\u00a0000<\/strong> nouvelles n\u00e9crologies ont \u00e9t\u00e9 ajout\u00e9es, ce qui porte le total \u00e0\u00a0<strong>664 001<\/strong> notices dans l&rsquo;outil.\u00a0Ces n\u00e9crologies sont\u00a0tir\u00e9es de journaux qu\u00e9b\u00e9cois dat\u00e9s de 1945 \u00e0 2015.<\/p>\n<p><img decoding=\"async\" src=\"https:\/\/gallery.mailchimp.com\/2b0f8252c19c3cd9706a29323\/images\/f314cce4-92ef-43bd-9359-91c00be10e14.jpg\" width=\"349\" height=\"325\" data-file-id=\"1535553\" data-cke-saved-src=\"https:\/\/gallery.mailchimp.com\/2b0f8252c19c3cd9706a29323\/images\/f314cce4-92ef-43bd-9359-91c00be10e14.jpg\" \/><\/p>\n<p>Vous pouvez consulter cette collection avec un abonnement \u00e0 G\u00e9n\u00e9alogie Qu\u00e9bec <a href=\"https:\/\/www.genealogiequebec.com\/membership\/fr\/fonds-drouin\/OBITUARIES\" target=\"_blank\" rel=\"noopener\" data-cke-saved-href=\"https:\/\/www.genealogiequebec.com\/membership\/fr\/fonds-drouin\/OBITUARIES\">\u00e0 cette adresse<\/a>.<\/p>\n<h2>Nouveaut\u00e9s sur le blog de l\u2019Institut Drouin<\/h2>\n<p><a href=\"https:\/\/www.genealogiequebec.com\/blog\/2018\/08\/17\/quest-ce-que-genealogie-quebec\/\" target=\"_blank\" rel=\"noopener\" data-cke-saved-href=\"https:\/\/www.genealogiequebec.com\/blog\/2018\/08\/17\/quest-ce-que-genealogie-quebec\/\">Qu&rsquo;est-ce que G\u00e9n\u00e9alogie Qu\u00e9bec?<\/a><\/p>\n<p><a href=\"https:\/\/www.genealogiequebec.com\/blog\/2018\/08\/16\/ce-que-vos-ancetres-peuvent-vous-dire-sur-votre-esperance-de-vie\/\" target=\"_blank\" rel=\"noopener\" data-cke-saved-href=\"https:\/\/www.genealogiequebec.com\/blog\/2018\/08\/16\/ce-que-vos-ancetres-peuvent-vous-dire-sur-votre-esperance-de-vie\/\">Ce que vos anc\u00eatres peuvent vous dire sur votre esp\u00e9rance de vie<\/a>, par Bertrand et Fran\u00e7ois Desjardins<\/p>\n<p>G\u00e9n\u00e9alogiquement v\u00f4tre,<\/p>\n<p>L&rsquo;\u00e9quipe Drouin<\/p>\n","protected":false},"excerpt":{"rendered":"<p>La mise \u00e0 jour bimestrielle du\u00a0LAFRANCE\u00a0a \u00e9t\u00e9 effectu\u00e9e en d\u00e9but de semaine. Les ajouts portent sur les bapt\u00eames et les s\u00e9pultures catholiques du Qu\u00e9bec des ann\u00e9es 1850 \u00e0 1861. La mise \u00e0 jour du\u00a0LAFRANCE\u00a0en chiffres Bapt\u00eames catholiques 1850-1861 :\u00a015 585 actes ajout\u00e9s S\u00e9pultures catholiques 1850-1861 :\u00a07 132 actes ajout\u00e9s En plus de ces ajouts, les &hellip; <\/p>\n<p class=\"link-more\"><a href=\"https:\/\/www.genealogiequebec.com\/blog\/2018\/08\/30\/mise-a-jour-du-lafrance-ajout-de-15-000-necrologies-et-nouveaux-articles-de-blog-sur-genealogie-quebec\/\" class=\"more-link\">Continuer la lecture<span class=\"screen-reader-text\"> de &laquo;&nbsp;Mise \u00e0 jour du LAFRANCE, ajout de 15 000 n\u00e9crologies et nouveaux articles de blog sur G\u00e9n\u00e9alogie Qu\u00e9bec!&nbsp;&raquo;<\/span><\/a><\/p>\n","protected":false},"author":1,"featured_media":0,"comment_status":"closed","ping_status":"open","sticky":false,"template":"","format":"standard","meta":{"footnotes":""},"categories":[4],"tags":[],"class_list":["post-779","post","type-post","status-publish","format-standard","hentry","category-infolettres"],"yoast_head":"<!-- This site is optimized with the Yoast SEO plugin v26.9 - https:\/\/yoast.com\/product\/yoast-seo-wordpress\/ -->\r\n<title>Mise \u00e0 jour du LAFRANCE, ajout de 15 000 n\u00e9crologies et nouveaux articles de blog sur G\u00e9n\u00e9alogie Qu\u00e9bec! - G\u00e9n\u00e9alogie et histoire du Qu\u00e9bec<\/title>\r\n<meta name=\"robots\" content=\"index, follow, max-snippet:-1, max-image-preview:large, max-video-preview:-1\" \/>\r\n<link rel=\"canonical\" href=\"https:\/\/www.genealogiequebec.com\/blog\/2018\/08\/30\/mise-a-jour-du-lafrance-ajout-de-15-000-necrologies-et-nouveaux-articles-de-blog-sur-genealogie-quebec\/\" \/>\r\n<meta property=\"og:locale\" content=\"fr_FR\" \/>\r\n<meta property=\"og:type\" content=\"article\" \/>\r\n<meta property=\"og:title\" content=\"Mise \u00e0 jour du LAFRANCE, ajout de 15 000 n\u00e9crologies et nouveaux articles de blog sur G\u00e9n\u00e9alogie Qu\u00e9bec! - G\u00e9n\u00e9alogie et histoire du Qu\u00e9bec\" \/>\r\n<meta property=\"og:description\" content=\"La mise \u00e0 jour bimestrielle du\u00a0LAFRANCE\u00a0a \u00e9t\u00e9 effectu\u00e9e en d\u00e9but de semaine. Les ajouts portent sur les bapt\u00eames et les s\u00e9pultures catholiques du Qu\u00e9bec des ann\u00e9es 1850 \u00e0 1861. La mise \u00e0 jour du\u00a0LAFRANCE\u00a0en chiffres Bapt\u00eames catholiques 1850-1861 :\u00a015 585 actes ajout\u00e9s S\u00e9pultures catholiques 1850-1861 :\u00a07 132 actes ajout\u00e9s En plus de ces ajouts, les &hellip; Continuer la lecture de &laquo;&nbsp;Mise \u00e0 jour du LAFRANCE, ajout de 15 000 n\u00e9crologies et nouveaux articles de blog sur G\u00e9n\u00e9alogie Qu\u00e9bec!&nbsp;&raquo;\" \/>\r\n<meta property=\"og:url\" content=\"https:\/\/www.genealogiequebec.com\/blog\/2018\/08\/30\/mise-a-jour-du-lafrance-ajout-de-15-000-necrologies-et-nouveaux-articles-de-blog-sur-genealogie-quebec\/\" \/>\r\n<meta property=\"og:site_name\" content=\"G\u00e9n\u00e9alogie et histoire du Qu\u00e9bec\" \/>\r\n<meta property=\"article:publisher\" content=\"https:\/\/www.facebook.com\/InstitutDrouin\" \/>\r\n<meta property=\"article:published_time\" content=\"2018-08-30T12:44:06+00:00\" \/>\r\n<meta property=\"og:image\" content=\"https:\/\/www.genealogiequebec.com\/blog\/wp-content\/uploads\/2017\/10\/IGD-large-1024x336.png\" \/>\r\n<meta name=\"author\" content=\"Institut Drouin\" \/>\r\n<meta name=\"twitter:card\" content=\"summary_large_image\" \/>\r\n<meta name=\"twitter:creator\" content=\"@institutdrouin\" \/>\r\n<meta name=\"twitter:site\" content=\"@institutdrouin\" \/>\r\n<meta name=\"twitter:label1\" content=\"\u00c9crit par\" \/>\n\t<meta name=\"twitter:data1\" content=\"Institut Drouin\" \/>\n\t<meta name=\"twitter:label2\" content=\"Dur\u00e9e de lecture estim\u00e9e\" \/>\n\t<meta name=\"twitter:data2\" content=\"1 minute\" \/>\r\n<script type=\"application\/ld+json\" class=\"yoast-schema-graph\">{\"@context\":\"https:\/\/schema.org\",\"@graph\":[{\"@type\":\"Article\",\"@id\":\"https:\/\/www.genealogiequebec.com\/blog\/2018\/08\/30\/mise-a-jour-du-lafrance-ajout-de-15-000-necrologies-et-nouveaux-articles-de-blog-sur-genealogie-quebec\/#article\",\"isPartOf\":{\"@id\":\"https:\/\/www.genealogiequebec.com\/blog\/2018\/08\/30\/mise-a-jour-du-lafrance-ajout-de-15-000-necrologies-et-nouveaux-articles-de-blog-sur-genealogie-quebec\/\"},\"author\":{\"name\":\"Institut Drouin\",\"@id\":\"https:\/\/www.genealogiequebec.com\/blog\/#\/schema\/person\/f1083726f11d1f2b6ead79ec5850ca06\"},\"headline\":\"Mise \u00e0 jour du LAFRANCE, ajout de 15 000 n\u00e9crologies et nouveaux articles de blog sur G\u00e9n\u00e9alogie Qu\u00e9bec!\",\"datePublished\":\"2018-08-30T12:44:06+00:00\",\"mainEntityOfPage\":{\"@id\":\"https:\/\/www.genealogiequebec.com\/blog\/2018\/08\/30\/mise-a-jour-du-lafrance-ajout-de-15-000-necrologies-et-nouveaux-articles-de-blog-sur-genealogie-quebec\/\"},\"wordCount\":297,\"publisher\":{\"@id\":\"https:\/\/www.genealogiequebec.com\/blog\/#organization\"},\"image\":{\"@id\":\"https:\/\/www.genealogiequebec.com\/blog\/2018\/08\/30\/mise-a-jour-du-lafrance-ajout-de-15-000-necrologies-et-nouveaux-articles-de-blog-sur-genealogie-quebec\/#primaryimage\"},\"thumbnailUrl\":\"https:\/\/www.genealogiequebec.com\/blog\/wp-content\/uploads\/2017\/10\/IGD-large-1024x336.png\",\"articleSection\":[\"Infolettres\"],\"inLanguage\":\"fr-FR\"},{\"@type\":\"WebPage\",\"@id\":\"https:\/\/www.genealogiequebec.com\/blog\/2018\/08\/30\/mise-a-jour-du-lafrance-ajout-de-15-000-necrologies-et-nouveaux-articles-de-blog-sur-genealogie-quebec\/\",\"url\":\"https:\/\/www.genealogiequebec.com\/blog\/2018\/08\/30\/mise-a-jour-du-lafrance-ajout-de-15-000-necrologies-et-nouveaux-articles-de-blog-sur-genealogie-quebec\/\",\"name\":\"Mise \u00e0 jour du LAFRANCE, ajout de 15 000 n\u00e9crologies et nouveaux articles de blog sur G\u00e9n\u00e9alogie Qu\u00e9bec! - G\u00e9n\u00e9alogie et histoire du Qu\u00e9bec\",\"isPartOf\":{\"@id\":\"https:\/\/www.genealogiequebec.com\/blog\/#website\"},\"primaryImageOfPage\":{\"@id\":\"https:\/\/www.genealogiequebec.com\/blog\/2018\/08\/30\/mise-a-jour-du-lafrance-ajout-de-15-000-necrologies-et-nouveaux-articles-de-blog-sur-genealogie-quebec\/#primaryimage\"},\"image\":{\"@id\":\"https:\/\/www.genealogiequebec.com\/blog\/2018\/08\/30\/mise-a-jour-du-lafrance-ajout-de-15-000-necrologies-et-nouveaux-articles-de-blog-sur-genealogie-quebec\/#primaryimage\"},\"thumbnailUrl\":\"https:\/\/www.genealogiequebec.com\/blog\/wp-content\/uploads\/2017\/10\/IGD-large-1024x336.png\",\"datePublished\":\"2018-08-30T12:44:06+00:00\",\"breadcrumb\":{\"@id\":\"https:\/\/www.genealogiequebec.com\/blog\/2018\/08\/30\/mise-a-jour-du-lafrance-ajout-de-15-000-necrologies-et-nouveaux-articles-de-blog-sur-genealogie-quebec\/#breadcrumb\"},\"inLanguage\":\"fr-FR\",\"potentialAction\":[{\"@type\":\"ReadAction\",\"target\":[\"https:\/\/www.genealogiequebec.com\/blog\/2018\/08\/30\/mise-a-jour-du-lafrance-ajout-de-15-000-necrologies-et-nouveaux-articles-de-blog-sur-genealogie-quebec\/\"]}]},{\"@type\":\"ImageObject\",\"inLanguage\":\"fr-FR\",\"@id\":\"https:\/\/www.genealogiequebec.com\/blog\/2018\/08\/30\/mise-a-jour-du-lafrance-ajout-de-15-000-necrologies-et-nouveaux-articles-de-blog-sur-genealogie-quebec\/#primaryimage\",\"url\":\"https:\/\/www.genealogiequebec.com\/blog\/wp-content\/uploads\/2017\/10\/IGD-large.png\",\"contentUrl\":\"https:\/\/www.genealogiequebec.com\/blog\/wp-content\/uploads\/2017\/10\/IGD-large.png\",\"width\":1893,\"height\":621},{\"@type\":\"BreadcrumbList\",\"@id\":\"https:\/\/www.genealogiequebec.com\/blog\/2018\/08\/30\/mise-a-jour-du-lafrance-ajout-de-15-000-necrologies-et-nouveaux-articles-de-blog-sur-genealogie-quebec\/#breadcrumb\",\"itemListElement\":[{\"@type\":\"ListItem\",\"position\":1,\"name\":\"Accueil\",\"item\":\"https:\/\/www.genealogiequebec.com\/blog\/\"},{\"@type\":\"ListItem\",\"position\":2,\"name\":\"Infolettres\",\"item\":\"https:\/\/www.genealogiequebec.com\/blog\/category\/infolettres\/\"},{\"@type\":\"ListItem\",\"position\":3,\"name\":\"Mise \u00e0 jour du LAFRANCE, ajout de 15 000 n\u00e9crologies et nouveaux articles de blog sur G\u00e9n\u00e9alogie Qu\u00e9bec!\"}]},{\"@type\":\"WebSite\",\"@id\":\"https:\/\/www.genealogiequebec.com\/blog\/#website\",\"url\":\"https:\/\/www.genealogiequebec.com\/blog\/\",\"name\":\"G\u00e9n\u00e9alogie et histoire du Qu\u00e9bec\",\"description\":\"Le blog de l&#039;institut Drouin\",\"publisher\":{\"@id\":\"https:\/\/www.genealogiequebec.com\/blog\/#organization\"},\"potentialAction\":[{\"@type\":\"SearchAction\",\"target\":{\"@type\":\"EntryPoint\",\"urlTemplate\":\"https:\/\/www.genealogiequebec.com\/blog\/?s={search_term_string}\"},\"query-input\":{\"@type\":\"PropertyValueSpecification\",\"valueRequired\":true,\"valueName\":\"search_term_string\"}}],\"inLanguage\":\"fr-FR\"},{\"@type\":\"Organization\",\"@id\":\"https:\/\/www.genealogiequebec.com\/blog\/#organization\",\"name\":\"Institut g\u00e9n\u00e9alogique Drouin\",\"url\":\"https:\/\/www.genealogiequebec.com\/blog\/\",\"logo\":{\"@type\":\"ImageObject\",\"inLanguage\":\"fr-FR\",\"@id\":\"https:\/\/www.genealogiequebec.com\/blog\/#\/schema\/logo\/image\/\",\"url\":\"https:\/\/www.genealogiequebec.com\/blog\/wp-content\/uploads\/2019\/11\/IGD-large.png\",\"contentUrl\":\"https:\/\/www.genealogiequebec.com\/blog\/wp-content\/uploads\/2019\/11\/IGD-large.png\",\"width\":1893,\"height\":621,\"caption\":\"Institut g\u00e9n\u00e9alogique Drouin\"},\"image\":{\"@id\":\"https:\/\/www.genealogiequebec.com\/blog\/#\/schema\/logo\/image\/\"},\"sameAs\":[\"https:\/\/www.facebook.com\/InstitutDrouin\",\"https:\/\/x.com\/institutdrouin\",\"https:\/\/www.instagram.com\/genealogiequebec\/\",\"https:\/\/www.twitter.com\/institutdrouin\"]},{\"@type\":\"Person\",\"@id\":\"https:\/\/www.genealogiequebec.com\/blog\/#\/schema\/person\/f1083726f11d1f2b6ead79ec5850ca06\",\"name\":\"Institut Drouin\",\"image\":{\"@type\":\"ImageObject\",\"inLanguage\":\"fr-FR\",\"@id\":\"https:\/\/www.genealogiequebec.com\/blog\/#\/schema\/person\/image\/\",\"url\":\"https:\/\/secure.gravatar.com\/avatar\/8033ce23576b31b989429c1527bd70a807bbbe88e14f28a4bc5d8892d0bc4e54?s=96&d=mm&r=g\",\"contentUrl\":\"https:\/\/secure.gravatar.com\/avatar\/8033ce23576b31b989429c1527bd70a807bbbe88e14f28a4bc5d8892d0bc4e54?s=96&d=mm&r=g\",\"caption\":\"Institut Drouin\"},\"url\":\"https:\/\/www.genealogiequebec.com\/blog\/author\/institutdrouin\/\"}]}<\/script>\r\n<!-- \/ Yoast SEO plugin. -->","yoast_head_json":{"title":"Mise \u00e0 jour du LAFRANCE, ajout de 15 000 n\u00e9crologies et nouveaux articles de blog sur G\u00e9n\u00e9alogie Qu\u00e9bec! - G\u00e9n\u00e9alogie et histoire du Qu\u00e9bec","robots":{"index":"index","follow":"follow","max-snippet":"max-snippet:-1","max-image-preview":"max-image-preview:large","max-video-preview":"max-video-preview:-1"},"canonical":"https:\/\/www.genealogiequebec.com\/blog\/2018\/08\/30\/mise-a-jour-du-lafrance-ajout-de-15-000-necrologies-et-nouveaux-articles-de-blog-sur-genealogie-quebec\/","og_locale":"fr_FR","og_type":"article","og_title":"Mise \u00e0 jour du LAFRANCE, ajout de 15 000 n\u00e9crologies et nouveaux articles de blog sur G\u00e9n\u00e9alogie Qu\u00e9bec! - G\u00e9n\u00e9alogie et histoire du Qu\u00e9bec","og_description":"La mise \u00e0 jour bimestrielle du\u00a0LAFRANCE\u00a0a \u00e9t\u00e9 effectu\u00e9e en d\u00e9but de semaine. Les ajouts portent sur les bapt\u00eames et les s\u00e9pultures catholiques du Qu\u00e9bec des ann\u00e9es 1850 \u00e0 1861. La mise \u00e0 jour du\u00a0LAFRANCE\u00a0en chiffres Bapt\u00eames catholiques 1850-1861 :\u00a015 585 actes ajout\u00e9s S\u00e9pultures catholiques 1850-1861 :\u00a07 132 actes ajout\u00e9s En plus de ces ajouts, les &hellip; Continuer la lecture de &laquo;&nbsp;Mise \u00e0 jour du LAFRANCE, ajout de 15 000 n\u00e9crologies et nouveaux articles de blog sur G\u00e9n\u00e9alogie Qu\u00e9bec!&nbsp;&raquo;","og_url":"https:\/\/www.genealogiequebec.com\/blog\/2018\/08\/30\/mise-a-jour-du-lafrance-ajout-de-15-000-necrologies-et-nouveaux-articles-de-blog-sur-genealogie-quebec\/","og_site_name":"G\u00e9n\u00e9alogie et histoire du Qu\u00e9bec","article_publisher":"https:\/\/www.facebook.com\/InstitutDrouin","article_published_time":"2018-08-30T12:44:06+00:00","og_image":[{"url":"https:\/\/www.genealogiequebec.com\/blog\/wp-content\/uploads\/2017\/10\/IGD-large-1024x336.png","type":"","width":"","height":""}],"author":"Institut Drouin","twitter_card":"summary_large_image","twitter_creator":"@institutdrouin","twitter_site":"@institutdrouin","twitter_misc":{"\u00c9crit par":"Institut Drouin","Dur\u00e9e de lecture estim\u00e9e":"1 minute"},"schema":{"@context":"https:\/\/schema.org","@graph":[{"@type":"Article","@id":"https:\/\/www.genealogiequebec.com\/blog\/2018\/08\/30\/mise-a-jour-du-lafrance-ajout-de-15-000-necrologies-et-nouveaux-articles-de-blog-sur-genealogie-quebec\/#article","isPartOf":{"@id":"https:\/\/www.genealogiequebec.com\/blog\/2018\/08\/30\/mise-a-jour-du-lafrance-ajout-de-15-000-necrologies-et-nouveaux-articles-de-blog-sur-genealogie-quebec\/"},"author":{"name":"Institut Drouin","@id":"https:\/\/www.genealogiequebec.com\/blog\/#\/schema\/person\/f1083726f11d1f2b6ead79ec5850ca06"},"headline":"Mise \u00e0 jour du LAFRANCE, ajout de 15 000 n\u00e9crologies et nouveaux articles de blog sur G\u00e9n\u00e9alogie Qu\u00e9bec!","datePublished":"2018-08-30T12:44:06+00:00","mainEntityOfPage":{"@id":"https:\/\/www.genealogiequebec.com\/blog\/2018\/08\/30\/mise-a-jour-du-lafrance-ajout-de-15-000-necrologies-et-nouveaux-articles-de-blog-sur-genealogie-quebec\/"},"wordCount":297,"publisher":{"@id":"https:\/\/www.genealogiequebec.com\/blog\/#organization"},"image":{"@id":"https:\/\/www.genealogiequebec.com\/blog\/2018\/08\/30\/mise-a-jour-du-lafrance-ajout-de-15-000-necrologies-et-nouveaux-articles-de-blog-sur-genealogie-quebec\/#primaryimage"},"thumbnailUrl":"https:\/\/www.genealogiequebec.com\/blog\/wp-content\/uploads\/2017\/10\/IGD-large-1024x336.png","articleSection":["Infolettres"],"inLanguage":"fr-FR"},{"@type":"WebPage","@id":"https:\/\/www.genealogiequebec.com\/blog\/2018\/08\/30\/mise-a-jour-du-lafrance-ajout-de-15-000-necrologies-et-nouveaux-articles-de-blog-sur-genealogie-quebec\/","url":"https:\/\/www.genealogiequebec.com\/blog\/2018\/08\/30\/mise-a-jour-du-lafrance-ajout-de-15-000-necrologies-et-nouveaux-articles-de-blog-sur-genealogie-quebec\/","name":"Mise \u00e0 jour du LAFRANCE, ajout de 15 000 n\u00e9crologies et nouveaux articles de blog sur G\u00e9n\u00e9alogie Qu\u00e9bec! - G\u00e9n\u00e9alogie et histoire du Qu\u00e9bec","isPartOf":{"@id":"https:\/\/www.genealogiequebec.com\/blog\/#website"},"primaryImageOfPage":{"@id":"https:\/\/www.genealogiequebec.com\/blog\/2018\/08\/30\/mise-a-jour-du-lafrance-ajout-de-15-000-necrologies-et-nouveaux-articles-de-blog-sur-genealogie-quebec\/#primaryimage"},"image":{"@id":"https:\/\/www.genealogiequebec.com\/blog\/2018\/08\/30\/mise-a-jour-du-lafrance-ajout-de-15-000-necrologies-et-nouveaux-articles-de-blog-sur-genealogie-quebec\/#primaryimage"},"thumbnailUrl":"https:\/\/www.genealogiequebec.com\/blog\/wp-content\/uploads\/2017\/10\/IGD-large-1024x336.png","datePublished":"2018-08-30T12:44:06+00:00","breadcrumb":{"@id":"https:\/\/www.genealogiequebec.com\/blog\/2018\/08\/30\/mise-a-jour-du-lafrance-ajout-de-15-000-necrologies-et-nouveaux-articles-de-blog-sur-genealogie-quebec\/#breadcrumb"},"inLanguage":"fr-FR","potentialAction":[{"@type":"ReadAction","target":["https:\/\/www.genealogiequebec.com\/blog\/2018\/08\/30\/mise-a-jour-du-lafrance-ajout-de-15-000-necrologies-et-nouveaux-articles-de-blog-sur-genealogie-quebec\/"]}]},{"@type":"ImageObject","inLanguage":"fr-FR","@id":"https:\/\/www.genealogiequebec.com\/blog\/2018\/08\/30\/mise-a-jour-du-lafrance-ajout-de-15-000-necrologies-et-nouveaux-articles-de-blog-sur-genealogie-quebec\/#primaryimage","url":"https:\/\/www.genealogiequebec.com\/blog\/wp-content\/uploads\/2017\/10\/IGD-large.png","contentUrl":"https:\/\/www.genealogiequebec.com\/blog\/wp-content\/uploads\/2017\/10\/IGD-large.png","width":1893,"height":621},{"@type":"BreadcrumbList","@id":"https:\/\/www.genealogiequebec.com\/blog\/2018\/08\/30\/mise-a-jour-du-lafrance-ajout-de-15-000-necrologies-et-nouveaux-articles-de-blog-sur-genealogie-quebec\/#breadcrumb","itemListElement":[{"@type":"ListItem","position":1,"name":"Accueil","item":"https:\/\/www.genealogiequebec.com\/blog\/"},{"@type":"ListItem","position":2,"name":"Infolettres","item":"https:\/\/www.genealogiequebec.com\/blog\/category\/infolettres\/"},{"@type":"ListItem","position":3,"name":"Mise \u00e0 jour du LAFRANCE, ajout de 15 000 n\u00e9crologies et nouveaux articles de blog sur G\u00e9n\u00e9alogie Qu\u00e9bec!"}]},{"@type":"WebSite","@id":"https:\/\/www.genealogiequebec.com\/blog\/#website","url":"https:\/\/www.genealogiequebec.com\/blog\/","name":"G\u00e9n\u00e9alogie et histoire du Qu\u00e9bec","description":"Le blog de l&#039;institut Drouin","publisher":{"@id":"https:\/\/www.genealogiequebec.com\/blog\/#organization"},"potentialAction":[{"@type":"SearchAction","target":{"@type":"EntryPoint","urlTemplate":"https:\/\/www.genealogiequebec.com\/blog\/?s={search_term_string}"},"query-input":{"@type":"PropertyValueSpecification","valueRequired":true,"valueName":"search_term_string"}}],"inLanguage":"fr-FR"},{"@type":"Organization","@id":"https:\/\/www.genealogiequebec.com\/blog\/#organization","name":"Institut g\u00e9n\u00e9alogique Drouin","url":"https:\/\/www.genealogiequebec.com\/blog\/","logo":{"@type":"ImageObject","inLanguage":"fr-FR","@id":"https:\/\/www.genealogiequebec.com\/blog\/#\/schema\/logo\/image\/","url":"https:\/\/www.genealogiequebec.com\/blog\/wp-content\/uploads\/2019\/11\/IGD-large.png","contentUrl":"https:\/\/www.genealogiequebec.com\/blog\/wp-content\/uploads\/2019\/11\/IGD-large.png","width":1893,"height":621,"caption":"Institut g\u00e9n\u00e9alogique Drouin"},"image":{"@id":"https:\/\/www.genealogiequebec.com\/blog\/#\/schema\/logo\/image\/"},"sameAs":["https:\/\/www.facebook.com\/InstitutDrouin","https:\/\/x.com\/institutdrouin","https:\/\/www.instagram.com\/genealogiequebec\/","https:\/\/www.twitter.com\/institutdrouin"]},{"@type":"Person","@id":"https:\/\/www.genealogiequebec.com\/blog\/#\/schema\/person\/f1083726f11d1f2b6ead79ec5850ca06","name":"Institut Drouin","image":{"@type":"ImageObject","inLanguage":"fr-FR","@id":"https:\/\/www.genealogiequebec.com\/blog\/#\/schema\/person\/image\/","url":"https:\/\/secure.gravatar.com\/avatar\/8033ce23576b31b989429c1527bd70a807bbbe88e14f28a4bc5d8892d0bc4e54?s=96&d=mm&r=g","contentUrl":"https:\/\/secure.gravatar.com\/avatar\/8033ce23576b31b989429c1527bd70a807bbbe88e14f28a4bc5d8892d0bc4e54?s=96&d=mm&r=g","caption":"Institut Drouin"},"url":"https:\/\/www.genealogiequebec.com\/blog\/author\/institutdrouin\/"}]}},"_links":{"self":[{"href":"https:\/\/www.genealogiequebec.com\/blog\/wp-json\/wp\/v2\/posts\/779","targetHints":{"allow":["GET"]}}],"collection":[{"href":"https:\/\/www.genealogiequebec.com\/blog\/wp-json\/wp\/v2\/posts"}],"about":[{"href":"https:\/\/www.genealogiequebec.com\/blog\/wp-json\/wp\/v2\/types\/post"}],"author":[{"embeddable":true,"href":"https:\/\/www.genealogiequebec.com\/blog\/wp-json\/wp\/v2\/users\/1"}],"replies":[{"embeddable":true,"href":"https:\/\/www.genealogiequebec.com\/blog\/wp-json\/wp\/v2\/comments?post=779"}],"version-history":[{"count":2,"href":"https:\/\/www.genealogiequebec.com\/blog\/wp-json\/wp\/v2\/posts\/779\/revisions"}],"predecessor-version":[{"id":782,"href":"https:\/\/www.genealogiequebec.com\/blog\/wp-json\/wp\/v2\/posts\/779\/revisions\/782"}],"wp:attachment":[{"href":"https:\/\/www.genealogiequebec.com\/blog\/wp-json\/wp\/v2\/media?parent=779"}],"wp:term":[{"taxonomy":"category","embeddable":true,"href":"https:\/\/www.genealogiequebec.com\/blog\/wp-json\/wp\/v2\/categories?post=779"},{"taxonomy":"post_tag","embeddable":true,"href":"https:\/\/www.genealogiequebec.com\/blog\/wp-json\/wp\/v2\/tags?post=779"}],"curies":[{"name":"wp","href":"https:\/\/api.w.org\/{rel}","templated":true}]}}